{"id":768080,"date":"2026-02-03T07:02:11","date_gmt":"2026-02-03T07:02:11","guid":{"rendered":"https:\/\/www.europesays.com\/de\/768080\/"},"modified":"2026-02-03T07:02:11","modified_gmt":"2026-02-03T07:02:11","slug":"zuschuesse-der-stadt-stuttgart-manche-foerderprogramme-rund-ums-heizen-laufen-vorerst-weiter","status":"publish","type":"post","link":"https:\/\/www.europesays.com\/de\/768080\/","title":{"rendered":"Zusch\u00fcsse der Stadt Stuttgart: Manche F\u00f6rderprogramme rund ums Heizen laufen vorerst weiter"},"content":{"rendered":"<p>\t\t\t\t\t\t\t\t\t\t\t\t\t\t\t\t\t\t\t\t\t\t\t\t\t\t\t\t      \t\t            \t\t             \t\t\t\t   \t\t\t\t\t   <img decoding=\"async\" id=\"article-image\" fetchpriority=\"high\" alt=\"Zusch\u00fcsse der Stadt Stuttgart: Manche F\u00f6rderprogramme rund ums Heizen laufen vorerst weiter\" title=\"Zusch\u00fcsse der Stadt Stuttgart: Manche F\u00f6rderprogramme rund ums Heizen laufen vorerst weiter\" src=\"https:\/\/www.europesays.com\/de\/wp-content\/uploads\/2026\/02\/media.media.c5ae0608-bcf5-4782-9fe7-a861375cafe2.16x9_700.jpg\" data-linkto=\"https:\/\/www.stuttgarter-nachrichten.de\/javascript:void(0);\"\/>\t\t\t\t\t\t\t\t\t\t\t\t\t\t\t\t\t\t\t\t\t\t\t\tIm Gegensatz zu vielen anderen St\u00e4dten unterst\u00fctzt Stuttgart die B\u00fcrger finanziell bei D\u00e4mmung, Solaranlage und Heizung. Die F\u00f6rders\u00e4tze werden aber sinken.\u00a0Foto: \u00a0\t\t\t<\/p>\n<p>Zusch\u00fcsse f\u00fcrs Heizen und D\u00e4mmen oder f\u00fcr eine Solaranlage werden in Stuttgart deutlich gek\u00fcrzt. Doch wer schnell entschlossen ist: die alten S\u00e4tze gelten f\u00fcr manche Programme noch.<\/p>\n<p>Gleich f\u00fcnf verschiedene F\u00f6rderprogramme rund um das Thema <a href=\"https:\/\/www.stuttgarter-nachrichten.de\/thema\/Energie\" title=\"Energie\" class=\"art_thema\" rel=\"nofollow noopener\" target=\"_blank\">Energie<\/a> hat die Stadt <a href=\"https:\/\/www.stuttgarter-nachrichten.de\/thema\/Stuttgart\" title=\"Stuttgart\" class=\"art_thema\" rel=\"nofollow noopener\" target=\"_blank\">Stuttgart<\/a> im Angebot, doch sie alle werden abgespeckt oder ganz eingestellt \u2013 auch das sind Folgen der starken K\u00fcrzungen, die die Stadt in ihrem neuen Haushalt vornehmen musste. <\/p>\n<p>Wer als B\u00fcrger aber sowieso plant, sein Geb\u00e4ude zu d\u00e4mmen, eine neue <a href=\"https:\/\/www.stuttgarter-nachrichten.de\/thema\/Heizung\" title=\"Heizung\" class=\"art_thema\" rel=\"nofollow noopener\" target=\"_blank\">Heizung<\/a> einzubauen oder eine <a href=\"https:\/\/www.stuttgarter-nachrichten.de\/thema\/Solaranlage\" title=\"Solaranlage\" class=\"art_thema\" rel=\"nofollow noopener\" target=\"_blank\">Solaranlage<\/a> installieren zu lassen, sollte sich sputen: Denn einige Programme laufen vorerst weiter, bis neue F\u00f6rderregeln erarbeitet sind. Das soll im Fr\u00fchjahr der Fall sein. Konkret will die Stadt n\u00e4mlich nicht \u00fcberall gleich stark sparen, sondern politische Akzente setzen. Wie diese aussehen, steht aber noch nicht fest.<\/p>\n<p>F\u00fcr drei Programme kann man in Stuttgart noch Antr\u00e4ge stellen <\/p>\n<p>Solange gelten folgende Programme fort: das <a href=\"https:\/\/www.stuttgart.de\/leben\/wohnen\/wohnbaufoerderung\/energiesparprogramm\" target=\"_blank\" rel=\"nofollow noopener\">Energiesparprogramm<\/a> f\u00fcr die energetische Sanierung von Geb\u00e4uden, das <a href=\"https:\/\/www.stuttgart.de\/heizungsprogramm#das-heizungsprogramm\" target=\"_blank\" rel=\"nofollow noopener\">Heizungsprogramm<\/a> f\u00fcr den Heizungstausch sowie die <a href=\"https:\/\/www.stuttgart.de\/leben\/umwelt\/energie\/foerderprogramme\/solaroffensive\" target=\"_blank\" rel=\"nofollow noopener\">Solaroffensive<\/a> f\u00fcr die Installation von Photovoltaikanlage oder Balkonkraftwerk. <\/p>\n<p>Beim Energiesparprogramm k\u00f6nnen bislang, je nach Effizienzhaus-Standard, 15 bis 25 Prozent der f\u00f6rderf\u00e4higen Kosten als Zuschuss beantragt werden. Besonders interessant: Wie Sven Matis, der Sprecher der Stadt Stuttgart, betont, kann der st\u00e4dtische Zuschuss mit der KfW-F\u00f6rderung des Bundes kombiniert werden.<\/p>\n<p>Beim Heizungsprogramm kann man derzeit noch beim Einbau einer Pelletanlage zehn Prozent, beim Einbau einer W\u00e4rmepumpe sogar 15 Prozent der Investitionskosten von der Stadt erstattet bekommen. Auch hier gilt: dieser Zuschuss darf zus\u00e4tzlich zur F\u00f6rderung des Bundes nach dem Heizungsgesetz beantragt werden. Einzige Einschr\u00e4nkung ist, dass die Gesamtf\u00f6rderung bei maximal 60 Prozent liegen darf. <\/p>\n<p>Bei der Solaroffensive schie\u00dft die Stadt bisher maximal 350 Euro je Kilowattpeak zu, bei einer Anlage auf einem Einfamilienhaus k\u00f6nnen das also bis zu 3000 Euro sein. Balkonkraftwerke wurden bisher mit pauschal 200 Euro gef\u00f6rdert. Wie aus dem Gemeinderat zu h\u00f6ren war, wackelt dieser Zuschuss stark; bisher wird die F\u00f6rderung aber auf den Seiten der Stadt noch angeboten.<\/p>\n<p>Bereits ganz gestoppt hat die Stadt dagegen zum Jahresbeginn den Zuschuss f\u00fcr den Tausch von Elektroger\u00e4ten. Wer bisher eine neue stromsparende Waschmaschine oder einen entsprechenden K\u00fchlschrank gekauft hatte, erhielt bisher bis zu 150 Euro. Das ist gestrichen.<\/p>\n<p>Ebenso zum 1. Januar eingestellt ist die st\u00e4dtische Finanzhilfe f\u00fcr das private Laden von Elektroautos. F\u00fcr Vorarbeiten rund um eine Wallbox konnte man ebenfalls eine F\u00f6rderung erhalten.<\/p>\n","protected":false},"excerpt":{"rendered":"Im Gegensatz zu vielen anderen St\u00e4dten unterst\u00fctzt Stuttgart die B\u00fcrger finanziell bei D\u00e4mmung, Solaranlage und Heizung. Die F\u00f6rders\u00e4tze&hellip;\n","protected":false},"author":2,"featured_media":768081,"comment_status":"","ping_status":"","sticky":false,"template":"","format":"standard","meta":{"footnotes":"","_share_on_mastodon":"0"},"categories":[1830],"tags":[1634,74554,3364,29,1149,21646,30,632,6770,1441],"class_list":["post-768080","post","type-post","status-publish","format-standard","has-post-thumbnail","category-stuttgart","tag-baden-wuerttemberg","tag-daemmung","tag-de","tag-deutschland","tag-energie","tag-foerderprogramm","tag-germany","tag-heizung","tag-solaranlage","tag-stuttgart"],"share_on_mastodon":{"url":"https:\/\/pubeurope.com\/@de\/116005420751543979","error":""},"_links":{"self":[{"href":"https:\/\/www.europesays.com\/de\/wp-json\/wp\/v2\/posts\/768080","targetHints":{"allow":["GET"]}}],"collection":[{"href":"https:\/\/www.europesays.com\/de\/wp-json\/wp\/v2\/posts"}],"about":[{"href":"https:\/\/www.europesays.com\/de\/wp-json\/wp\/v2\/types\/post"}],"author":[{"embeddable":true,"href":"https:\/\/www.europesays.com\/de\/wp-json\/wp\/v2\/users\/2"}],"replies":[{"embeddable":true,"href":"https:\/\/www.europesays.com\/de\/wp-json\/wp\/v2\/comments?post=768080"}],"version-history":[{"count":0,"href":"https:\/\/www.europesays.com\/de\/wp-json\/wp\/v2\/posts\/768080\/revisions"}],"wp:featuredmedia":[{"embeddable":true,"href":"https:\/\/www.europesays.com\/de\/wp-json\/wp\/v2\/media\/768081"}],"wp:attachment":[{"href":"https:\/\/www.europesays.com\/de\/wp-json\/wp\/v2\/media?parent=768080"}],"wp:term":[{"taxonomy":"category","embeddable":true,"href":"https:\/\/www.europesays.com\/de\/wp-json\/wp\/v2\/categories?post=768080"},{"taxonomy":"post_tag","embeddable":true,"href":"https:\/\/www.europesays.com\/de\/wp-json\/wp\/v2\/tags?post=768080"}],"curies":[{"name":"wp","href":"https:\/\/api.w.org\/{rel}","templated":true}]}}