{"id":768249,"date":"2026-02-03T08:40:15","date_gmt":"2026-02-03T08:40:15","guid":{"rendered":"https:\/\/www.europesays.com\/de\/768249\/"},"modified":"2026-02-03T08:40:15","modified_gmt":"2026-02-03T08:40:15","slug":"florian-hager-hr-intendant-weist-kloeckners-kritik-an-oeffentlich-rechtlichen-zurueck","status":"publish","type":"post","link":"https:\/\/www.europesays.com\/de\/768249\/","title":{"rendered":"Florian Hager: HR-Intendant weist Kl\u00f6ckners Kritik an \u00d6ffentlich-Rechtlichen zur\u00fcck"},"content":{"rendered":"<p class=\"paragraph article__item\">Der ARD-Vorsitzende Florian Hager hat die Kritik von Bundestagspr\u00e4sidentin <a class=\"rtr-entity\" href=\"https:\/\/www.zeit.de\/thema\/julia-kloeckner\" rel=\"nofollow noopener\" target=\"_blank\">Julia Kl\u00f6ckner<\/a> (CDU) am<br \/>\nAngebot der \u00f6ffentlich-rechtlichen Sender zur\u00fcckgewiesen. Kl\u00f6ckner habe zur<br \/>\nangeblichen Diskrepanz zwischen ver\u00f6ffentlichter und \u00f6ffentlicher<br \/>\nMeinung eine &#8222;steile These&#8220; formuliert, sagte er. &#8222;Im digitalen Zeitalter trifft<br \/>\ndas einfach nicht mehr den Punkt. Es gibt so viele ver\u00f6ffentlichte<br \/>\nMeinungen&#8220;, sagte der Intendant des Hessischen Rundfunks (HR) der Frankfurter Allgemeinen Zeitung.\n<\/p>\n<p class=\"paragraph article__item\"><a href=\"https:\/\/www.zeit.de\/politik\/deutschland\/2026-01\/julia-kloeckner-oeffentlich-rechtlicher-rundfunk-selbstreflexion\" class=\"\" target=\"_blank\" rel=\"nofollow noopener\">Kl\u00f6ckner hatte der Bild am Sonntag<\/a>\u00a0gesagt:<br \/>\n&#8222;Ich verteidige den \u00f6ffentlich-rechtlichen Rundfunk, aber er muss sich<br \/>\nauch Fragen stellen lassen. Nach der Effizienz, der Neutralit\u00e4t, der<br \/>\nAusgewogenheit.&#8220; Es werde schwierig, &#8222;wenn die ver\u00f6ffentlichte Meinung<br \/>\nsich immer mehr von der \u00f6ffentlichen Meinung verabschiedet&#8220;, sagte die Parlamentspr\u00e4sidentin und forderte &#8222;eine selbstreflektierende<br \/>\nKorrektur&#8220;\u00a0bei den <a href=\"https:\/\/www.zeit.de\/kultur\/2026-01\/oeffentlich-rechtlicher-rundfunk-polen-pressefreiheit-pr-tvp\" class=\"\" target=\"_blank\" rel=\"nofollow noopener\">\u00d6ffentlich-Rechtlichen<\/a>.\n<\/p>\n<p>        Konkrete Kritik erw\u00fcnscht        <\/p>\n<p class=\"paragraph article__item\">Hager sagte, zum Thema Neutralit\u00e4t lie\u00dfe sich viel sagen, das Wort komme in der Beschreibung des Auftrags der Sender aber gar nicht vor. &#8222;Dort stehen die Worte Objektivit\u00e4t und \u00dcberparteilichkeit&#8220;, sagte er. Das m\u00fcsse Kl\u00f6ckner als fr\u00fcheres Rundfunkratsmitglied des SWR eigentlich wissen, sagte Hager.\n<\/p>\n<p class=\"paragraph article__item\">&#8222;Unser Job ist es, allen Menschen ein Angebot zu machen&#8220;, f\u00fchrte der ARD-Vorsitzende aus: &#8222;Mit Themen, die sie bewegen, \u00fcber die sie lachen oder auch weinen k\u00f6nnen. Mit Geschichten, in denen sie sich wiederfinden. Mit Angeboten, bei denen es um Zuh\u00f6ren und Verstehen geht, nicht darum, zu belehren.&#8220;<\/p>\n<p class=\"paragraph article__item\">Kritik stelle man sich, sagte Hager. Je konkreter sie sei, &#8222;desto besser k\u00f6nnen wir damit umgehen. Aber raunend zu fordern, &#8218;man m\u00fcsse sich Fragen stellen&#8216;, hilft uns wie im \u00dcbrigen auch keiner anderen Institution weiter.&#8220;\n<\/p>\n<p>Mehr zum Thema<\/p>\n<p>            \u00d6ffentlich-Rechtliche        <\/p>\n<p>                <a href=\"https:\/\/www.zeit.de\/kultur\/2025-12\/rbb-joerg-wagner-eingriff-ulrike-demmer-gxe\" data-ct-label=\"&quot;Medienmagazin&quot;: RBB weist Vorw\u00fcrfe des &quot;Medienmagazin&quot;-Moderators J\u00f6rg Wagner zur\u00fcck\" data-uuid=\"e96c7e05-3110-4906-954a-003dc643ca0a\" rel=\"nofollow noopener\" target=\"_blank\"><\/p>\n<p>                        &#8222;Medienmagazin&#8220;:<br \/>\n                        RBB weist Vorw\u00fcrfe des &#8222;Medienmagazin&#8220;-Moderators J\u00f6rg Wagner zur\u00fcck<\/p>\n<p>                <\/a><\/p>\n<p>                <a href=\"https:\/\/www.zeit.de\/kultur\/film\/2025-11\/jan-fleischhauer-zdf-sendung-fernsehen-keine-talkshow\" data-ct-label=\"Jan Fleischhauer: &quot;Ich hab vor allem Feindpresse abonniert&quot;\" data-uuid=\"4082d85f-64e3-4967-9994-e24d1df4fc29\" rel=\"nofollow noopener\" target=\"_blank\"><\/p>\n<p>        Z+ (abopflichtiger Inhalt);<\/p>\n<p>    Jan Fleischhauer:<br \/>\n                        &#8222;Ich hab vor allem Feindpresse abonniert&#8220;<\/p>\n<p>                <\/a><\/p>\n<p>                <a href=\"https:\/\/www.zeit.de\/2025\/52\/sophie-von-der-tann-ard-israel-korrespondentin-kritik\" data-ct-label=\"Sophie von der Tann \u2022 Z+ Empfehlung: Ein hoher Preis\" data-uuid=\"07d51492-ad0c-4112-a505-53133fbe8d06\" rel=\"nofollow noopener\" target=\"_blank\"><\/p>\n<p>        Z+ (abopflichtiger Inhalt);<\/p>\n<p>    Sophie von der Tann \u2022 Z+ Empfehlung:<br \/>\n                        Ein hoher Preis<\/p>\n<p>                <\/a><\/p>\n","protected":false},"excerpt":{"rendered":"Der ARD-Vorsitzende Florian Hager hat die Kritik von Bundestagspr\u00e4sidentin Julia Kl\u00f6ckner (CDU) am Angebot der \u00f6ffentlich-rechtlichen Sender zur\u00fcckgewiesen.&hellip;\n","protected":false},"author":2,"featured_media":768250,"comment_status":"","ping_status":"","sticky":false,"template":"","format":"standard","meta":{"footnotes":"","_share_on_mastodon":"0"},"categories":[1773],"tags":[223,29,214,174544,30,28296,1229,16,471,1780,215],"class_list":["post-768249","post","type-post","status-publish","format-standard","has-post-thumbnail","category-serien","tag-ard","tag-deutschland","tag-entertainment","tag-florian-hager","tag-germany","tag-julia-kloeckner","tag-kritik","tag-politik","tag-serien","tag-series","tag-unterhaltung"],"share_on_mastodon":{"url":"https:\/\/pubeurope.com\/@de\/116005806113909259","error":""},"_links":{"self":[{"href":"https:\/\/www.europesays.com\/de\/wp-json\/wp\/v2\/posts\/768249","targetHints":{"allow":["GET"]}}],"collection":[{"href":"https:\/\/www.europesays.com\/de\/wp-json\/wp\/v2\/posts"}],"about":[{"href":"https:\/\/www.europesays.com\/de\/wp-json\/wp\/v2\/types\/post"}],"author":[{"embeddable":true,"href":"https:\/\/www.europesays.com\/de\/wp-json\/wp\/v2\/users\/2"}],"replies":[{"embeddable":true,"href":"https:\/\/www.europesays.com\/de\/wp-json\/wp\/v2\/comments?post=768249"}],"version-history":[{"count":0,"href":"https:\/\/www.europesays.com\/de\/wp-json\/wp\/v2\/posts\/768249\/revisions"}],"wp:featuredmedia":[{"embeddable":true,"href":"https:\/\/www.europesays.com\/de\/wp-json\/wp\/v2\/media\/768250"}],"wp:attachment":[{"href":"https:\/\/www.europesays.com\/de\/wp-json\/wp\/v2\/media?parent=768249"}],"wp:term":[{"taxonomy":"category","embeddable":true,"href":"https:\/\/www.europesays.com\/de\/wp-json\/wp\/v2\/categories?post=768249"},{"taxonomy":"post_tag","embeddable":true,"href":"https:\/\/www.europesays.com\/de\/wp-json\/wp\/v2\/tags?post=768249"}],"curies":[{"name":"wp","href":"https:\/\/api.w.org\/{rel}","templated":true}]}}