{"id":768386,"date":"2026-02-03T09:57:10","date_gmt":"2026-02-03T09:57:10","guid":{"rendered":"https:\/\/www.europesays.com\/de\/768386\/"},"modified":"2026-02-03T09:57:10","modified_gmt":"2026-02-03T09:57:10","slug":"100-km-berlin-2026-ergebnisse-anmeldung","status":"publish","type":"post","link":"https:\/\/www.europesays.com\/de\/768386\/","title":{"rendered":"100 km Berlin 2026: Ergebnisse &#038; Anmeldung"},"content":{"rendered":"<p>Die Herausforderung wartet auf Dich \u2013 100 Kilometer quer durch Berlin<\/p>\n<p>Der <strong>Deutsche Ultramarathon Meisterschaften<\/strong> im 100km-Stra\u00dfenlauf ist ein Rennen, das deine Ausdauer und Strategie und auf die Probe stellt. Auf einem flachen 5-km-Rundkurs durch die Wartenberger Feldmark kannst Du die ganze Kraft Deiner Beine sp\u00fcren und gleichzeitig die \u00fcberraschenden Facetten der Berliner Vorstadt genie\u00dfen. Ob Tempojagd oder cleveres Einteilen der Kr\u00e4fte \u2013 jede Runde z\u00e4hlt.<\/p>\n<p> Die Strecke \u2013 immer wieder neue Blickwinkel<\/p>\n<p>Start und Ziel liegen im Stadion Wartenberg. Von dort aus geht es auf die Runde durch Parks, Wiesen und ruhige Stra\u00dfen. Unterwegs begegnen Dir kleine Details, die Berlin-Lichtenberg lebendig machen: von historischen Hofanlagen \u00fcber versteckte Gr\u00fcnfl\u00e4chen bis hin zu modernen Sportanlagen. Wer m\u00f6chte, kann das Rennen mit Spazierg\u00e4ngen durch den Landschaftspark verbinden oder nach dem Lauf die Umgebung erkunden.<\/p>\n<p>Teilnahme und Wettbewerbsoptionen<\/p>\n<ul>\n<li><strong>Einzelstarter:<\/strong> 100 Kilometer auf Bruttozeit \u2013 die volle Distanz f\u00fcr alle, die sich mit den Besten messen wollen<\/li>\n<li><strong>Staffel:<\/strong> 4&#215;25 km \u2013 die Strecke in Teamarbeit bew\u00e4ltigen und gleichzeitig den Ehrgeiz gemeinsam teilen<\/li>\n<li><strong>Rahmenwettbewerbe:<\/strong> Offene 100 km, 10 km oder 5 km \u2013 ideal, wenn Du die Atmosph\u00e4re sp\u00fcren willst, ohne die volle Distanz zu laufen<\/li>\n<\/ul>\n<p>Wichtige Hinweise f\u00fcr Teilnehmer<\/p>\n<ul>\n<li><strong>Startzeiten:<\/strong> Alle Klassen starten fr\u00fch am Morgen, Zielschluss liegt 13 Stunden sp\u00e4ter \u2013 ein Marathon im Marathon<\/li>\n<li><strong>Briefing:<\/strong> Vor dem Start gibt es ein kurzes Treffen, um letzte Hinweise zu geben und die Atmosph\u00e4re zu sp\u00fcren<\/li>\n<li><strong>Unterkunft &amp; Anreise:<\/strong> Stadion Wartenberg liegt verkehrsg\u00fcnstig, S-Bahn Station Wartenberg nur wenige Schritte entfernt. Parkpl\u00e4tze sind in der N\u00e4he verf\u00fcgbar, f\u00fcr \u00dcbernachtungen gibt es zahlreiche Optionen im Umkreis<\/li>\n<li><strong>Regeln:<\/strong> Teilnahmeberechtigung richtet sich nach den aktuellen DUV- und DLV-Bestimmungen. Ein \u00e4rztliches Attest wird empfohlen, um die eigene Sicherheit zu gew\u00e4hrleisten.<\/li>\n<\/ul>\n<p>Die Deutschen Ultramarathon Meisterschaften bieten nicht nur ein Rennen, sondern eine Mischung aus k\u00f6rperlicher Herausforderung, taktischem Denken und der M\u00f6glichkeit, Berlin von einer ungew\u00f6hnlichen Perspektive zu erleben. Jede Runde bringt neue Eindr\u00fccke, jeder Kilometer z\u00e4hlt, und am Ende wartet die Gewissheit, dass Du etwas geschafft hast, was nur wenige wagen.<\/p>\n","protected":false},"excerpt":{"rendered":"Die Herausforderung wartet auf Dich \u2013 100 Kilometer quer durch Berlin Der Deutsche Ultramarathon Meisterschaften im 100km-Stra\u00dfenlauf ist&hellip;\n","protected":false},"author":2,"featured_media":768387,"comment_status":"","ping_status":"","sticky":false,"template":"","format":"standard","meta":{"footnotes":"","_share_on_mastodon":"0"},"categories":[1825],"tags":[174565,3592,296,73,29,9903,4447,72,30,5883,40812,9247,174566],"class_list":["post-768386","post","type-post","status-publish","format-standard","has-post-thumbnail","category-berlin","tag-100-km-berlin","tag-anmeldung","tag-berlin","tag-bilder","tag-deutschland","tag-ergebnisse","tag-events","tag-fotos","tag-germany","tag-laufen","tag-laufevent","tag-termin","tag-ultralauf"],"share_on_mastodon":{"url":"https:\/\/pubeurope.com\/@de\/116006108846421452","error":""},"_links":{"self":[{"href":"https:\/\/www.europesays.com\/de\/wp-json\/wp\/v2\/posts\/768386","targetHints":{"allow":["GET"]}}],"collection":[{"href":"https:\/\/www.europesays.com\/de\/wp-json\/wp\/v2\/posts"}],"about":[{"href":"https:\/\/www.europesays.com\/de\/wp-json\/wp\/v2\/types\/post"}],"author":[{"embeddable":true,"href":"https:\/\/www.europesays.com\/de\/wp-json\/wp\/v2\/users\/2"}],"replies":[{"embeddable":true,"href":"https:\/\/www.europesays.com\/de\/wp-json\/wp\/v2\/comments?post=768386"}],"version-history":[{"count":0,"href":"https:\/\/www.europesays.com\/de\/wp-json\/wp\/v2\/posts\/768386\/revisions"}],"wp:featuredmedia":[{"embeddable":true,"href":"https:\/\/www.europesays.com\/de\/wp-json\/wp\/v2\/media\/768387"}],"wp:attachment":[{"href":"https:\/\/www.europesays.com\/de\/wp-json\/wp\/v2\/media?parent=768386"}],"wp:term":[{"taxonomy":"category","embeddable":true,"href":"https:\/\/www.europesays.com\/de\/wp-json\/wp\/v2\/categories?post=768386"},{"taxonomy":"post_tag","embeddable":true,"href":"https:\/\/www.europesays.com\/de\/wp-json\/wp\/v2\/tags?post=768386"}],"curies":[{"name":"wp","href":"https:\/\/api.w.org\/{rel}","templated":true}]}}