{"id":768504,"date":"2026-02-03T11:06:10","date_gmt":"2026-02-03T11:06:10","guid":{"rendered":"https:\/\/www.europesays.com\/de\/768504\/"},"modified":"2026-02-03T11:06:10","modified_gmt":"2026-02-03T11:06:10","slug":"unfall-in-stuttgart-ost-e-scooter-fahrer-wird-bei-sturz-schwer-verletzt-startseite","status":"publish","type":"post","link":"https:\/\/www.europesays.com\/de\/768504\/","title":{"rendered":"Unfall in Stuttgart-Ost: E-Scooter-Fahrer wird bei Sturz schwer verletzt &#8211; Startseite"},"content":{"rendered":"<p>\t\t\t\t\t\t\t\t\t\t\t\t\t\t\t\t\t\t\t\t\t\t\t\t\t\t\t\t\t\t\t\t\t\t\t\t   \t\t\t\t\t \t\t\t\t   \t      \t\t\t\t   <img decoding=\"async\" id=\"article-image\" fetchpriority=\"high\" alt=\"Unfall in Stuttgart-Ost: E-Scooter-Fahrer wird bei Sturz schwer verletzt\" title=\"Unfall in Stuttgart-Ost: E-Scooter-Fahrer wird bei Sturz schwer verletzt\" src=\"https:\/\/www.europesays.com\/de\/wp-content\/uploads\/2026\/02\/media.media.9d4bd9c8-3199-4c9c-a84d-4099c59e80fe.original700.jpg\" data-linkto=\"https:\/\/www.krzbb.de\/javascript:void(0);\"\/>\t\t\t\t\t\t\t\t\t\t\t\t\t\t\t\t\t\t\t\t\t\t\t\tBeim Sturz von einem E-Roller ist ein Mann in Stuttgart schwer verletzt worden (Symbolbild).\u00a0Foto: IMAGO\/Christian Schroedter\t\t\t<\/p>\n<p>Ein 37-J\u00e4hriger will in Stuttgart-Ost mit seinem E-Scooter vom Bordstein auf die Stra\u00dfe wechseln und st\u00fcrzt. Dabei wird er schwer verletzt und muss in einer Klinik behandelt werden.<\/p>\n<p>Bei einem <a href=\"https:\/\/www.krzbb.de\/thema\/Unfall\" title=\"Unfall\" class=\"art_thema\" rel=\"nofollow noopener\" target=\"_blank\">Unfall<\/a> mit einem E-Roller hat sich am Montagabend ein Mann in <a href=\"https:\/\/www.krzbb.de\/thema\/Stuttgart\" title=\"Stuttgart\" class=\"art_thema\" rel=\"nofollow noopener\" target=\"_blank\">Stuttgart<\/a>-Ost schwer verletzt. Das berichtet die <a href=\"https:\/\/www.krzbb.de\/thema\/Polizei\" title=\"Polizei\" class=\"art_thema\" rel=\"nofollow noopener\" target=\"_blank\">Polizei<\/a>. Der Mann war mutma\u00dflich betrunken. Er wurde in einer Klinik behandelt.<\/p>\n<p>Demnach war der 37-J\u00e4hrige gegen 21 Uhr auf der Wangener Stra\u00dfe in Richtung Talstra\u00dfe unterwegs. Rund 100 Meter vor der Einm\u00fcndung in die Schlachthofstra\u00dfe habe er offenbar vom Gehweg auf die Fahrbahn wechseln wollen, sei hierbei ins Rutschen gekommen und gest\u00fcrzt. Weitere Personen waren laut Polizei nicht in den Unfall verwickelt.<\/p>\n<p>Rettungskr\u00e4fte k\u00fcmmerten sich um den Mann und brachten ihn in ein Krankenhaus. Dort musste der 37-J\u00e4hrige eine Blutprobe abgeben.<\/p>\n","protected":false},"excerpt":{"rendered":"Beim Sturz von einem E-Roller ist ein Mann in Stuttgart schwer verletzt worden (Symbolbild).\u00a0Foto: IMAGO\/Christian Schroedter Ein 37-J\u00e4hriger&hellip;\n","protected":false},"author":2,"featured_media":768505,"comment_status":"","ping_status":"","sticky":false,"template":"","format":"standard","meta":{"footnotes":"","_share_on_mastodon":"0"},"categories":[1830],"tags":[1634,3364,29,17160,8367,30,121,8248,1441,1284],"class_list":["post-768504","post","type-post","status-publish","format-standard","has-post-thumbnail","category-stuttgart","tag-baden-wuerttemberg","tag-de","tag-deutschland","tag-e-roller","tag-e-scooter","tag-germany","tag-polizei","tag-polizeibericht-stuttgart","tag-stuttgart","tag-unfall"],"share_on_mastodon":{"url":"https:\/\/pubeurope.com\/@de\/116006380236193880","error":""},"_links":{"self":[{"href":"https:\/\/www.europesays.com\/de\/wp-json\/wp\/v2\/posts\/768504","targetHints":{"allow":["GET"]}}],"collection":[{"href":"https:\/\/www.europesays.com\/de\/wp-json\/wp\/v2\/posts"}],"about":[{"href":"https:\/\/www.europesays.com\/de\/wp-json\/wp\/v2\/types\/post"}],"author":[{"embeddable":true,"href":"https:\/\/www.europesays.com\/de\/wp-json\/wp\/v2\/users\/2"}],"replies":[{"embeddable":true,"href":"https:\/\/www.europesays.com\/de\/wp-json\/wp\/v2\/comments?post=768504"}],"version-history":[{"count":0,"href":"https:\/\/www.europesays.com\/de\/wp-json\/wp\/v2\/posts\/768504\/revisions"}],"wp:featuredmedia":[{"embeddable":true,"href":"https:\/\/www.europesays.com\/de\/wp-json\/wp\/v2\/media\/768505"}],"wp:attachment":[{"href":"https:\/\/www.europesays.com\/de\/wp-json\/wp\/v2\/media?parent=768504"}],"wp:term":[{"taxonomy":"category","embeddable":true,"href":"https:\/\/www.europesays.com\/de\/wp-json\/wp\/v2\/categories?post=768504"},{"taxonomy":"post_tag","embeddable":true,"href":"https:\/\/www.europesays.com\/de\/wp-json\/wp\/v2\/tags?post=768504"}],"curies":[{"name":"wp","href":"https:\/\/api.w.org\/{rel}","templated":true}]}}