{"id":768683,"date":"2026-02-03T12:47:17","date_gmt":"2026-02-03T12:47:17","guid":{"rendered":"https:\/\/www.europesays.com\/de\/768683\/"},"modified":"2026-02-03T12:47:17","modified_gmt":"2026-02-03T12:47:17","slug":"billie-eilish-verraet-ihre-lieblingsorte-in-der-hauptstadt","status":"publish","type":"post","link":"https:\/\/www.europesays.com\/de\/768683\/","title":{"rendered":"Billie Eilish verr\u00e4t ihre Lieblingsorte in der Hauptstadt"},"content":{"rendered":"<p>Berliner Lieblingsorte <\/p>\n<p>Billie Eilish mag es nachhaltig und fair<\/p>\n<p>Aktualisiert am 03.02.2026 &#8211; 07:23 UhrLesedauer: 2 Min.<\/p>\n<p><a href=\"#focus-0\" class=\"transition-colors duration-200 block text-current relative\" data-sctrack=\"FocusGalleryImage.Reference\"><img fetchpriority=\"high\" data-testid=\"Opener.Image\" style=\"--lqipURL:url('https:\/\/images.t-online.de\/2026\/02\/yKatXs3oEHp-\/0x549:2048x1152\/fit-in\/150x0\/filters:blur(25)\/february-1-2026-los-angeles-california-usa-billie-eilish-on-the-red-carpet-of-the-68th-annual-grammy-awards-on-sunday-february-1-2026-at-crypto-com-arena-in-los-angeles-california-javier-rojas-pi-los-angeles-usa-zumap124-20260201-zaa-p124-408-copyright-xjavierxrojasx.jpg')\"   loading=\"eager\" src=\"https:\/\/www.europesays.com\/de\/wp-content\/uploads\/2026\/02\/february-1-2026-los-angeles-california-usa-billie-eilish-on-the-red-carpet-of-the-68th-annual-grammy.jpeg\" alt=\"imago images 0846610251\" title=\"imago images 0846610251\" width=\"2048\" height=\"1152\" class=\"bg-[url:var(--lqipURL)] bg-cover bg-center flex h-full w-full max-w-full\" decoding=\"async\"\/><img style=\"--width:32;--height:32\" loading=\"lazy\" src=\"https:\/\/berlin.t-online.de\/s\/paper\/_next\/static\/media\/zoom-in.f7dae02f.svg\" alt=\"Vergr\u00f6\u00dfern des Bildes\" title=\"Vergr\u00f6\u00dfern des Bildes\" class=\"block h-[calc(var(--height)_\/_16_*_1rem)] w-[calc(var(--width)_\/_16_*_1rem)] max-w-none absolute bottom-8 right-8 rounded-4 bg-snow p-8\" decoding=\"async\"\/><\/a><\/p>\n<p>Billie Eilish: Die S\u00e4ngerin verr\u00e4t auf Google Maps ihre Lieblingsorte in Berlin. (Quelle: IMAGO\/Javier Rojas\/imago)<\/p>\n<p class=\"font-bold text-18 leading-17\">Wo ist es in Berlin am sch\u00f6nsten? Auf diese Frage antwortet die US-amerikanische S\u00e4ngerin Billie Eilish wohl per Liste auf Google Maps.<\/p>\n<p class=\"text-18 leading-17\">Im Mai vergangenen Jahres schenkte Billie Eilish der Hauptstadt bereits mehrere Fanmomente: Sie lie\u00df sich von Fans auf dem Kurf\u00fcrstendamm umarmen und brachte die Uber Arena mit ihrem Konzert zum Beben. Nun d\u00fcrfen sich Fans der weltweit bekannten S\u00e4ngerin erneut freuen. Auf Google Maps gibt es eine Liste mit etlichen Empfehlungen in Berlin, die offenbar von der S\u00e4ngerin selbst erstellt worden sein soll.<\/p>\n<p class=\"text-18 leading-17\">Die Liste tr\u00e4gt den Titel &#8222;Billie\u2019s Eco Food and Fashion Guide&#8220;, versehen mit einem blauen Herz-Emoji, und versammelt diverse vegane Restaurants, Secondhand- und Vintage-L\u00e4den, Boutiquen und Caf\u00e9s in der Hauptstadt. &#8222;Eine pflanzenbasierte Ern\u00e4hrung und nachhaltiges Einkaufen geh\u00f6ren zu den wirkungsvollsten M\u00f6glichkeiten, unseren Planeten zu heilen&#8220;, steht in der Beschreibung der Liste, unterzeichnet mit &#8222;Billie&#8220;.<\/p>\n<p class=\"text-18 leading-17\">Die Berliner Regionalredaktion von t-online hat sich die Lieblingsorte von Billie Eilish angesehen und die besten Restaurants, Caf\u00e9s und L\u00e4den hier zusammengefasst.<\/p>\n<p class=\"text-18 leading-17\">Das Cookies Cream ist nicht nur vegan und vegetarisch, es hat sogar einen Michelin-Stern. Das Restaurant liegt in der Behrenstra\u00dfe in Mitte und bietet saisonale Men\u00fcs und Gerichte von Misogurke bis Parmesankn\u00f6del an.<\/p>\n<p class=\"text-18 leading-17\">Unweit des Tempelhofer Feldes in Neuk\u00f6lln liegt der Koku Secondhand Store, der auch auf Billies Guide markiert ist. Wer den Vintage-Look der US-amerikanischen S\u00e4ngerin selbst gern tragen w\u00fcrde, kann hier \u2013 oder in einem der vielen anderen Vintage-Stores auf der Liste \u2013 das ein oder andere Kleidungsst\u00fcck aus zweiter Hand finden.<\/p>\n<p class=\"text-18 leading-17\">Wer etwas tiefer in den Geldbeutel greifen kann, findet den Eilish-Style direkt im Erdgeschoss eines Plattenbaus am Alexanderplatz. In der Boutique Platte gibt es neben Mode auch regelm\u00e4\u00dfig Ausstellungen. Seit dem 30. Januar, zum Auftakt der Berlin Fashion Week, und noch bis zum 14. Februar ist dort das &#8222;Next-Gen Pop-Up and Exhibition&#8220; zu sehen. Kuratiert wurde die Mischung aus Mode und bildender Kunst von Sven Marquardt, der als Berghain-T\u00fcrsteher und Fotograf bekannt ist.<\/p>\n<p class=\"text-18 leading-17\">Ein Geheimtipp ist es zwar nicht, den Drang nach S\u00fc\u00dfem stillt dieser Ort von Billies Liste trotzdem: Brammibal&#8217;s Donuts in der Schlo\u00dfstra\u00dfe in Steglitz. Die Caf\u00e9kette f\u00fcr vegane Donuts mit den verschiedensten Geschmacksrichtungen gibt es beinahe an jeder Ecke Berlins.<\/p>\n","protected":false},"excerpt":{"rendered":"Berliner Lieblingsorte Billie Eilish mag es nachhaltig und fair Aktualisiert am 03.02.2026 &#8211; 07:23 UhrLesedauer: 2 Min. Billie&hellip;\n","protected":false},"author":2,"featured_media":768684,"comment_status":"","ping_status":"","sticky":false,"template":"","format":"standard","meta":{"footnotes":"","_share_on_mastodon":"0"},"categories":[1772],"tags":[296,30034,29,214,30,53292,8368,96036,1779,810,1598,215,39410],"class_list":["post-768683","post","type-post","status-publish","format-standard","has-post-thumbnail","category-musik","tag-berlin","tag-billie-eilish","tag-deutschland","tag-entertainment","tag-germany","tag-google-maps","tag-kurfuerstendamm","tag-lieblingsorte","tag-music","tag-musik","tag-restaurant","tag-unterhaltung","tag-vegetarisch"],"share_on_mastodon":{"url":"https:\/\/pubeurope.com\/@de\/116006777372664549","error":""},"_links":{"self":[{"href":"https:\/\/www.europesays.com\/de\/wp-json\/wp\/v2\/posts\/768683","targetHints":{"allow":["GET"]}}],"collection":[{"href":"https:\/\/www.europesays.com\/de\/wp-json\/wp\/v2\/posts"}],"about":[{"href":"https:\/\/www.europesays.com\/de\/wp-json\/wp\/v2\/types\/post"}],"author":[{"embeddable":true,"href":"https:\/\/www.europesays.com\/de\/wp-json\/wp\/v2\/users\/2"}],"replies":[{"embeddable":true,"href":"https:\/\/www.europesays.com\/de\/wp-json\/wp\/v2\/comments?post=768683"}],"version-history":[{"count":0,"href":"https:\/\/www.europesays.com\/de\/wp-json\/wp\/v2\/posts\/768683\/revisions"}],"wp:featuredmedia":[{"embeddable":true,"href":"https:\/\/www.europesays.com\/de\/wp-json\/wp\/v2\/media\/768684"}],"wp:attachment":[{"href":"https:\/\/www.europesays.com\/de\/wp-json\/wp\/v2\/media?parent=768683"}],"wp:term":[{"taxonomy":"category","embeddable":true,"href":"https:\/\/www.europesays.com\/de\/wp-json\/wp\/v2\/categories?post=768683"},{"taxonomy":"post_tag","embeddable":true,"href":"https:\/\/www.europesays.com\/de\/wp-json\/wp\/v2\/tags?post=768683"}],"curies":[{"name":"wp","href":"https:\/\/api.w.org\/{rel}","templated":true}]}}