{"id":768788,"date":"2026-02-03T13:44:13","date_gmt":"2026-02-03T13:44:13","guid":{"rendered":"https:\/\/www.europesays.com\/de\/768788\/"},"modified":"2026-02-03T13:44:13","modified_gmt":"2026-02-03T13:44:13","slug":"rb-leipzig-neuzugang-brajan-gruda-im-training-welche-stars-jetzt-vor-ihm-zittern-muessen-sport","status":"publish","type":"post","link":"https:\/\/www.europesays.com\/de\/768788\/","title":{"rendered":"RB Leipzig: Neuzugang Brajan Gruda im Training! Welche Stars jetzt vor ihm zittern m\u00fcssen | Sport"},"content":{"rendered":"<p><a class=\"skip-content skip-content--link\" href=\"#in-content-skip-link-target-v-0-0\">TTS-Player \u00fcberspringen\u21b5<\/a><a id=\"in-content-skip-link-target-v-0-0\" class=\"skip-content--target-link-hidden skip-content skip-content--target-link\" href=\"#in-content-skip-link-target-v-0-0\">Artikel weiterlesen<\/a><\/p>\n<p><b>Dieser Winter-Zugang ist so richtig hei\u00df auf sein Bundesliga-Comeback! Brajan Gruda (21) schiebt Sonderschichten f\u00fcr sein erstes Spiel mit <\/b><a href=\"https:\/\/www.bild.de\/sport\/fussball\/rb-leipzig\/startseite-leipzig-31148870.bild.html\" class=\"text-link\" rel=\"nofollow noopener\" target=\"_blank\"><b>RB Leipzig<\/b><\/a><b>. BILD sagt, welche Stars jetzt um ihren Startelf-Einsatz zittern m\u00fcssen.<\/b><\/p>\n<p>Am Sonntag wurde der Deal angebahnt, in der Nacht zu Montag kam Gruda in Leipzig an, am Montag war dann alles klar: Leihe bis Saisonende aus Brighton. Und am Dienstag stand der deutsche U21-Nationalspieler schon auf dem Trainingsplatz.<\/p>\n<p>Mehr zum ThemaAlle haben frei, Gruda ackert im Training<\/p>\n<p>Alle anderen RB-Spieler hatten frei. Gruda kam schon um 9 Uhr am Cottaweg an. 25 Minuten sp\u00e4ter trainierte er f\u00fcr seine R\u00fcckkehr auf den Bundesliga-Rasen. Bisher spielte er 30 Mal f\u00fcr Mainz in der Liga, zuletzt im Sommer 2024. Stabilisation, Lockerung, Balltraining auf dem Platz bei Minusgraden. Rund eine Stunde schwitzte Gruda.<\/p>\n<p>Bei seiner Ankunft hatte er gesagt: \u201eIch f\u00fchle mich topfit, kenne bereits viele meiner neuen Mitspieler.\u201c Die Einsatzwahrscheinlichkeit am Sonntag (15.30 Uhr) in K\u00f6ln sehr hoch. Doch wer muss daf\u00fcr aus Leipzigs Stammelf?<\/p>\n<p><img decoding=\"async\" width=\"992\" height=\"558\" alt=\"Gruda wird f\u00fcr ein erstes Training in Leipzig mobilisiert\" src=\"https:\/\/www.europesays.com\/de\/wp-content\/uploads\/2026\/02\/7e2e8f30d803ce6cd3724cdcdf7bc0c2,ae69a5d2.jpeg\"   class=\"landscape\" loading=\"lazy\"\/><\/p>\n<p class=\"fig__caption__text\">Gruda wird f\u00fcr ein erstes Training in Leipzig mobilisiert<\/p>\n<p>Foto: RB Leipzig<\/p>\n<p>Alternative zu Baumgartner und Diomande<\/p>\n<p>Gruda kann in der Offensive alles spielen. Erste Option: Er spielt als h\u00e4ngende Spitze oder Zehner. Die Position von Christoph Baumgartner (26). Der \u00d6sterreicher spielte eine starke Hinrunde, ist aber in der R\u00fcckrunde noch ohne Torbeteiligung. Nun kommt er aus einer Gelb-Sperre zur\u00fcck \u2013 eigentlich.<\/p>\n<p>Die meisten Spiele machte Gruda \u00fcber die rechte offensive Seite. Dort ist bei RB Edel-Talent Yan Diomande (19) gesetzt. Der Shooting-Star wirkte zuletzt allerdings etwas \u00fcberspielt, ist in einem Mini-Loch, typisch f\u00fcr sein junges Alter. Bekommt er nun eine Pause wegen Alternative Gruda?<\/p>\n<p>Gr\u00e4fe nach HSV-Bayern: \u201eDiese Elfmeter machen den Fu\u00dfball kaputt\u201c<a class=\"anchor video-teaser__anchor\" href=\"https:\/\/www.bild.de\/sport\/fussball\/groefe-nach-hsv-bayern-diese-elfmeter-machen-den-fussball-kaputt-697e5de16dce91cb6e91a40e\" rel=\"nofollow noopener\" target=\"_blank\"><img decoding=\"async\" width=\"992\" height=\"558\" alt=\"\" src=\"https:\/\/www.europesays.com\/de\/wp-content\/uploads\/2026\/02\/2ab652ff05d842665a5c7be799f64f69,41fc0e73.jpeg\"   class=\"landscape teaser__image\" loading=\"lazy\"\/><\/a><\/p>\n<p>Quelle: BILD01.02.2026<\/p>\n<p>M\u00fcssen Schlager oder Seiwald auf die Bank?<\/p>\n<p>Ein Grund f\u00fcr den Gruda-Wechsel war der l\u00e4ngere Ausfall von Mittelfeldspieler Assan Ou\u00e9draogo (19). RB-Manager Marcel Sch\u00e4fer (41): \u201eWir haben auf Verletzungen reagiert, weil wir in den vergangenen Spielen gemerkt haben, dass uns das eine oder andere kreative Element guttun w\u00fcrde. Gerade die Verletzung von Assan hat nicht nur ihm, sondern auch uns wehgetan. Als wir erfahren haben, dass es eine M\u00f6glichkeit bei Brajan Gruda gibt, waren wir Feuer und Flamme.\u201c Hei\u00dft: Auch zentral k\u00f6nnte Gruda spielen \u2013 daf\u00fcr m\u00fcssten Xaver Schlager (28) oder Nici Seiwald (24) raus.<\/p>\n<p>In der Jugend spielte Gruda sogar im Sturm. Aber unwahrscheinlich, dass jetzt auch Romulo (23) und Conrad Harder (20) bangen m\u00fcssen.<\/p>\n<p>F\u00fcr Trainer Ole Werner (37) ist Gruda in jedem Fall ein Geschenk: Er hat eine starke Option mehr \u2013 und kann seine schw\u00e4chelnden Stars mit neuem Konkurrenzkampf kitzeln.<\/p>\n","protected":false},"excerpt":{"rendered":"TTS-Player \u00fcberspringen\u21b5Artikel weiterlesen Dieser Winter-Zugang ist so richtig hei\u00df auf sein Bundesliga-Comeback! Brajan Gruda (21) schiebt Sonderschichten f\u00fcr&hellip;\n","protected":false},"author":2,"featured_media":768789,"comment_status":"","ping_status":"","sticky":false,"template":"","format":"standard","meta":{"footnotes":"","_share_on_mastodon":"0"},"categories":[1832],"tags":[3364,29,538,30,61496,71,1655,859,9585,10779,37627,150949,803,3460,4581,45,539],"class_list":["post-768788","post","type-post","status-publish","format-standard","has-post-thumbnail","category-leipzig","tag-de","tag-deutschland","tag-erste-bundesliga","tag-germany","tag-gruda-brajan","tag-leipzig","tag-rb-leipzig","tag-sachsen","tag-sachsen-news","tag-schaefer-marcel","tag-schlager-xaver","tag-seiwald-nicolas","tag-spielertransfer","tag-sport-leuchtturm-leipzig","tag-sport-tag-im-ticker","tag-texttospeech","tag-werner-ole"],"share_on_mastodon":{"url":"https:\/\/pubeurope.com\/@de\/116007002093503463","error":""},"_links":{"self":[{"href":"https:\/\/www.europesays.com\/de\/wp-json\/wp\/v2\/posts\/768788","targetHints":{"allow":["GET"]}}],"collection":[{"href":"https:\/\/www.europesays.com\/de\/wp-json\/wp\/v2\/posts"}],"about":[{"href":"https:\/\/www.europesays.com\/de\/wp-json\/wp\/v2\/types\/post"}],"author":[{"embeddable":true,"href":"https:\/\/www.europesays.com\/de\/wp-json\/wp\/v2\/users\/2"}],"replies":[{"embeddable":true,"href":"https:\/\/www.europesays.com\/de\/wp-json\/wp\/v2\/comments?post=768788"}],"version-history":[{"count":0,"href":"https:\/\/www.europesays.com\/de\/wp-json\/wp\/v2\/posts\/768788\/revisions"}],"wp:featuredmedia":[{"embeddable":true,"href":"https:\/\/www.europesays.com\/de\/wp-json\/wp\/v2\/media\/768789"}],"wp:attachment":[{"href":"https:\/\/www.europesays.com\/de\/wp-json\/wp\/v2\/media?parent=768788"}],"wp:term":[{"taxonomy":"category","embeddable":true,"href":"https:\/\/www.europesays.com\/de\/wp-json\/wp\/v2\/categories?post=768788"},{"taxonomy":"post_tag","embeddable":true,"href":"https:\/\/www.europesays.com\/de\/wp-json\/wp\/v2\/tags?post=768788"}],"curies":[{"name":"wp","href":"https:\/\/api.w.org\/{rel}","templated":true}]}}