{"id":768955,"date":"2026-02-03T15:15:13","date_gmt":"2026-02-03T15:15:13","guid":{"rendered":"https:\/\/www.europesays.com\/de\/768955\/"},"modified":"2026-02-03T15:15:13","modified_gmt":"2026-02-03T15:15:13","slug":"diebe-pluendern-koffer-waehrend-bahnfahrt","status":"publish","type":"post","link":"https:\/\/www.europesays.com\/de\/768955\/","title":{"rendered":"Diebe pl\u00fcndern Koffer w\u00e4hrend Bahnfahrt"},"content":{"rendered":"<p>Schmuck und Kleidung gestohlen <\/p>\n<p>Diebe pl\u00fcndern Koffer in Z\u00fcgen Richtung M\u00fcnchen<\/p>\n<p>03.02.2026 &#8211; 16:10 UhrLesedauer: 1 Min.<\/p>\n<p><a href=\"#focus-0\" class=\"transition-colors duration-200 block text-current relative\" data-sctrack=\"FocusGalleryImage.Reference\"><img fetchpriority=\"high\" data-testid=\"Opener.Image\" style=\"--lqipURL:url('https:\/\/images.t-online.de\/2026\/02\/pJfOvqjsocWw\/0x0:3180x1789\/fit-in\/150x0\/filters:blur(25)\/beamte-der-bundespolizei-auf-einem-bahnsteig-symbolbild.jpg')\"   loading=\"eager\" src=\"https:\/\/www.europesays.com\/de\/wp-content\/uploads\/2026\/02\/beamte-der-bundespolizei-auf-einem-bahnsteig-symbolbild.jpg\" alt=\"Beamte der Bundespolizei auf einem Bahnsteig (Symbolbild):\" title=\"Beamte der Bundespolizei auf einem Bahnsteig (Symbolbild):\" width=\"3180\" height=\"1789\" class=\"bg-[url:var(--lqipURL)] bg-cover bg-center flex h-full w-full max-w-full\" decoding=\"async\"\/><img style=\"--width:32;--height:32\" loading=\"lazy\" src=\"https:\/\/muenchen.t-online.de\/s\/paper\/_next\/static\/media\/zoom-in.f7dae02f.svg\" alt=\"Vergr\u00f6\u00dfern des Bildes\" title=\"Vergr\u00f6\u00dfern des Bildes\" class=\"block h-[calc(var(--height)_\/_16_*_1rem)] w-[calc(var(--width)_\/_16_*_1rem)] max-w-none absolute bottom-8 right-8 rounded-4 bg-snow p-8\" decoding=\"async\"\/><\/a><\/p>\n<p>Beamte der Bundespolizei auf einem Bahnsteig (Symbolbild): Der Gesamtschaden betr\u00e4gt rund 40.000 Euro. (Quelle: Bundespolizei)<\/p>\n<p class=\"font-bold text-18 leading-17\">Diebe stehlen auf Bahnfahrten nach M\u00fcnchen wertvollen Schmuck und Kleidung aus Koffern. Die Bundespolizei r\u00e4t Reisenden zu besonderer Vorsicht.<\/p>\n<p class=\"text-18 leading-17\">Unbekannte T\u00e4ter haben in Z\u00fcgen auf dem Weg nach M\u00fcnchen Schmuck und Kleidung im Gesamtwert von rund 40.000 Euro aus Koffern gestohlen. Die Bundespolizei ermittelt in zwei F\u00e4llen wegen Diebstahls und warnt Reisende davor, ihr Gep\u00e4ck \u2013 insbesondere bei l\u00e4ngeren Fahrten \u2013 unbeaufsichtigt zu lassen.<\/p>\n<p class=\"text-18 leading-17\">Am Montagabend entwendeten Diebe in einem Railjet von Innsbruck nach M\u00fcnchen den Koffer einer 55-j\u00e4hrigen Frau. In diesem befanden sich den Angaben zufolge mehrere Goldringe, ein Brillantring sowie hochwertige Kleidung. Der Schaden wird auf etwa 21.500 Euro gesch\u00e4tzt.<\/p>\n<p class=\"text-18 leading-17\">Bereits am Freitagnachmittag hatten Unbekannte im ICE von N\u00fcrnberg nach M\u00fcnchen den Koffer einer 60-J\u00e4hrigen durchw\u00fchlt. Dieser hatte in einer Gep\u00e4ckablage au\u00dferhalb ihres Sichtfelds gestanden. Als die Frau beim Aussteigen ihren offenen Koffer entdeckte, habe sie den Diebstahl ihres Schmucks im Wert von rund 18.500 Euro festgestellt.<\/p>\n<p class=\"text-18 leading-17\">Die Bundespolizei r\u00e4t dazu, Gep\u00e4ck stets im Blick zu behalten und Wertsachen sicher zu verstauen. Im Falle eines Diebstahls sollten Betroffene umgehend Anzeige erstatten, da Videoaufzeichnungen nur begrenzte Zeit gespeichert werden.<\/p>\n","protected":false},"excerpt":{"rendered":"Schmuck und Kleidung gestohlen Diebe pl\u00fcndern Koffer in Z\u00fcgen Richtung M\u00fcnchen 03.02.2026 &#8211; 16:10 UhrLesedauer: 1 Min. Beamte&hellip;\n","protected":false},"author":2,"featured_media":768956,"comment_status":"","ping_status":"","sticky":false,"template":"","format":"standard","meta":{"footnotes":"","_share_on_mastodon":"0"},"categories":[1827],"tags":[722,69493,772,421,29,30,1268,3783,2399],"class_list":["post-768955","post","type-post","status-publish","format-standard","has-post-thumbnail","category-muenchen","tag-722","tag-bahnfahrt","tag-bayern","tag-bundespolizei","tag-deutschland","tag-germany","tag-muenchen","tag-nuernberg","tag-schmuck"],"share_on_mastodon":{"url":"https:\/\/pubeurope.com\/@de\/116007359360842313","error":""},"_links":{"self":[{"href":"https:\/\/www.europesays.com\/de\/wp-json\/wp\/v2\/posts\/768955","targetHints":{"allow":["GET"]}}],"collection":[{"href":"https:\/\/www.europesays.com\/de\/wp-json\/wp\/v2\/posts"}],"about":[{"href":"https:\/\/www.europesays.com\/de\/wp-json\/wp\/v2\/types\/post"}],"author":[{"embeddable":true,"href":"https:\/\/www.europesays.com\/de\/wp-json\/wp\/v2\/users\/2"}],"replies":[{"embeddable":true,"href":"https:\/\/www.europesays.com\/de\/wp-json\/wp\/v2\/comments?post=768955"}],"version-history":[{"count":0,"href":"https:\/\/www.europesays.com\/de\/wp-json\/wp\/v2\/posts\/768955\/revisions"}],"wp:featuredmedia":[{"embeddable":true,"href":"https:\/\/www.europesays.com\/de\/wp-json\/wp\/v2\/media\/768956"}],"wp:attachment":[{"href":"https:\/\/www.europesays.com\/de\/wp-json\/wp\/v2\/media?parent=768955"}],"wp:term":[{"taxonomy":"category","embeddable":true,"href":"https:\/\/www.europesays.com\/de\/wp-json\/wp\/v2\/categories?post=768955"},{"taxonomy":"post_tag","embeddable":true,"href":"https:\/\/www.europesays.com\/de\/wp-json\/wp\/v2\/tags?post=768955"}],"curies":[{"name":"wp","href":"https:\/\/api.w.org\/{rel}","templated":true}]}}