{"id":768992,"date":"2026-02-03T15:36:13","date_gmt":"2026-02-03T15:36:13","guid":{"rendered":"https:\/\/www.europesays.com\/de\/768992\/"},"modified":"2026-02-03T15:36:13","modified_gmt":"2026-02-03T15:36:13","slug":"baden-wuerttemberg-nein-den-braucht-es-nicht-ministerpraesident-kretschmann-gegen-beamtenstatus-fuer-lehrer","status":"publish","type":"post","link":"https:\/\/www.europesays.com\/de\/768992\/","title":{"rendered":"Baden-W\u00fcrttemberg: \u201eNein, den braucht es nicht\u201c \u2013 Ministerpr\u00e4sident Kretschmann gegen Beamtenstatus f\u00fcr Lehrer"},"content":{"rendered":"<p>Nur noch Angestellte im Klassenzimmer? F\u00fcr Regierungschef Kretschmann gibt es eigentlich keine tieferen Gr\u00fcnde f\u00fcr die Verbeamtung von Lehrern. Trotzdem h\u00e4lt er die Debatte f\u00fcr nicht zielf\u00fchrend.<\/p>\n<p class=\"is-first-paragraph\" data-external=\"Article.FirstParagraph\">Baden-W\u00fcrttembergs Ministerpr\u00e4sident Winfried Kretschmann h\u00e4lt wenig vom Beamtenstatus von Lehrern. \u201eNein, den braucht es eigentlich nicht\u201c, sagte der Gr\u00fcnen-Politiker in Stuttgart auf die Frage, ob es den Beamtenstatus f\u00fcr Lehrer denn unbedingt brauche. \u201eDas muss man nicht als hoheitliche Aufgabe organisieren, es gibt ja auch angestellte Lehrerinnen und Lehrer, die k\u00f6nnen ihren Beruf genauso aus\u00fcben.\u201c Es gebe keine tieferen Gr\u00fcnde f\u00fcr den Beamtenstatus. \u201eMan kann das auch anders machen.\u201c<\/p>\n<p>Trotzdem h\u00e4lt er die Debatte nach eigenen Worten f\u00fcr nicht zielf\u00fchrend, weil alle L\u00e4nder dann auf die Verbeamtung der P\u00e4dagogen verzichten m\u00fcssten, dazu fehle aber die Bereitschaft.<\/p>\n<p>Der Beamtenstatus sei attraktiv, kein Bundesland k\u00f6nne sich erlauben, Lehrer an die Konkurrenz zu verlieren, sagte Kretschmann, der selbst Lehrer war und bald aus dem Amt als Ministerpr\u00e4sident scheidet. <\/p>\n<p>Auch sei der Abschied von der Verbeamtung bereits versucht worden, allerdings habe man wieder zur\u00fcckrudern m\u00fcssen. Die damalige Ministerpr\u00e4sidentin Schleswig-Holsteins,<a class=\"is-link c-block-items__link is-external c-link--rich-text-renderer\" href=\"https:\/\/www.welt.de\/regionales\/hamburg\/article246362090\/SPD-Chefs-Heide-Simonis-war-Vorbild-und-Mutmacherin.html\" target=\"_blank\" title=\"(Link wird in einem neuen Tab ge\u00f6ffnet)\" rel=\"nofollow noopener\" data-internal-tracking-enabled=\"true\" data-internal-tracking=\"{&quot;action&quot;:&quot;click&quot;,&quot;label&quot;:&quot;link&quot;,&quot;name&quot;:&quot;Inline Element&quot;,&quot;data&quot;:{&quot;source&quot;:&quot;&quot;,&quot;target&quot;:&quot;https:\/\/www.welt.de\/regionales\/hamburg\/article246362090\/SPD-Chefs-Heide-Simonis-war-Vorbild-und-Mutmacherin.html&quot;,&quot;trackingName&quot;:&quot;&quot;,&quot;trackingLabel&quot;:&quot;&quot;}}\"> Heide Simonis <\/a>(SPD), hatte in den 90er-Jahren in ihrem Land einen Sonderweg beschritten und Lehrer nur noch als Angestellte und nicht als Beamte eingestellt. Von 2001 an wurden Lehrer auch in Schleswig-Holstein wieder verbeamtet. <\/p>\n<p>Zudem sei ein solcher Schritt teuer, sagte Kretschmann. \u201eDas geben die Haushalte erstmal gar nicht her\u201c, sagte er. Insofern sei der Beamtenstatus f\u00fcr Lehrer eingef\u00fchrt und funktioniere. \u201eMan k\u00f6nnte das auch \u00e4ndern. Dann m\u00fcssten es alle machen, dazu sind aber nicht alle bereit. Also halte ich das f\u00fcr vergossene Liebesm\u00fche, jetzt diese Debatte wieder aufzumachen. Das wird nicht zielf\u00fchrend sein.\u201c <\/p>\n<p>Kretschmann, Jahrgang 1948, ist ebenfalls studierter Lehrer (Biologie, Chemie) und wurde verbeamtet, lie\u00df sich aber f\u00fcr seine politische T\u00e4tigkeit mehrfach freistellen. <\/p>\n<p>dpa\/jra<\/p>\n","protected":false},"excerpt":{"rendered":"Nur noch Angestellte im Klassenzimmer? F\u00fcr Regierungschef Kretschmann gibt es eigentlich keine tieferen Gr\u00fcnde f\u00fcr die Verbeamtung von&hellip;\n","protected":false},"author":2,"featured_media":768993,"comment_status":"","ping_status":"","sticky":false,"template":"","format":"standard","meta":{"footnotes":"","_share_on_mastodon":"0"},"categories":[2],"tags":[174700,1634,16703,21,29,30,13,52240,4850,14,15,110,12,10,8,9,11,52241],"class_list":["post-768992","post","type-post","status-publish","format-standard","has-post-thumbnail","category-deutschland","tag-b-tv-baden-wuerttemberg","tag-baden-wuerttemberg","tag-beamte","tag-buendnis-90-die-gruenen","tag-deutschland","tag-germany","tag-headlines","tag-kretschmann","tag-lehrer","tag-nachrichten","tag-news","tag-newsteam","tag-schlagzeilen","tag-top-news","tag-top-meldungen","tag-topmeldungen","tag-topnews","tag-winfried"],"share_on_mastodon":{"url":"https:\/\/pubeurope.com\/@de\/116007441916228170","error":""},"_links":{"self":[{"href":"https:\/\/www.europesays.com\/de\/wp-json\/wp\/v2\/posts\/768992","targetHints":{"allow":["GET"]}}],"collection":[{"href":"https:\/\/www.europesays.com\/de\/wp-json\/wp\/v2\/posts"}],"about":[{"href":"https:\/\/www.europesays.com\/de\/wp-json\/wp\/v2\/types\/post"}],"author":[{"embeddable":true,"href":"https:\/\/www.europesays.com\/de\/wp-json\/wp\/v2\/users\/2"}],"replies":[{"embeddable":true,"href":"https:\/\/www.europesays.com\/de\/wp-json\/wp\/v2\/comments?post=768992"}],"version-history":[{"count":0,"href":"https:\/\/www.europesays.com\/de\/wp-json\/wp\/v2\/posts\/768992\/revisions"}],"wp:featuredmedia":[{"embeddable":true,"href":"https:\/\/www.europesays.com\/de\/wp-json\/wp\/v2\/media\/768993"}],"wp:attachment":[{"href":"https:\/\/www.europesays.com\/de\/wp-json\/wp\/v2\/media?parent=768992"}],"wp:term":[{"taxonomy":"category","embeddable":true,"href":"https:\/\/www.europesays.com\/de\/wp-json\/wp\/v2\/categories?post=768992"},{"taxonomy":"post_tag","embeddable":true,"href":"https:\/\/www.europesays.com\/de\/wp-json\/wp\/v2\/tags?post=768992"}],"curies":[{"name":"wp","href":"https:\/\/api.w.org\/{rel}","templated":true}]}}