{"id":769295,"date":"2026-02-03T18:20:15","date_gmt":"2026-02-03T18:20:15","guid":{"rendered":"https:\/\/www.europesays.com\/de\/769295\/"},"modified":"2026-02-03T18:20:15","modified_gmt":"2026-02-03T18:20:15","slug":"glatteis-in-niedersachsen-morgen-schulausfall-in-mehreren-staedten-und-landkreisen","status":"publish","type":"post","link":"https:\/\/www.europesays.com\/de\/769295\/","title":{"rendered":"Glatteis in Niedersachsen: Morgen Schulausfall in mehreren St\u00e4dten und Landkreisen"},"content":{"rendered":"<p>        <img decoding=\"async\" src=\"https:\/\/www.europesays.com\/de\/wp-content\/uploads\/2026\/02\/schnee-882.webp.webp\" alt=\"Vier Sch\u00fcler blicken auf ein Smartphone, das den Schulausfall f\u00fcr den Landkreis Leer anzeigt.\" title=\"Vier Sch\u00fcler blicken auf ein Smartphone, das den Schulausfall f\u00fcr den Landkreis Leer anzeigt. | picture alliance\/dpa | Lars Penning\" class=\"responsive\"\/><\/p>\n<p>\n                Stand: 03.02.2026 18:50 Uhr<\/p>\n<p class=\"preface\">In Niedersachsen ist morgen Glatteis m\u00f6glich. Bereits in den vergangenen Wochen waren Schulen im Bundesland wegen des Wetters wiederholt dicht. Nun ergreifen Kommunen erneut Ma\u00dfnahmen.<\/p>\n<p class=\"\">Der Deutsche Wetterdienst (DWD) warnt in Niedersachsen vor Frost und Gl\u00e4tte. Ab dem heutigen Abend wird leichter Schneefall erwartet. Vor allem im S\u00fcden und Westen Niedersachsens gehe im Verlauf des Mittwochs der Schnee in gefrierenden Regen \u00fcber &#8211; dann bestehe Gefahr von Glatteis. In mehreren Kommunen f\u00e4llt deshalb der Pr\u00e4senzunterricht aus. Folgende kreisfreie St\u00e4dte und Landkreise sind laut \u00dcbersichtskarte der <a href=\"https:\/\/www.vmz-niedersachsen.de\/schulausfall\/\" title=\"Schulausf\u00e4lle in Niedersachsen\" class=\"js-link-dialog\" data-type=\"external\" rel=\"nofollow noopener\" target=\"_blank\">Verkehrsmanagementzentrale<\/a> (VMZ) und der Warn-App <a href=\"https:\/\/www.ndr.de\/nachrichten\/niedersachsen\/katwarn-100~splash.html\" title=\"Link zur KATWARN-Seite\" data-url=\"https:\/\/warnungen.katwarn.de\/\" class=\"js-link-dialog\" data-type=\"external\" rel=\"nofollow noopener\" target=\"_blank\">KATWARN<\/a> betroffen:<\/p>\n<ul>\n<li><strong>Landkreis Ammerland: <\/strong>Der Pr\u00e4senzunterricht f\u00e4llt aus. Der Unterricht der BBS erfolgt im Homeschooling.<\/li>\n<li><strong>Landkreis Aurich: <\/strong>An den allgemeinbildenden Schulen f\u00e4llt der Pr\u00e4senzunterricht aus. An allen berufsbildenden Schulen findet Distanzunterricht statt.<\/li>\n<li><strong>Landkreis Cloppenburg: <\/strong>Der Pr\u00e4senzunterricht entf\u00e4llt. An den berufsbildenden Schulen findet Distanzunterricht statt.<\/li>\n<li><strong>Stadt Delmenhorst: <\/strong>An allen allgemein- und berufsbildenden Schulen f\u00e4llt der Pr\u00e4senzunterricht aus. Die berufsbildenden Schulen wechseln in Absprache mit den Schulleitungen in den Distanzunterricht.<\/li>\n<li><strong>Landkreis Diepholz: <\/strong>Witterungsbedingt entf\u00e4llt der Unterricht. An den berufsbildenden Schulen Syke und das BBZ Dr. J\u00fcrgen Ulderup in Diepholz und Sulingen findet Distanzunterricht statt.<\/li>\n<li><strong>Stadt Emden: <\/strong>An den allgemeinbildenden Schulen erfolgt kein Pr\u00e4senzunterricht. Die berufsbildenden Schulen gehen in den Distanzunterricht.<\/li>\n<li><strong>Landkreis Emsland: <\/strong>Der Unterricht in Pr\u00e4senz f\u00e4llt aus. Distanzunterricht gibt es an den berufsbildenden Schulen &#8211; ausgenommen ist hiervon die Akademie St. Franziskus Lingen.<\/li>\n<li><strong>Landkreis Friesland: <\/strong>Der Pr\u00e4senzunterricht f\u00e4llt f\u00fcr alle Sch\u00fclerinnen und Sch\u00fcler der allgemein- und berufsbildenden Schulen auf dem Festland aus. Ob stattdessen Distanzunterricht angeboten wird, entscheidet jede Schule eigenst\u00e4ndig. Die Insel Wangerooge ist vom Ausfall nicht betroffen.<\/li>\n<li><strong>Region Hannover: <\/strong>An allen allgemeinbildenden Schulen, berufsbildenden Schulen sowie am Hannover Kolleg und dem Abendgymnasium findet kein Pr\u00e4senzunterricht statt. Die Berufsschulen gehen in den Distanzunterricht. Die Schulen sind aber ge\u00f6ffnet, ankommende Sch\u00fclerinnen und Sch\u00fcler werden betreut.<\/li>\n<li><strong>Stadt Hannover:<\/strong> In Schulen ankommende Sch\u00fclerinnen und Sch\u00fcler werden betreut &#8211; der Pr\u00e4senzunterricht an den allgemeinbildenden Schulen entf\u00e4llt jedoch.<\/li>\n<li><strong>Landkreis Hildesheim:<\/strong> F\u00fcr alle allgemein- und berufsbildenden Schulen im Landkreis &#8211; inklusive der Stadt Hildesheim &#8211; ist angeordnet, dass der Pr\u00e4senzunterricht ausf\u00e4llt. Berufsbildende Schulen gehen in den Distanzunterricht.<\/li>\n<li><strong>Landkreis Leer: <\/strong>Witterungsbedingt entf\u00e4llt der Pr\u00e4senzunterricht. Ob Distanzunterricht stattfindet, entscheiden die Schulen eigenst\u00e4ndig.<\/li>\n<li><strong>Landkreis Nienburg: <\/strong>Es findet kein Unterricht statt.<\/li>\n<li><strong>Landkreis Oldenburg: <\/strong>Der Pr\u00e4senzunterricht entf\u00e4llt. Die BBS Wildeshausen geht in den Distanzunterricht. Eine Sch\u00fclerbef\u00f6rderung gibt es nicht.<\/li>\n<li><strong>Stadt Oldenburg:<\/strong> Der Unterricht beginnt an allen allgemein- und berufsbildenden Schulen in Tr\u00e4gerschaft der Stadt erst zur dritten Stunde. Sch\u00fclerinnen und Sch\u00fcler werden jedoch betreut, wenn sie trotz des Unterrichtsausfalls zur Schule kommen.<\/li>\n<li><strong>Landkreis Osterholz: <\/strong>An den allgemeinbildenden Schulen f\u00e4llt der Pr\u00e4senzunterricht aus.<\/li>\n<li><strong>Landkreis Schaumburg: <\/strong>Es gibt keinen Unterricht in Pr\u00e4senz. Distanzunterricht gibt es an den berufsbildenden Schulen Stadthagen und Rinteln.<\/li>\n<li><strong>Landkreis Vechta: <\/strong>Der Pr\u00e4senzunterricht f\u00e4llt aus.<strong> <\/strong><\/li>\n<li><strong>Landkreis Verden: <\/strong>Unterricht in Pr\u00e4senz entf\u00e4llt &#8211; es gibt eine Notbetreuung. F\u00fcr die berufsbildenden Schulen ist Distanzunterricht angeordnet.<\/li>\n<li><strong>Landkreis Wesermarsch: <\/strong>Der Pr\u00e4senzunterricht f\u00e4llt aus. Berufsbildende Schulen gehen in den Distanzunterricht.<\/li>\n<li><strong>Stadt Wilhelmshaven: <\/strong>Der Pr\u00e4senzunterricht f\u00e4llt aus. Die BBS Wilhelmshaven wechselt in den Distanzunterricht. Ob im Homeschooling unterrichtet wird\u200b, entscheiden alle anderen Schulen selbst. Eine Notbetreuung wird sichergestellt. Die Sch\u00fclerbef\u00f6rderung findet nicht statt.<\/li>\n<li><strong>Landkreis Wittmund: <\/strong>Der Pr\u00e4senzunterricht entf\u00e4llt. Berufsbildende Schulen gehen in den Distanzunterricht.<\/li>\n<\/ul>\n<p>    Warnstreik beeinflusst Entscheidung der Landkreise<\/p>\n<p class=\"\">Mehrere Landkreise begr\u00fcnden ihre Entscheidung f\u00fcr den Unterrichtsausfall auch mit dem <a href=\"https:\/\/www.ndr.de\/nachrichten\/info\/warnstreiks-der-strassenmeisterei-in-niedersachsen,ndrinfo-8838.html\" title=\"Warnstreiks der Stra\u00dfenmeisterei in Niedersachsen\" rel=\"nofollow noopener\" target=\"_blank\">eingeschr\u00e4nkten Winterdienst<\/a> &#8211; denn der streikt morgen vielerorts in Niedersachsen.<\/p>\n<p>    Eltern k\u00f6nnen bei Extremwetter selbst entscheiden<\/p>\n<p class=\"\">Auch ohne einen vom Landkreis angek\u00fcndigten Ausfall des Pr\u00e4senzunterrichts k\u00f6nnen Erziehungsberechtigte von Sch\u00fclerinnen und Sch\u00fclern der 1. bis 10. Klasse ihre Kinder zu Hause behalten, wenn sie auf dem Schulweg eine unzumutbare Gef\u00e4hrdung aufgrund extremer Witterungsverh\u00e4ltnisse f\u00fcrchten. Darauf wies das nieders\u00e4chsische Kultusministerium hin.<\/p>\n<p>        <img decoding=\"async\" src=\"https:\/\/www.europesays.com\/de\/wp-content\/uploads\/2026\/02\/glatteis-188.webp.webp\" alt=\"Glatte Stra\u00dfe in Niedersachsen: DWD warnt vor Gl\u00e4tte und gefrierendem Regen.\" title=\"Glatte Stra\u00dfe in Niedersachsen: DWD warnt vor Gl\u00e4tte und gefrierendem Regen. | NDR, Paul Hintzke\" class=\"responsive\" loading=\"lazy\"\/><\/p>\n<p>Der Ausstand im \u00f6ffentlichen Dienst in Niedersachsen kann Folgen f\u00fcr den Winterdienst haben. NDR User haben dazu eine klare Meinung.<\/p>\n<p>        <img decoding=\"async\" src=\"https:\/\/www.europesays.com\/de\/wp-content\/uploads\/2026\/02\/glaette470.webp.webp\" alt=\"Lichter spiegeln sich in einer glatten Stra\u00dfe.\" title=\"Lichter spiegeln sich in einer glatten Stra\u00dfe. | picture alliance\/dpa, Frank Rumpenhorst\" class=\"responsive\" loading=\"lazy\"\/><\/p>\n<p>Der Deutsche Wetterdienst warnt vor allem im Nordwesten und in s\u00fcdlichen Landesteilen vor Glatteis durch gefrierenden Regen.<\/p>\n<p>        <img decoding=\"async\" src=\"https:\/\/www.europesays.com\/de\/wp-content\/uploads\/2025\/12\/1765892300_55_sachsenross-100.webp\" alt=\"Sachsenross in Hannover vor der Leibniz Universit\u00e4t\" title=\"Sachsenross in Hannover vor der Leibniz Universit\u00e4t. | Thorsten Schier \/ Fotolia\" class=\"responsive\" loading=\"lazy\"\/><\/p>\n<p>\n                                    3 Min<\/p>\n<p>Schon am Dienstag kam es zu Beeintr\u00e4chtigungen auf der Stra\u00dfe. Und in der Nacht zu Mittwoch wird neuer Schnee erwartet.<\/p>\n<p>Dieses Thema im Programm:<\/p>\n<p>                NDR 1 Niedersachsen | Aktuell | 03.02.2026 | 18:00 Uhr<\/p>\n<p>        Schlagw\u00f6rter zu diesem Artikel<\/p>\n<p>            <a href=\"https:\/\/www.ndr.de\/nachrichten\/info\/Schule,schule747.html\" rel=\"nofollow noopener\" target=\"_blank\">Schule<\/a><\/p>\n","protected":false},"excerpt":{"rendered":"Stand: 03.02.2026 18:50 Uhr In Niedersachsen ist morgen Glatteis m\u00f6glich. Bereits in den vergangenen Wochen waren Schulen im&hellip;\n","protected":false},"author":2,"featured_media":769296,"comment_status":"","ping_status":"","sticky":false,"template":"","format":"standard","meta":{"footnotes":"","_share_on_mastodon":"0"},"categories":[5],"tags":[42751,13,25802,14,15,1411,12,73359,966,10,8,9,11,1973],"class_list":["post-769295","post","type-post","status-publish","format-standard","has-post-thumbnail","category-nachrichten","tag-glaette","tag-headlines","tag-kaelte","tag-nachrichten","tag-news","tag-niedersachsen","tag-schlagzeilen","tag-schulausfall","tag-schule","tag-top-news","tag-top-meldungen","tag-topmeldungen","tag-topnews","tag-wetter"],"share_on_mastodon":{"url":"https:\/\/pubeurope.com\/@de\/116008086883371165","error":""},"_links":{"self":[{"href":"https:\/\/www.europesays.com\/de\/wp-json\/wp\/v2\/posts\/769295","targetHints":{"allow":["GET"]}}],"collection":[{"href":"https:\/\/www.europesays.com\/de\/wp-json\/wp\/v2\/posts"}],"about":[{"href":"https:\/\/www.europesays.com\/de\/wp-json\/wp\/v2\/types\/post"}],"author":[{"embeddable":true,"href":"https:\/\/www.europesays.com\/de\/wp-json\/wp\/v2\/users\/2"}],"replies":[{"embeddable":true,"href":"https:\/\/www.europesays.com\/de\/wp-json\/wp\/v2\/comments?post=769295"}],"version-history":[{"count":0,"href":"https:\/\/www.europesays.com\/de\/wp-json\/wp\/v2\/posts\/769295\/revisions"}],"wp:featuredmedia":[{"embeddable":true,"href":"https:\/\/www.europesays.com\/de\/wp-json\/wp\/v2\/media\/769296"}],"wp:attachment":[{"href":"https:\/\/www.europesays.com\/de\/wp-json\/wp\/v2\/media?parent=769295"}],"wp:term":[{"taxonomy":"category","embeddable":true,"href":"https:\/\/www.europesays.com\/de\/wp-json\/wp\/v2\/categories?post=769295"},{"taxonomy":"post_tag","embeddable":true,"href":"https:\/\/www.europesays.com\/de\/wp-json\/wp\/v2\/tags?post=769295"}],"curies":[{"name":"wp","href":"https:\/\/api.w.org\/{rel}","templated":true}]}}