{"id":769426,"date":"2026-02-03T19:34:12","date_gmt":"2026-02-03T19:34:12","guid":{"rendered":"https:\/\/www.europesays.com\/de\/769426\/"},"modified":"2026-02-03T19:34:12","modified_gmt":"2026-02-03T19:34:12","slug":"dynamo-dresden-fies-so-verhinderte-fcm-boss-schork-den-hoti-wechsel-sport","status":"publish","type":"post","link":"https:\/\/www.europesays.com\/de\/769426\/","title":{"rendered":"Dynamo Dresden: Fies! So verhinderte FCM-Boss Schork den Hoti-Wechsel | Sport"},"content":{"rendered":"<p><a class=\"skip-content skip-content--link\" href=\"#in-content-skip-link-target-v-0-0\">TTS-Player \u00fcberspringen\u21b5<\/a><a id=\"in-content-skip-link-target-v-0-0\" class=\"skip-content--target-link-hidden skip-content skip-content--target-link\" href=\"#in-content-skip-link-target-v-0-0\">Artikel weiterlesen<\/a><\/p>\n<p><b>Die Nachricht kam \u00fcberraschend: Andi Hoti (22) wechselt vom 1. FC Magdeburg nicht zu Dynamo Dresden, sondern zu Eintracht Braunschweig. BILD erkl\u00e4rt die Hintergr\u00fcnde.<\/b><\/p>\n<p>Fest steht: Dynamos Neu-Sportchef S\u00f6ren Gonther (39) hat nichts unversucht gelassen, den Innenverteidiger elbaufw\u00e4rts zu holen. Aber am Ende scheiterte der Deal an FCM-Sportboss Otmar Schork (68). <\/p>\n<p>Der hatte Anfang des Jahres zwar einem Vereinswechsel des ausgemusterten Kosovo-Schweizers zugestimmt (\u201eEr ist freigestellt, um sich was anderes zu suchen\u201c), in den Verhandlungen mit Dresden zeigte er sich allerdings \u2013 wie schon im vergangenen Sommer \u2013 extrem stur.<\/p>\n<p>Mehr zum Thema<\/p>\n<p>Schork lie\u00df Gonther mit mehreren Kauf-Angeboten abblitzen, beharrte auf einer Abl\u00f6sesumme von 250.000 Euro. Ein echtes Brett f\u00fcr einen Spieler, der zur U23-Mannschaft abgeschoben wurde und dessen Vertrag zudem im Sommer ausl\u00e4uft.<\/p>\n<p>Dresden bietet 250.000 Euro \u2013 Schork blockt weiter<\/p>\n<p>Am Ende wurde es noch krasser. BILD wei\u00df: Dynamo war schlie\u00dflich bereit, die geforderte Summe zu zahlen, sah Hotis Verpflichtung als Investition in die Zukunft. Doch Schork blockte weiter. Er klapperte stattdessen auf der Suche nach anderen K\u00e4ufern offenbar die Vereine regelrecht ab.<\/p>\n<p>Als mit Braunschweig schlie\u00dflich wenige Tage vor Transferschluss tats\u00e4chlich ein weiterer Interessent auftauchte, stand Hoti vor der Wahl: Entweder er wechselt zur Eintracht, oder er muss seinen Vertrag beim FCM bis zum Ende absitzen.<\/p>\n<p><img decoding=\"async\" width=\"992\" height=\"558\" alt=\"Wie Otmar Schork den Hoti-Wechsel nach Dresden verhinderte, war nicht die feine englische Art\" src=\"https:\/\/www.europesays.com\/de\/wp-content\/uploads\/2026\/02\/fbeaa8586f33448c60c5a2b40d4be207,8a2ae7a2.jpeg\"   class=\"landscape\" loading=\"lazy\"\/><\/p>\n<p class=\"fig__caption__text\">Wie Otmar Schork den Hoti-Wechsel nach Dresden verhinderte, war nicht die feine englische Art<\/p>\n<p>Foto: Ronny Hartmann<\/p>\n<p>Gonther best\u00e4tigt das sogar, ist entsprechend angefressen. In einem Interview auf der Vereins-Homepage sagt er zum Thema Hoti: \u201eDie Qualit\u00e4t von Andi ist jedem in Dresden aus der Vorsaison bekannt. Wir haben Magdeburg im Schlussspurt ein sehr gutes Angebot unterbreitet, bei dem wir uns nichts vorzuwerfen haben. Am Ende ist es aber die Entscheidung der Verantwortlichen in Magdeburg, wenn der Spieler in keinem Fall in unseren Farben auflaufen soll.\u201c<\/p>\n<p>Tischtuch endg\u00fcltig zerschnitten<\/p>\n<p>Rums! F\u00fcr diese Blockade-Strategie gibt es nur eine Erkl\u00e4rung: Schork sieht <a href=\"https:\/\/www.bild.de\/sport\/fussball\/dynamo-dresden\/startseite-dynamo-46789412.bild.html\" class=\"text-link\" rel=\"nofollow noopener\" target=\"_blank\">Dynamo Dresden<\/a> mehr noch als Braunschweig als gef\u00e4hrlichen Konkurrenten im Zweitliga-Abstiegskampf \u2013 und hat Angst, diesen mit einem Hoti-Transfer noch zu st\u00e4rken. <\/p>\n<p>Das ist vielleicht sogar noch nachvollziehbar. Die Methoden, genau das zu verhindern, sind allerdings mehr als zweifelhaft. Fakt ist: Solange ein Otmar Schork beim <a href=\"https:\/\/www.bild.de\/sport\/fussball\/1-fc-magdeburg\/startseite-magdeburg-55900784.bild.html\" class=\"text-link\" rel=\"nofollow noopener\" target=\"_blank\">1. FC Magdeburg<\/a> Sportchef ist, braucht Dynamo nicht mehr um FCM-Profis zu buhlen. Denn das Tischtuch ist jetzt endg\u00fcltig zerschnitten&#8230;<\/p>\n","protected":false},"excerpt":{"rendered":"TTS-Player \u00fcberspringen\u21b5Artikel weiterlesen Die Nachricht kam \u00fcberraschend: Andi Hoti (22) wechselt vom 1. FC Magdeburg nicht zu Dynamo&hellip;\n","protected":false},"author":2,"featured_media":769427,"comment_status":"","ping_status":"","sticky":false,"template":"","format":"standard","meta":{"footnotes":"","_share_on_mastodon":"0"},"categories":[136],"tags":[7973,621,29,3766,8704,347,30,803,265,3460,30473,45,14464],"class_list":["post-769426","post","type-post","status-publish","format-standard","has-post-thumbnail","category-sport","tag-1-fc-magdeburg","tag-2-bundesliga","tag-deutschland","tag-dynamo-dresden","tag-eintracht-braunschweig","tag-fussball","tag-germany","tag-spielertransfer","tag-sport","tag-sport-leuchtturm-leipzig","tag-sportdirektor","tag-texttospeech","tag-wintertransfer"],"share_on_mastodon":{"url":"https:\/\/pubeurope.com\/@de\/116008377665578950","error":""},"_links":{"self":[{"href":"https:\/\/www.europesays.com\/de\/wp-json\/wp\/v2\/posts\/769426","targetHints":{"allow":["GET"]}}],"collection":[{"href":"https:\/\/www.europesays.com\/de\/wp-json\/wp\/v2\/posts"}],"about":[{"href":"https:\/\/www.europesays.com\/de\/wp-json\/wp\/v2\/types\/post"}],"author":[{"embeddable":true,"href":"https:\/\/www.europesays.com\/de\/wp-json\/wp\/v2\/users\/2"}],"replies":[{"embeddable":true,"href":"https:\/\/www.europesays.com\/de\/wp-json\/wp\/v2\/comments?post=769426"}],"version-history":[{"count":0,"href":"https:\/\/www.europesays.com\/de\/wp-json\/wp\/v2\/posts\/769426\/revisions"}],"wp:featuredmedia":[{"embeddable":true,"href":"https:\/\/www.europesays.com\/de\/wp-json\/wp\/v2\/media\/769427"}],"wp:attachment":[{"href":"https:\/\/www.europesays.com\/de\/wp-json\/wp\/v2\/media?parent=769426"}],"wp:term":[{"taxonomy":"category","embeddable":true,"href":"https:\/\/www.europesays.com\/de\/wp-json\/wp\/v2\/categories?post=769426"},{"taxonomy":"post_tag","embeddable":true,"href":"https:\/\/www.europesays.com\/de\/wp-json\/wp\/v2\/tags?post=769426"}],"curies":[{"name":"wp","href":"https:\/\/api.w.org\/{rel}","templated":true}]}}