{"id":769833,"date":"2026-02-03T23:17:12","date_gmt":"2026-02-03T23:17:12","guid":{"rendered":"https:\/\/www.europesays.com\/de\/769833\/"},"modified":"2026-02-03T23:17:12","modified_gmt":"2026-02-03T23:17:12","slug":"witz-bei-stefan-raab-show-aus-koeln-loest-kritik-aus","status":"publish","type":"post","link":"https:\/\/www.europesays.com\/de\/769833\/","title":{"rendered":"Witz bei Stefan-Raab-Show aus K\u00f6ln l\u00f6st Kritik aus"},"content":{"rendered":"<p>Nach Ofarim-Witz <\/p>\n<p>Antisemitismus-Vorwurf gegen Stefan-Raab-Show<\/p>\n<p>03.02.2026 &#8211; 18:38 UhrLesedauer: 2 Min.<\/p>\n<p><a href=\"#focus-0\" class=\"transition-colors duration-200 block text-current relative\" data-sctrack=\"FocusGalleryImage.Reference\"><img fetchpriority=\"high\" data-testid=\"Opener.Image\" style=\"--lqipURL:url('https:\/\/images.t-online.de\/2025\/11\/zJvw8Uzyqs1-\/0x145:4000x2250\/fit-in\/150x0\/filters:blur(25)\/die-stefan-raab-show-ein-beitrag-ueber-gil-ofarim-zog-antisemitismus-vorwuerfe-nach-sich.jpg')\"   loading=\"eager\" src=\"https:\/\/www.europesays.com\/de\/wp-content\/uploads\/2026\/02\/1770160632_687_die-stefan-raab-show-ein-beitrag-ueber-gil-ofarim-zog-antisemitismus-vorwuerfe-nach-sich.jpg\" alt=\"&quot;Die Stefan Raab Show&quot;: Ein Beitrag \u00fcber Gil Ofarim zog Antisemitismus-Vorw\u00fcrfe nach sich.\" title=\"&quot;Die Stefan Raab Show&quot;: Ein Beitrag \u00fcber Gil Ofarim zog Antisemitismus-Vorw\u00fcrfe nach sich.\" width=\"4000\" height=\"2250\" class=\"bg-[url:var(--lqipURL)] bg-cover bg-center flex h-full w-full max-w-full\" decoding=\"async\"\/><img style=\"--width:32;--height:32\" loading=\"lazy\" src=\"https:\/\/koeln.t-online.de\/s\/paper\/_next\/static\/media\/zoom-in.f7dae02f.svg\" alt=\"Vergr\u00f6\u00dfern des Bildes\" title=\"Vergr\u00f6\u00dfern des Bildes\" class=\"block h-[calc(var(--height)_\/_16_*_1rem)] w-[calc(var(--width)_\/_16_*_1rem)] max-w-none absolute bottom-8 right-8 rounded-4 bg-snow p-8\" decoding=\"async\"\/><\/a><\/p>\n<p>Stefan Raab beim Moderieren seiner Show: Ein Einspieler in der Sendung wird heftig kritisiert. (Quelle: RTL)<\/p>\n<p class=\"font-bold text-18 leading-17\">Bei der Stefan-Raab-Show wird Dschungelcamp-Teilnehmer Gil Ofarim aus Korn genommen. Die Art und Weise st\u00f6\u00dft vielen Zuschauern aber sauer auf.<\/p>\n<p class=\"text-18 leading-17\">Die Stefan-Raab-Show auf RTL soll unterhalten \u2013 und das macht der bekannte Entertainer, der einst &#8222;TV Total&#8220; moderierte, durchaus auf seine gewohnt provokante Art. Bei der Show am 27. Januar \u2013 dem Holocaust-Gedenktag \u2013 aber schoss die Show in den Augen vieler Zuschauer dabei \u00fcber das Ziel hinaus. Nun steht sogar der Vorwurf des Antisemitismus im Raum.<\/p>\n<p class=\"text-18 leading-17\">Es geht um einen Beitrag der Show zu dem S\u00e4nger Gil Ofarim, der derzeit als Kandidat in der RTL-Sendung &#8222;Ich bin ein Star, holt mich hier raus&#8220; (IBES) zu sehen ist. 2021 hatte der heute 43-J\u00e4hrige einem Hotelmitarbeiter Antisemitismus unterstellt, da dieser sich entsprechend ge\u00e4u\u00dfert und Ofarim wegen einer Kette mit Davidstern kein Zimmer habe geben wollen. Vor Gericht r\u00e4umte Ofarim sp\u00e4ter ein, dass diese Vorw\u00fcrfe erfunden waren.<\/p>\n<p class=\"text-18 leading-17\">In der Stefan-Raab-Show wurde der Dschungelcamp-Teilnehmer deswegen nun erneut aufs Korn genommen. In einem Einspieler hei\u00dft es: &#8222;Das musikalische Talent hat er von Vater Abi Ofarim, der in Wirklichkeit aber gar kein Abi hatte. Das bringt uns zum Betr\u00fcger-Gen von Gil, was er seinem Onkel Samuel zu verdanken hat.&#8220;<\/p>\n<p class=\"text-18 leading-17\">Die Autorin Susanne Siegert teilte den Ausschnitt aus der Show auf ihrem Instagram-Kanal &#8222;Keine Erinnerungskultur&#8220; mit ihren Followern und kritisiert den Einspieler. &#8222;Hat sich die Redaktion da wirklich einen Onkel von Gil Ofarim ausgedacht, mit einem f\u00fcr sie besonders j\u00fcdisch klingenden Vornamen, um dann vom einem &#8218;Betr\u00fcger-Gen&#8216; zu sprechen?&#8220;, fragt sie in ihrem Beitrag auf Instagram. Sie erinnere das an eine Pr\u00e4sentation der Hitlerjugend aus den 30er-Jahren, in der Juden als Betr\u00fcger diffamiert werden. &#8222;Witze \u00fcber Juden als Betr\u00fcger sind keine Witze, sondern Nazipropaganda und Antisemitismus. Wie kann man sowas bringen?&#8220;<\/p>\n","protected":false},"excerpt":{"rendered":"Nach Ofarim-Witz Antisemitismus-Vorwurf gegen Stefan-Raab-Show 03.02.2026 &#8211; 18:38 UhrLesedauer: 2 Min. Stefan Raab beim Moderieren seiner Show: Ein&hellip;\n","protected":false},"author":2,"featured_media":769834,"comment_status":"","ping_status":"","sticky":false,"template":"","format":"standard","meta":{"footnotes":"","_share_on_mastodon":"0"},"categories":[1828],"tags":[159306,29,933,30,21125,12196,152,1420,1209,640,13527,226,46631],"class_list":["post-769833","post","type-post","status-publish","format-standard","has-post-thumbnail","category-koeln","tag-abi-ofarim","tag-deutschland","tag-dschungelcamp","tag-germany","tag-gil-ofarim","tag-ich-bin-ein-star-holt-mich-hier-raus","tag-instagram","tag-koeln","tag-nordrhein-westfalen","tag-rtl","tag-stefan-raab","tag-t-online","tag-tv-total"],"share_on_mastodon":{"url":"https:\/\/pubeurope.com\/@de\/116009254658380935","error":""},"_links":{"self":[{"href":"https:\/\/www.europesays.com\/de\/wp-json\/wp\/v2\/posts\/769833","targetHints":{"allow":["GET"]}}],"collection":[{"href":"https:\/\/www.europesays.com\/de\/wp-json\/wp\/v2\/posts"}],"about":[{"href":"https:\/\/www.europesays.com\/de\/wp-json\/wp\/v2\/types\/post"}],"author":[{"embeddable":true,"href":"https:\/\/www.europesays.com\/de\/wp-json\/wp\/v2\/users\/2"}],"replies":[{"embeddable":true,"href":"https:\/\/www.europesays.com\/de\/wp-json\/wp\/v2\/comments?post=769833"}],"version-history":[{"count":0,"href":"https:\/\/www.europesays.com\/de\/wp-json\/wp\/v2\/posts\/769833\/revisions"}],"wp:featuredmedia":[{"embeddable":true,"href":"https:\/\/www.europesays.com\/de\/wp-json\/wp\/v2\/media\/769834"}],"wp:attachment":[{"href":"https:\/\/www.europesays.com\/de\/wp-json\/wp\/v2\/media?parent=769833"}],"wp:term":[{"taxonomy":"category","embeddable":true,"href":"https:\/\/www.europesays.com\/de\/wp-json\/wp\/v2\/categories?post=769833"},{"taxonomy":"post_tag","embeddable":true,"href":"https:\/\/www.europesays.com\/de\/wp-json\/wp\/v2\/tags?post=769833"}],"curies":[{"name":"wp","href":"https:\/\/api.w.org\/{rel}","templated":true}]}}