{"id":770516,"date":"2026-02-04T05:53:09","date_gmt":"2026-02-04T05:53:09","guid":{"rendered":"https:\/\/www.europesays.com\/de\/770516\/"},"modified":"2026-02-04T05:53:09","modified_gmt":"2026-02-04T05:53:09","slug":"wann-wird-die-luft-wieder-besser","status":"publish","type":"post","link":"https:\/\/www.europesays.com\/de\/770516\/","title":{"rendered":"Wann wird die Luft wieder besser?"},"content":{"rendered":"<p>Winter, Kamine und Ostwind: Warum die Luft in Niedersachsen und Bremen gerade alles andere als frisch ist \u2013 und was das f\u00fcr unsere Gesundheit bedeutet. <\/p>\n<p>Die Luft in Niedersachsen und Bremen ist derzeit nicht gut. Selbst auf den Ostfriesischen Inseln ist die Qualit\u00e4t nach Daten des Umweltbundesamtes nur m\u00e4\u00dfig. Dabei sind die Ostfriesischen Inseln grunds\u00e4tzlich f\u00fcr gute Luftqualit\u00e4t bekannt. Dieselbe Einstufung erhalten zahlreiche weitere Orte in Niedersachsen und Bremen. Auf der f\u00fcnfstufigen Skala von sehr gut bis sehr schlecht wird die Luftqualit\u00e4t dort als m\u00e4\u00dfig eingestuft. Einzelne Stationen etwa unmittelbar an einer Stra\u00dfe in Hildesheim zeigten am Dienstagnachmittag noch schlechtere Werte &#8211; nach der \u00dcbersichtskarte des Umweltbundesamtes war die Luftqualit\u00e4t dort schlecht.\u00a0 <\/p>\n<p>            &#13;<br \/>\n              Was ist der Grund f\u00fcr die nur m\u00e4\u00dfige Luft?\u00a0 <\/p>\n<p>Aktuell gibt es vielerorts h\u00f6here Konzentrationen von Feinstaub der Partikelgr\u00f6\u00dfe von bis zu 2,5 Mikrometer (PM2,5). Das sind winzige Teilchen in der Luft. Im Winter ist die Feinstaubbelastung grunds\u00e4tzlich gr\u00f6\u00dfer, weil bei niedrigen Temperaturen mehr Energie ben\u00f6tigt und zum Beispiel mit Kaminen geheizt wird, wie eine Sprecherin des Umweltbundesamtes erkl\u00e4rt.\u00a0 <\/p>\n<p>Dazu kommt demnach eine kalte Winterwetterlage mit eingeschr\u00e4nktem Luftaustausch, die schon seit mehreren Tagen anh\u00e4lt. \u201eDies f\u00fchrt zu einer Anreicherung von Feinstaub in den bodennahen Luftschichten.\u201c Der Feinstaub kommt der Sprecherin zufolge aus regionalen und \u00fcberregionalen Quellen. Wind aus \u00f6stlicher Richtung bringt Luftmassen aus st\u00e4rker belasteten Gebieten zu uns. <\/p>\n<p>Wann ist Besserung in Sicht? <\/p>\n<p>Eine andere Wetterlage kann die Luft verbessern. \u201eWenn sich eine westliche Str\u00f6mung mit Wind, w\u00e4rmerer Luft und Niederschl\u00e4gen einstellt, entspannt sich die Situation rasch\u201c, schreibt die Sprecherin. \u201eLeider ist so eine grunds\u00e4tzliche Wetterumstellung bis zum n\u00e4chsten Wochenende nicht deutschlandweit zu erwarten.\u201c <\/p>\n<p>Wie ist die aktuelle Lage in anderen Bundesl\u00e4ndern? <\/p>\n<p>Die Luftqualit\u00e4t ist derzeit in ganz Deutschland nicht besonders gut. Vielerorts ist sie m\u00e4\u00dfig, in manchen Orten auch schlecht, an wenigen Stellen sogar sehr schlecht. Nach den Daten des Umweltbundesamtes gibt es aber auch Stationen, die aktuell eine gute Luftqualit\u00e4t messen &#8211; etwa in Bayern. <\/p>\n<p>Welche Folgen hat eine hohe Feinstaubbelastung? <\/p>\n<p>Zu den gesundheitlichen Folgen z\u00e4hlen Schleimhautreizungen und lokale Entz\u00fcndungen in den Atemwegen. Auch schwerwiegendere Auswirkungen wie verst\u00e4rkte Ablagerungen in den Blutgef\u00e4\u00dfen und eine erh\u00f6hte Thromboseneigung sind nach Angaben des Umweltbundesamtes m\u00f6glich.\u00a0 <\/p>\n<p>Was sollten Menschen bei hoher Feinstaubbelastung tun? <\/p>\n<p>K\u00f6rperlich anstrengende Aktivit\u00e4ten im Freien sollten vermieden werden. Auch bei m\u00e4\u00dfiger Luft empfehlen Experten f\u00fcr empfindliche Menschen, k\u00f6rperlich besonders anstrengende Aktivit\u00e4ten wie Sport zu verschieben und besser an Orten oder zu Zeiten mit besserer Luftqualit\u00e4t zu trainieren. Wer wiederholt Beschwerden wie Husten oder Kurzatmigkeit hat, sollte seine k\u00f6rperliche Aktivit\u00e4t reduzieren, wie das Umweltbundesamt schreibt. <\/p>\n","protected":false},"excerpt":{"rendered":"Winter, Kamine und Ostwind: Warum die Luft in Niedersachsen und Bremen gerade alles andere als frisch ist \u2013&hellip;\n","protected":false},"author":2,"featured_media":770517,"comment_status":"","ping_status":"","sticky":false,"template":"","format":"standard","meta":{"footnotes":"","_share_on_mastodon":"0"},"categories":[1824],"tags":[2420,3364,29,38293,30,141,1411,383,1973],"class_list":["post-770516","post","type-post","status-publish","format-standard","has-post-thumbnail","category-bremen","tag-bremen","tag-de","tag-deutschland","tag-feinstaub","tag-germany","tag-gesundheit","tag-niedersachsen","tag-umwelt","tag-wetter"],"share_on_mastodon":{"url":"https:\/\/pubeurope.com\/@de\/116010811597765723","error":""},"_links":{"self":[{"href":"https:\/\/www.europesays.com\/de\/wp-json\/wp\/v2\/posts\/770516","targetHints":{"allow":["GET"]}}],"collection":[{"href":"https:\/\/www.europesays.com\/de\/wp-json\/wp\/v2\/posts"}],"about":[{"href":"https:\/\/www.europesays.com\/de\/wp-json\/wp\/v2\/types\/post"}],"author":[{"embeddable":true,"href":"https:\/\/www.europesays.com\/de\/wp-json\/wp\/v2\/users\/2"}],"replies":[{"embeddable":true,"href":"https:\/\/www.europesays.com\/de\/wp-json\/wp\/v2\/comments?post=770516"}],"version-history":[{"count":0,"href":"https:\/\/www.europesays.com\/de\/wp-json\/wp\/v2\/posts\/770516\/revisions"}],"wp:featuredmedia":[{"embeddable":true,"href":"https:\/\/www.europesays.com\/de\/wp-json\/wp\/v2\/media\/770517"}],"wp:attachment":[{"href":"https:\/\/www.europesays.com\/de\/wp-json\/wp\/v2\/media?parent=770516"}],"wp:term":[{"taxonomy":"category","embeddable":true,"href":"https:\/\/www.europesays.com\/de\/wp-json\/wp\/v2\/categories?post=770516"},{"taxonomy":"post_tag","embeddable":true,"href":"https:\/\/www.europesays.com\/de\/wp-json\/wp\/v2\/tags?post=770516"}],"curies":[{"name":"wp","href":"https:\/\/api.w.org\/{rel}","templated":true}]}}