{"id":770584,"date":"2026-02-04T06:30:11","date_gmt":"2026-02-04T06:30:11","guid":{"rendered":"https:\/\/www.europesays.com\/de\/770584\/"},"modified":"2026-02-04T06:30:11","modified_gmt":"2026-02-04T06:30:11","slug":"menschenrechte-human-rights-watch-wirft-trump-einen-angriff-auf-die-weltordnung-vor","status":"publish","type":"post","link":"https:\/\/www.europesays.com\/de\/770584\/","title":{"rendered":"Menschenrechte: Human Rights Watch wirft Trump einen Angriff auf die Weltordnung vor"},"content":{"rendered":"<p class=\"paragraph article__item\">In ihrem Jahresbericht prangert die Menschenrechtsorganisation Human Rights Watch die Politik von US-Pr\u00e4sident <a class=\"rtr-entity\" href=\"https:\/\/www.zeit.de\/thema\/donald-trump\" rel=\"nofollow noopener\" target=\"_blank\">Donald Trump<\/a> an. In nur 12 Monaten habe die US-Regierung &#8222;einen breit angelegten Angriff auf zentrale S\u00e4ulen der US\u2011Demokratie und der globalen regelbasierten Ordnung&#8220; durchgef\u00fchrt, schreibt die Organisation im Human Rights Watch World Report 2026. Unter anderem habe Trump die Unabh\u00e4ngigkeit der Justiz angegriffen, Migranten und Asylsuchende unmenschlichen Bedingungen ausgesetzt und staatliche Macht genutzt, um politische Gegner einzusch\u00fcchtern.\u00a0\n<\/p>\n<p class=\"paragraph article__item\">Die US-Angriffe auf angebliche Drogenboote in der Karibik bezeichnet die Menschenrechtsorganisation als &#8222;offenkundig rechtswidrig&#8220;. Obwohl die Gefangennahme von Venezuelas Regierungschef Nicol\u00e1s Maduro und seiner Ehefrau Cilia Flores von den USA zumindest teilweise mit Menschenrechtsbedenken begr\u00fcndet wurde, arbeite Trump jetzt <a href=\"https:\/\/www.zeit.de\/politik\/ausland\/2026-01\/nicmer-evans-politischer-gefangener-gefaengnis-venezuela-regime-usa\" class=\"\" target=\"_blank\" rel=\"nofollow noopener\">mit Maduros repressivem Regierungsapparat<\/a> zusammen, um US-Interessen voranzutreiben. Trump habe Autokraten ermutigt und demokratische Verb\u00fcndete geschw\u00e4cht.\u00a0\n<\/p>\n<p class=\"paragraph article__item\">Human Rights Watch kritisiert in dem Bericht auch die Reaktion auf Trumps Vorgehen, sowohl in den USA als auch international. Die institutionelle Reaktion in den Vereinigten Staaten sei &#8222;erschreckend verhalten&#8220; gewesen. Gro\u00dfe Teile des von den Republikanern kontrollierten Kongresses h\u00e4tten die &#8222;\u00fcberdrehte Ausweitung exekutiver Macht&#8220; nicht infrage gestellt. Chefs gro\u00dfer US-Technologiekonzerne h\u00e4tten erhebliche Summen gespendet, um Trump zu &#8222;bes\u00e4nftigen&#8220;. Westliche Verb\u00fcndete h\u00e4tten vielfach zu Trumps Rechtsbr\u00fcchen geschwiegen, wom\u00f6glich aus Angst vor Z\u00f6llen oder anderen negativen Folgen.\n<\/p>\n<p>        &#8222;Existenzielle Krise&#8220; der regelbasierten Weltordnung        <\/p>\n<p class=\"paragraph article__item\">Die regelbasierte Weltordnung befinde sich in einer &#8222;existenziellen Krise, in einer Art und Weise, die so noch nie da gewesen ist&#8220;, sagte Philipp Frisch, Deutschland-Direktor von Human Rights Watch, bei der Vorstellung des Jahresberichts in Berlin.\u00a0Besonders schwer wiege die Finanzierungskrise der Vereinten Nationen, das Menschenrechtssystem der UN stehe &#8222;am finanziellen Abgrund&#8220;, sagte Frisch. Grund daf\u00fcr seien unter anderem <a href=\"https:\/\/www.zeit.de\/politik\/ausland\/2025-12\/vereinte-nationen-usa-kuerzung-humanitaere-hilfe-un-2026\" class=\"\" target=\"_blank\" rel=\"nofollow noopener\">die gek\u00fcrzten Zahlungen aus den USA<\/a>.\u00a0\n<\/p>\n<p class=\"paragraph article__item\">Insgesamt wird in dem Bericht die Menschenrechtslage in rund 100 L\u00e4ndern bewertet. Zu den Themen geh\u00f6ren unter anderem die Unterdr\u00fcckung von Uiguren und Tibetern in China, der <a href=\"https:\/\/www.zeit.de\/politik\/ausland\/2026-01\/sudan-buergerkrieg-rsf-hungersnot-menschenrechtsverletzung-gxe\" class=\"\" target=\"_blank\" rel=\"nofollow noopener\">Krieg zwischen Regierungstruppen und den Rapid Support Forces im Sudan<\/a>, <a href=\"https:\/\/www.zeit.de\/politik\/ausland\/2026-01\/repression-iran-proteste-regime-tote\" class=\"\" target=\"_blank\" rel=\"nofollow noopener\">Massent\u00f6tungen von Demonstranten im Iran<\/a>, <a href=\"https:\/\/www.zeit.de\/politik\/ausland\/ukraine-krieg-news-liveblog\" class=\"\" target=\"_blank\" rel=\"nofollow noopener\">Russlands Angriffskrieg gegen die Ukraine<\/a> sowie die systematische Entrechtung von Frauen unter dem Taliban-Regime in Afghanistan.\n<\/p>\n<p>                            \u00a9\u00a0Lea Dohle<\/p>\n<p>\n                                        Newsletter<br \/>\n                                        Was jetzt? \u2013 Der t\u00e4gliche Morgen\u00fcberblick<\/p>\n<p class=\"newsletter-signup__text\">Starten Sie mit unserem kurzen Nachrichten-Newsletter in den Tag. Erhalten Sie zudem freitags das digitale Magazin ZEIT am Wochenende.<\/p>\n<p class=\"newsletter-signup__datapolicy\" hidden=\"\">\n            Mit Ihrer Registrierung nehmen Sie die <a href=\"https:\/\/datenschutz.zeit.de\/zon#Newsletter\" target=\"_blank\" rel=\"nofollow noopener\">Datenschutzerkl\u00e4rung<\/a> zur Kenntnis.\n        <\/p>\n<p>    Vielen Dank! Wir haben Ihnen eine E-Mail geschickt.<\/p>\n<p>Pr\u00fcfen Sie Ihr Postfach und best\u00e4tigen Sie das Newsletter-Abonnement.<\/p>\n<p class=\"paragraph article__item\">Nach Einsch\u00e4tzung von Human Rights Watch leben 72 Prozent der Menschheit in Autokratien. Vielerorts werde die Demokratie angegriffe, damit verschlechtere sich die Menschenrechtslage. Die &#8222;autorit\u00e4re Welle&#8220; zu brechen und f\u00fcr <a class=\"rtr-entity\" href=\"https:\/\/www.zeit.de\/thema\/menschenrechte\" rel=\"nofollow noopener\" target=\"_blank\">Menschenrechte<\/a> einzustehen, sei eine historische Aufgabe. Daf\u00fcr sei eine &#8222;entschlossene, strategische und koordinierte Reaktion&#8220; von Zivilgesellschaften, multilateralen Institutionen, W\u00e4hlerinnen und W\u00e4hlern sowie Regierungen, die das Recht achten, n\u00f6tig.\n<\/p>\n<p>                        Human Rights Watch sieht Einschr\u00e4nkung der Demonstrationsfreiheit in Deutschland        <\/p>\n<p class=\"paragraph article__item\">Auch Deutschland wird im World Report kritisiert. Human Rights Watch schreibt von einer Untergrabung der Meinungs-, Versammlungs- und Vereinigungsfreiheit durch deutsche Beh\u00f6rden. Vor allem propal\u00e4stinensische Proteste seien davon betroffen. Die Organisation verweist auf die Kritik des Menschenrechtskommissars des Europarates an Verboten propal\u00e4stinensischer Demonstrationen und \u00fcberm\u00e4\u00dfiger Polizeigewalt gegen Demonstrierende.\u00a0\n<\/p>\n<p class=\"paragraph article__item\">Philipp Frisch sagte, dass Deutschland durch eine fast bedingungslose Unterst\u00fctzung von Israels Krieg gegen Gaza moralischen Kredit in der Welt verspielt habe. Diese Haltung rufe in weiten Teilen der Welt Unverst\u00e4ndnis hervor.\u00a0Frisch forderte, dass Deutschland Verfahren am Internationalen<br \/>\nStrafgerichtshof (IStGH)\u00a0st\u00e4rker unterst\u00fctzt, &#8222;gerade auch wenn es gegen<br \/>\nPartner geht&#8220;. Der IStGH hatte im November 2024 einen Haftbefehl gegen<br \/>\nIsraels Ministerpr\u00e4sidenten Benjamin Netanjahu erlassen.\n<\/p>\n<p class=\"paragraph article__item\">Au\u00dferdem kritisiert Human Rights Watch den deutschen Umgang mit Migration. Die Organisation schreibt in dem Bericht von einer zunehmenden Normalisierung rechtspopulistischer Rhetorik. Die Union habe ein langj\u00e4hriges Tabu gebrochen, als sie einen Antrag zu strengerer Migrationspolitik <a href=\"https:\/\/www.zeit.de\/politik\/deutschland\/2025-01\/bundestag-beschliesst-antrag-der-union-zu-strengerer-migrationspolitik\" class=\"\" target=\"_blank\" rel=\"nofollow noopener\">mit Stimmen der AfD durch den Bundestag brachte<\/a>. Nach der Wahl habe die neue Bundesregierung aus Union und SPD die harte Haltung Deutschlands in der Migrationspolitik weiter versch\u00e4rft, hei\u00dft es. All das gebe Anlass zu &#8222;gro\u00dfer Sorge&#8220;.\u00a0\u00a0\n<\/p>\n<p>Mehr zum Thema<\/p>\n<p>            Menschenrechte        <\/p>\n<p>                <a href=\"https:\/\/www.zeit.de\/2026\/05\/kurden-syrien-al-scharaa-milizen-islamismus\" data-ct-label=\"Kurden in Syrien: Sie f\u00fchlen sich verraten\" data-uuid=\"2c739be4-6d51-4d1d-93a6-d042987aedfa\" rel=\"nofollow noopener\" target=\"_blank\"><\/p>\n<p>        Z+ (abopflichtiger Inhalt);<\/p>\n<p>    Kurden in Syrien:<br \/>\n                        Sie f\u00fchlen sich verraten<\/p>\n<p>                <\/a><\/p>\n<p>                <a href=\"https:\/\/www.zeit.de\/politik\/ausland\/2026-01\/aussenpolitik-trump-groenland-iran-jeremy-shapiro\" data-ct-label=\"Au\u00dfenpolitik von Trump: &quot;Europa m\u00fcsste dem Mobber Trump endlich die Stirn bieten&quot;\" data-uuid=\"a0c42dba-40d6-44b6-8e15-d8cd3f71fbd0\" rel=\"nofollow noopener\" target=\"_blank\"><\/p>\n<p>        Z+ (abopflichtiger Inhalt);<\/p>\n<p>    Au\u00dfenpolitik von Trump:<br \/>\n                        &#8222;Europa m\u00fcsste dem Mobber Trump endlich die Stirn bieten&#8220;<\/p>\n<p>                <\/a><\/p>\n<p>                <a href=\"https:\/\/www.zeit.de\/politik\/ausland\/2026-01\/us-hegemonie-donald-trump-mark-carney-imperialismus\" data-ct-label=\"US-Hegemonie: Gegen die L\u00fcgen einer neuen US-Hegemonie\" data-uuid=\"042ea587-5f4d-4b66-b339-86969aab4f83\" rel=\"nofollow noopener\" target=\"_blank\"><\/p>\n<p>        Z+ (abopflichtiger Inhalt);<\/p>\n<p>    US-Hegemonie:<br \/>\n                        Gegen die L\u00fcgen einer neuen US-Hegemonie<\/p>\n<p>                <\/a><\/p>\n<p class=\"paragraph article__item\">Mit Material der Nachrichtenagentur epd.\u00a0<\/p>\n","protected":false},"excerpt":{"rendered":"In ihrem Jahresbericht prangert die Menschenrechtsorganisation Human Rights Watch die Politik von US-Pr\u00e4sident Donald Trump an. In nur&hellip;\n","protected":false},"author":2,"featured_media":770585,"comment_status":"","ping_status":"","sticky":false,"template":"","format":"standard","meta":{"footnotes":"","_share_on_mastodon":"0"},"categories":[3],"tags":[507,106,13,11314,130,382,14,15,10980,16,12,10,8,9,11,103,104],"class_list":["post-770584","post","type-post","status-publish","format-standard","has-post-thumbnail","category-welt","tag-demonstration","tag-donald-trump","tag-headlines","tag-meinungsfreiheit","tag-menschenrechte","tag-migration","tag-nachrichten","tag-news","tag-ngo","tag-politik","tag-schlagzeilen","tag-top-news","tag-top-meldungen","tag-topmeldungen","tag-topnews","tag-welt","tag-world"],"share_on_mastodon":{"url":"https:\/\/pubeurope.com\/@de\/116010957056888621","error":""},"_links":{"self":[{"href":"https:\/\/www.europesays.com\/de\/wp-json\/wp\/v2\/posts\/770584","targetHints":{"allow":["GET"]}}],"collection":[{"href":"https:\/\/www.europesays.com\/de\/wp-json\/wp\/v2\/posts"}],"about":[{"href":"https:\/\/www.europesays.com\/de\/wp-json\/wp\/v2\/types\/post"}],"author":[{"embeddable":true,"href":"https:\/\/www.europesays.com\/de\/wp-json\/wp\/v2\/users\/2"}],"replies":[{"embeddable":true,"href":"https:\/\/www.europesays.com\/de\/wp-json\/wp\/v2\/comments?post=770584"}],"version-history":[{"count":0,"href":"https:\/\/www.europesays.com\/de\/wp-json\/wp\/v2\/posts\/770584\/revisions"}],"wp:featuredmedia":[{"embeddable":true,"href":"https:\/\/www.europesays.com\/de\/wp-json\/wp\/v2\/media\/770585"}],"wp:attachment":[{"href":"https:\/\/www.europesays.com\/de\/wp-json\/wp\/v2\/media?parent=770584"}],"wp:term":[{"taxonomy":"category","embeddable":true,"href":"https:\/\/www.europesays.com\/de\/wp-json\/wp\/v2\/categories?post=770584"},{"taxonomy":"post_tag","embeddable":true,"href":"https:\/\/www.europesays.com\/de\/wp-json\/wp\/v2\/tags?post=770584"}],"curies":[{"name":"wp","href":"https:\/\/api.w.org\/{rel}","templated":true}]}}