{"id":770609,"date":"2026-02-04T06:46:11","date_gmt":"2026-02-04T06:46:11","guid":{"rendered":"https:\/\/www.europesays.com\/de\/770609\/"},"modified":"2026-02-04T06:46:11","modified_gmt":"2026-02-04T06:46:11","slug":"kegelbrueder-erhalten-grossteil-der-kaution-zurueck","status":"publish","type":"post","link":"https:\/\/www.europesays.com\/de\/770609\/","title":{"rendered":"Kegelbr\u00fcder erhalten Gro\u00dfteil der Kaution zur\u00fcck"},"content":{"rendered":"<p>Die wegen Brandstiftung auf Mallorca angeklagten Hobbykegler aus Albachten erhalten nach einem Bericht der &#8222;Mallorca Zeitung&#8220; einen Gro\u00dfteil der f\u00fcr ihre Freilassung hinterlegten Kaution zur\u00fcck. Die acht Angeklagten hatten 2022 insgesamt 500.000 Euro hinterlegen m\u00fcssen, um nach rund zwei Monaten aus der Untersuchungshaft freizukommen. Die sogenannten Kegelbr\u00fcder haben von Anfang an jede Schuld an dem Brand zur\u00fcckgewiesen.<\/p>\n<p>Das Landgericht habe in einem Beschluss, der der Zeitung vorliege, angeordnet, dass die Kaution auf 131.430,60 Euro gesenkt werde. Somit m\u00fcssten die M\u00fcnsteraner mehr als 368.000 Euro zur\u00fcckbekommen.<\/p>\n<p><a href=\"https:\/\/www.antennemuenster.de\/externalimages\/?source=jpg838\/dpa-20090101-260204-935-1126955.jpg&amp;dt=202602040635070&amp;resize=1280x853\" data-caption=\"Die spanische Rechtsanw\u00e4ltin der Deutschen, gegen die nun Anklage wegen vors\u00e4tzlicher Brandstiftung erhoben wurde, betonte die Unschuld der Kegelbr\u00fcder. (Archivbild)\" itemprop=\"contentUrl\" data-size=\"1280x853\" rel=\"nofollow noopener\" target=\"_blank\"><img decoding=\"async\" alt=\"Feuer in einem Restaurant auf Mallorca\" src=\"https:\/\/www.europesays.com\/de\/wp-content\/uploads\/2026\/02\/dpa-20090101-260204-935-1126955.jpg&#038;crop=0x85x2048x1280&#038;resize=1280x800&#038;dt=202602040635070.jpeg\" data-size=\"1280x800\"\/><\/a>Die spanische Rechtsanw\u00e4ltin der Deutschen, gegen die nun Anklage wegen vors\u00e4tzlicher Brandstiftung erhoben wurde, betonte die Unschuld der Kegelbr\u00fcder. (Archivbild)\u00a9 5vision\/dpa<\/p>\n<p>Die spanische Rechtsanw\u00e4ltin der Deutschen, gegen die nun Anklage wegen vors\u00e4tzlicher Brandstiftung erhoben wurde, betonte die Unschuld der Kegelbr\u00fcder. (Archivbild)<\/p>\n<p>\u00a9 5vision\/dpaWas sagt die Strafverteidigerin?<\/p>\n<p>Als Grund f\u00fcr die Neuberechnung habe das Gericht angef\u00fchrt, Gutachten seien zwischenzeitlich zu einer wesentlich geringeren Schadensh\u00f6he gekommen, als zun\u00e4chst unmittelbar nach dem Brand vor fast vier Jahren angenommen worden sei. &#8222;Es ist ein gro\u00dfer Erfolg&#8220;, sagte die spanische Strafverteidigerin der Deutschen, Maria Barbancho, der Zeitung.<\/p>\n<p>An der Anklage \u00e4ndert sich allerdings nichts. Nach dem Willen der spanischen Staatsanwaltschaft sollen sie wegen vors\u00e4tzlicher Brandstiftung f\u00fcr sieben Jahre ins Gef\u00e4ngnis. Zudem sollen sie zusammen Schadenersatz in H\u00f6he von 100.000 Euro zahlen. Die jungen M\u00e4nner haben von Anfang an bestritten, f\u00fcr den Brand am 20. Mai 2022 in einer Kneipe am Ballermann verantwortlich zu sein. Wann der Prozess beginnen k\u00f6nnte, ist noch nicht bekannt.<\/p>\n","protected":false},"excerpt":{"rendered":"Die wegen Brandstiftung auf Mallorca angeklagten Hobbykegler aus Albachten erhalten nach einem Bericht der &#8222;Mallorca Zeitung&#8220; einen Gro\u00dfteil&hellip;\n","protected":false},"author":2,"featured_media":770610,"comment_status":"","ping_status":"","sticky":false,"template":"","format":"standard","meta":{"footnotes":"","_share_on_mastodon":"0"},"categories":[1843],"tags":[5677,3364,29,987,30,1015,177,474,8970,1209,2283,4026,1163],"class_list":["post-770609","post","type-post","status-publish","format-standard","has-post-thumbnail","category-muenster","tag-munster","tag-de","tag-deutschland","tag-feuer","tag-germany","tag-justiz","tag-kriminalitt","tag-mallorca","tag-muenster","tag-nordrhein-westfalen","tag-prozess-gericht","tag-spanien","tag-tourismus"],"share_on_mastodon":{"url":"https:\/\/pubeurope.com\/@de\/116011020074106240","error":""},"_links":{"self":[{"href":"https:\/\/www.europesays.com\/de\/wp-json\/wp\/v2\/posts\/770609","targetHints":{"allow":["GET"]}}],"collection":[{"href":"https:\/\/www.europesays.com\/de\/wp-json\/wp\/v2\/posts"}],"about":[{"href":"https:\/\/www.europesays.com\/de\/wp-json\/wp\/v2\/types\/post"}],"author":[{"embeddable":true,"href":"https:\/\/www.europesays.com\/de\/wp-json\/wp\/v2\/users\/2"}],"replies":[{"embeddable":true,"href":"https:\/\/www.europesays.com\/de\/wp-json\/wp\/v2\/comments?post=770609"}],"version-history":[{"count":0,"href":"https:\/\/www.europesays.com\/de\/wp-json\/wp\/v2\/posts\/770609\/revisions"}],"wp:featuredmedia":[{"embeddable":true,"href":"https:\/\/www.europesays.com\/de\/wp-json\/wp\/v2\/media\/770610"}],"wp:attachment":[{"href":"https:\/\/www.europesays.com\/de\/wp-json\/wp\/v2\/media?parent=770609"}],"wp:term":[{"taxonomy":"category","embeddable":true,"href":"https:\/\/www.europesays.com\/de\/wp-json\/wp\/v2\/categories?post=770609"},{"taxonomy":"post_tag","embeddable":true,"href":"https:\/\/www.europesays.com\/de\/wp-json\/wp\/v2\/tags?post=770609"}],"curies":[{"name":"wp","href":"https:\/\/api.w.org\/{rel}","templated":true}]}}