{"id":770723,"date":"2026-02-04T07:55:10","date_gmt":"2026-02-04T07:55:10","guid":{"rendered":"https:\/\/www.europesays.com\/de\/770723\/"},"modified":"2026-02-04T07:55:10","modified_gmt":"2026-02-04T07:55:10","slug":"samsung-galaxy-s26-bis-galaxy-s26-ultra-absolut-verrueckte-preise-im-ersten-euro-leak","status":"publish","type":"post","link":"https:\/\/www.europesays.com\/de\/770723\/","title":{"rendered":"Samsung Galaxy S26 bis Galaxy S26 Ultra: Absolut verr\u00fcckte Preise im ersten Euro-Leak"},"content":{"rendered":"<p class=\"bodytext\">Wenn sich dieser Leak bewahrheitet, lagen alle bisherigen <a href=\"https:\/\/www.notebookcheck.com\/Samsung-Galaxy-S26-bis-Galaxy-S26-Ultra-Preisgestaltung-laut-Industrie-Insider.1218214.0.html\" target=\"_self\" class=\"internal-link\" rel=\"nofollow noopener\">Analysten<\/a> und <a href=\"https:\/\/www.notebookcheck.com\/Samsung-Galaxy-S26-Ultra-soll-guenstiger-werden-Leak-liefert-Hinweise-auf-Preise-des-Galaxy-S26-S26-und-S26-Ultra.1214438.0.html\" target=\"_self\" class=\"internal-link\" rel=\"nofollow noopener\">Beobachter<\/a> krass falsch, zudem d\u00fcrfte der eine oder andere Samsung-Fan den Kauf der Galaxy S26 Serie vielleicht doch \u00fcberdenken. Gleich die Warnung am Beginn: Wir wissen aktuell nicht, woher diese Angaben konkret stammen und wie verl\u00e4sslich sie sind. Der Leaker ist gew\u00f6hnlich sehr zuverl\u00e4ssig, die Quelle des Leaks kann aber schlicht falsch sein.&#13;<\/p>\n<p class=\"bodytext\">Laut MysteryLupin auf X (siehe unten) stammen die ersten EU-Preise aus Bulgarien und liegen allesamt deutlich \u00fcber dem Preisniveau der Galaxy S25 Familie. Demnach wird das Galaxy S26 mit 12 GB RAM und 256 GB Speicher 1.199 Euro kosten, das w\u00e4ren 240 Euro \u00fcber der deutschen UVP des 256 GB Modells aus 2025. Wer das kompaktere Galaxy S26 mit 512 GB Speicher haben will, soll angeblich verr\u00fcckte 1.429 Euro auf den Tisch legen, das w\u00e4ren sogar 350 Euro \u00fcber dem gleichwertigen Vorg\u00e4ngermodell.&#13;<\/p>\n<p class=\"bodytext\">Das gr\u00f6\u00dfere Galaxy S26+ startet laut Leak mit 12 GB RAM und 256 GB Speicher um 1.499 Euro, das w\u00e4ren 350 Euro \u00fcber dem Preisniveau des Vorjahres. Mit 512 GB Speicher w\u00fcrde man angeblich bereits 1.729 Euro zahlen, 460 Euro \u00fcber dem gleichwertigen Galaxy S25+. Last but not least startet das Galaxy S26 Ultra offenbar mit 12 GB RAM und 256 GB Speicher um 1.739 Euro, 290 Euro \u00fcber dem Preis des Vorg\u00e4ngers. Mit 512 GB soll man offenbar 1.969 Euro auf den Tisch legen (400 Euro teurer), mit 12 GB RAM und 1 TB Speicher erstmals mehr als 2.000 Euro, konkret 2.329 Euro.&#13;<\/p>\n<p>Anmerkungen unsererseits<\/p>\n<p class=\"bodytext\">Wir kennen das urspr\u00fcngliche Preisniveau der Galaxy S25 Serie in Bulgarien nicht, das im Vorjahr noch nicht auf Eurobasis berechnet wurde. Wir haben oben mit den UVPs zum Start der Galaxy S25 Serie in Deutschland verglichen. Durchaus m\u00f6glich, dass diese Preise f\u00fcr Bulgarien korrekt sind, nicht aber f\u00fcr Deutschland obwohl wir das aktuell auch f\u00fcr eher unwahrscheinlich halten. Die VAT-Rate ist mit 20 Prozent gleich hoch wie in \u00d6sterreich und 1 Prozent \u00fcber jener in Deutschland.\u00a0<a href=\"https:\/\/x.com\/MysteryLupin\/status\/2018788269677531497\" target=\"_blank\" class=\"external-link-new-window\" rel=\"nofollow\">In einem Folgetweet<\/a> erw\u00e4hnte der Leaker \u00fcbrigens, dass die 128 GB Version eventuell doch noch zur\u00fcckkommen k\u00f6nnte.<\/p>\n<p><a href=\"https:\/\/www.notebookcheck.com\/Redaktion.113895.0.html?&amp;tx_nbc2journalist_pi1%5Bmode%5D=show&amp;tx_nbc2journalist_pi1%5Buid%5D=204\" rel=\"nofollow noopener\" target=\"_blank\"><img decoding=\"async\" src=\"https:\/\/www.europesays.com\/de\/wp-content\/uploads\/2025\/03\/csm_alex_am_weg_malta_e79154afb7.jpg\" loading=\"lazy\" width=\"120\" height=\"120\" alt=\"Alexander Fagot\"\/><\/a><a href=\"https:\/\/www.notebookcheck.com\/Redaktion.113895.0.html?&amp;tx_nbc2journalist_pi1%5Bmode%5D=show&amp;tx_nbc2journalist_pi1%5Buid%5D=204\" class=\"j_name\" rel=\"nofollow noopener\" target=\"_blank\">Alexander Fagot<\/a> &#8211; Managing Editor News  &#8211; 11305 Artikel auf Notebookcheck ver\u00f6ffentlicht seit 2016<\/p>\n<p>Als Tech-begeisterter Jugendlicher mit Assembling- und Overclocking-Vergangenheit, arbeitete ich als Filmvorf\u00fchrer noch mit dem guten alten 35 mm Film, bevor ich professionell in die Computerwelt eingestiegen bin und 7 Jahre lang Kunden beim \u00f6sterreichischen IT-Dienstleister Iphos IT Solutions als Windows Client- und Server-Administrator sowie Projektmanager betreut habe. Als viel reisender Freelancer schreibe ich nun schon seit 2016 f\u00fcr Notebookcheck von allen Ecken dieser Welt aus \u00fcber brandaktuelle mobile Technologien in Smartphones, Laptops und Gadgets aller Art.<\/p>\n","protected":false},"excerpt":{"rendered":"Wenn sich dieser Leak bewahrheitet, lagen alle bisherigen Analysten und Beobachter krass falsch, zudem d\u00fcrfte der eine oder&hellip;\n","protected":false},"author":2,"featured_media":770724,"comment_status":"","ping_status":"","sticky":false,"template":"","format":"standard","meta":{"footnotes":"","_share_on_mastodon":"0"},"categories":[135],"tags":[260,28206,29,174957,174956,258,80327,80329,30,235,261,259,251,253,234,264,263,15,250,252,174958,13352,262,363,190,189,194,191,254,255,257,256,193,192],"class_list":["post-770723","post","type-post","status-publish","format-standard","has-post-thumbnail","category-wissenschaft-technik","tag-benchmarks","tag-bulgarien","tag-deutschland","tag-eu-preise","tag-europreise","tag-forum","tag-galaxy-s26","tag-galaxy-s26-ultra","tag-germany","tag-geruecht","tag-grafikkarten","tag-informationen","tag-laptop","tag-laptops","tag-leak","tag-netbook","tag-netbooks","tag-news","tag-notebook","tag-notebooks","tag-preis-leak","tag-preissteigerung","tag-prozessoren","tag-samsung","tag-science","tag-science-technology","tag-technik","tag-technology","tag-test","tag-testbericht","tag-testberichte","tag-tests","tag-wissenschaft","tag-wissenschaft-technik"],"share_on_mastodon":{"url":"https:\/\/pubeurope.com\/@de\/116011291453643008","error":""},"_links":{"self":[{"href":"https:\/\/www.europesays.com\/de\/wp-json\/wp\/v2\/posts\/770723","targetHints":{"allow":["GET"]}}],"collection":[{"href":"https:\/\/www.europesays.com\/de\/wp-json\/wp\/v2\/posts"}],"about":[{"href":"https:\/\/www.europesays.com\/de\/wp-json\/wp\/v2\/types\/post"}],"author":[{"embeddable":true,"href":"https:\/\/www.europesays.com\/de\/wp-json\/wp\/v2\/users\/2"}],"replies":[{"embeddable":true,"href":"https:\/\/www.europesays.com\/de\/wp-json\/wp\/v2\/comments?post=770723"}],"version-history":[{"count":0,"href":"https:\/\/www.europesays.com\/de\/wp-json\/wp\/v2\/posts\/770723\/revisions"}],"wp:featuredmedia":[{"embeddable":true,"href":"https:\/\/www.europesays.com\/de\/wp-json\/wp\/v2\/media\/770724"}],"wp:attachment":[{"href":"https:\/\/www.europesays.com\/de\/wp-json\/wp\/v2\/media?parent=770723"}],"wp:term":[{"taxonomy":"category","embeddable":true,"href":"https:\/\/www.europesays.com\/de\/wp-json\/wp\/v2\/categories?post=770723"},{"taxonomy":"post_tag","embeddable":true,"href":"https:\/\/www.europesays.com\/de\/wp-json\/wp\/v2\/tags?post=770723"}],"curies":[{"name":"wp","href":"https:\/\/api.w.org\/{rel}","templated":true}]}}