{"id":770861,"date":"2026-02-04T09:10:16","date_gmt":"2026-02-04T09:10:16","guid":{"rendered":"https:\/\/www.europesays.com\/de\/770861\/"},"modified":"2026-02-04T09:10:16","modified_gmt":"2026-02-04T09:10:16","slug":"bassist-david-ellefson-ex-megadeth-kritisiert-neues-album","status":"publish","type":"post","link":"https:\/\/www.europesays.com\/de\/770861\/","title":{"rendered":"Bassist David Ellefson (Ex-Megadeth) kritisiert neues Album"},"content":{"rendered":"<p>David Ellefson (Ex-<a href=\"https:\/\/www.metal-hammer.de\/artists\/megadeth\/\" rel=\"nofollow noopener\" target=\"_blank\">Megadeth<\/a>) kommentiert oft und gerne, was Megadeth und deren Frontmann Dave Mustaine gerade machen. So auch in der neuesten Folge seines Podcasts,<a href=\"https:\/\/www.youtube.com\/playlist?list=PL68WLwjsG6TKIFTIk7mLPPsulRtMZYdNE\" target=\"_blank\" rel=\"noopener nofollow\"> The David Ellefson Show<\/a>, in der er das neueste Album (<a href=\"https:\/\/www.metal-hammer.de\/reviews\/megadeth-megadeth\/\" rel=\"nofollow noopener\" target=\"_blank\">MEGADETH<\/a>) der Thrash-Giganten bespricht.<\/p>\n<p>Riff-Klau<\/p>\n<p>Dass Mustaine sich dazu entschieden hat, \u2018Ride The Lightning\u2019 in einer eigenen Version zu ver\u00f6ffentlichen, kommentiert Ellefson mit einem leichten Lachen: \u201eDas Lustige ist, dass Dave damals sauer war, dass Kirk Hammett seine Soli spielte, und jetzt spielt Dave selbst Kirks Soli.\u201c<\/p>\n<p>Empfehlungen der Redaktion<\/p>\n<p>Der Bassist erinnert sich an den Abend, an dem Mustaine erstmals <a href=\"https:\/\/www.metal-hammer.de\/reviews\/metallica-ride-the-lightning-2\/\" rel=\"nofollow noopener\" target=\"_blank\">RIDE THE LIGHTNING<\/a> (1984) h\u00f6rte und so erfuhr, dass <a href=\"https:\/\/www.metal-hammer.de\/artists\/metallica\/\" rel=\"nofollow noopener\" target=\"_blank\">Metallica<\/a> seine Riffs in dem Titel-Song verwendet hatten. Er erz\u00e4hlt:\u00a0\u201eGreg Handevidt (fr\u00fcher Megadeth-Gitarrist \u2013 Anm.d.Red.) ist der Meinung, das Riff sei anfangs noch in \u2018Set The World Afire\u2019 gewesen. Er hat vielleicht recht, es kann in diesem Lied gewesen sein und wir mussten es herausnehmen, weil sie (Metallica \u2013 Anm.d.Red.) es benutzt hatten.<\/p>\n<p>Mit Megadeth abgeschlossen<\/p>\n<p>Offensichtlich haben sie ein paar von Daves Riffs verwendet. Aber Dave spricht jetzt so dar\u00fcber, als h\u00e4tten sie alle in einem Raum gesessen und \u2018Ride The Lightning\u2019 geschrieben. Ich war nicht da, kenne keine Details. Aber ich denke, wenn es ein fertiger Song gewesen w\u00e4re, w\u00e4re er auf <a href=\"https:\/\/www.metal-hammer.de\/reviews\/metallica-kill-em-all\/\" rel=\"nofollow noopener\" target=\"_blank\">KILL \u201aEM ALL<\/a> (1983) gelandet. Ist er nicht. Er kam ein paar Jahre sp\u00e4ter. War Dave also beteiligt? Ja. Aber es wirkt auf mich, als w\u00e4re das Lied fertiggestellt worden, als er schon aus der Band war\u201c, meint der Bassist.<\/p>\n<p>Trotz seiner Kommentare behauptet Ellefson, er habe mit Megadeth abgeschlossen. Er sagt: \u201eMir ist das egal. Ich habe Dave und Megadeth hinter mir gelassen. Das ist alles in meinen R\u00fcckspiegel.\u201c\u00a0Dennoch f\u00fchlte sich der Bassist von Mustaines Aussage in einem Radio-Interview angesprochen, in der er sagte, es w\u00fcrde wegen des Verhaltens eines ehemaligen Mitglieds keine Reunion mit allen Mitgliedern geben.<\/p>\n<p>\u201eFake News\u201c<\/p>\n<p>Er sagt: \u201eIch finde es l\u00e4cherlich, dass etwas, das ich getan haben soll, so unverzeihlich gewesen sein soll, dass es deswegen keine Reunion geben soll. Fake-Geschichte, falscher Skandal. H\u00f6r mir nur mit dem Schei\u00df auf. Fake News. Das ist einfach nur albern und l\u00e4cherlich.\u201c<\/p>\n<p>An dieser Stelle findest du Inhalte aus Youtube<\/p>\n<p>Um mit Inhalten aus Sozialen Netzwerken zu interagieren oder diese darzustellen, brauchen wir deine Zustimmung.<\/p>\n<p>\tSoziale Netzwerke aktivieren<\/p>\n<p>Bez\u00fcglich des neuen Albums meint er: \u201eDas ist ganz klar Dave und seine neue Band. Dave und seine neuen Typen. Es steht Megadeth drauf, deswegen bekommt es auch die ganze Aufmerksamkeit. Aber realistisch betrachtet h\u00f6rt es sich f\u00fcr mich nicht nach einem Megadeth-Album an. Das ist nur meine Meinung \u2013 Punkt. Es h\u00f6rt sich an wie das, was Dave sonst so macht, aber mit ein paar neuen Jungs\u2026\u201c<\/p>\n<p>\u2014<br \/>Bestens informiert \u00fcber dieses und alle weiteren wichtigen Themen im Metal bleibt ihr au\u00dferdem mit unserem Newsletter. Einmal pro Woche flattert euch \u00fcbersichtlich sortiert ein Update ins Postfach.\u00a0<a href=\"https:\/\/www.metal-hammer.de\/news\/newsletter\/\" target=\"_blank\" rel=\"noopener noreferrer nofollow\"><strong>Einfach anmelden<\/strong><\/a>, damit euch auch sicher nichts entgeht.<\/p>\n","protected":false},"excerpt":{"rendered":"David Ellefson (Ex-Megadeth) kommentiert oft und gerne, was Megadeth und deren Frontmann Dave Mustaine gerade machen. So auch&hellip;\n","protected":false},"author":2,"featured_media":770862,"comment_status":"","ping_status":"","sticky":false,"template":"","format":"standard","meta":{"footnotes":"","_share_on_mastodon":"0"},"categories":[1772],"tags":[16013,47448,29,214,30,27191,1779,810,3070,174979,174980,215],"class_list":["post-770861","post","type-post","status-publish","format-standard","has-post-thumbnail","category-musik","tag-dave-mustaine","tag-david-ellefson","tag-deutschland","tag-entertainment","tag-germany","tag-megadeth","tag-music","tag-musik","tag-neues-album","tag-ride-the-lightning","tag-sex-skandal","tag-unterhaltung"],"share_on_mastodon":{"url":"https:\/\/pubeurope.com\/@de\/116011586399920968","error":""},"_links":{"self":[{"href":"https:\/\/www.europesays.com\/de\/wp-json\/wp\/v2\/posts\/770861","targetHints":{"allow":["GET"]}}],"collection":[{"href":"https:\/\/www.europesays.com\/de\/wp-json\/wp\/v2\/posts"}],"about":[{"href":"https:\/\/www.europesays.com\/de\/wp-json\/wp\/v2\/types\/post"}],"author":[{"embeddable":true,"href":"https:\/\/www.europesays.com\/de\/wp-json\/wp\/v2\/users\/2"}],"replies":[{"embeddable":true,"href":"https:\/\/www.europesays.com\/de\/wp-json\/wp\/v2\/comments?post=770861"}],"version-history":[{"count":0,"href":"https:\/\/www.europesays.com\/de\/wp-json\/wp\/v2\/posts\/770861\/revisions"}],"wp:featuredmedia":[{"embeddable":true,"href":"https:\/\/www.europesays.com\/de\/wp-json\/wp\/v2\/media\/770862"}],"wp:attachment":[{"href":"https:\/\/www.europesays.com\/de\/wp-json\/wp\/v2\/media?parent=770861"}],"wp:term":[{"taxonomy":"category","embeddable":true,"href":"https:\/\/www.europesays.com\/de\/wp-json\/wp\/v2\/categories?post=770861"},{"taxonomy":"post_tag","embeddable":true,"href":"https:\/\/www.europesays.com\/de\/wp-json\/wp\/v2\/tags?post=770861"}],"curies":[{"name":"wp","href":"https:\/\/api.w.org\/{rel}","templated":true}]}}