{"id":770967,"date":"2026-02-04T10:09:10","date_gmt":"2026-02-04T10:09:10","guid":{"rendered":"https:\/\/www.europesays.com\/de\/770967\/"},"modified":"2026-02-04T10:09:10","modified_gmt":"2026-02-04T10:09:10","slug":"das-sind-die-optionen-fuer-das-pumpenhaeuschen","status":"publish","type":"post","link":"https:\/\/www.europesays.com\/de\/770967\/","title":{"rendered":"Das sind die Optionen f\u00fcr das Pumpenh\u00e4uschen"},"content":{"rendered":"<p class=\"richtext text-em-55 !leading-serif mx-6 desktop:mx-0\">Ein \u201eDenkmal erlebbar machen\u201c, das war der Arbeitstitel, mit der eine Machbarkeitsstudie die Zukunft des Pumpenh\u00e4uschens am Herbert-Eulenberg-Weg ausloten sollte. Die Bezeichnung d\u00fcrfte dabei den Vorstellungen der Bezirksvertretung 5 (Stockum, Lohausen, Kaiserswerth, Wittlaer, Angermund, Kalkum) entsprochen haben, welche die Studie mit eigenen Mitteln vor rund einem Jahr in Auftrag gab. Vergangenen Dienstag bekamen die Bezirksvertreter nun vom Kulturamt zu h\u00f6ren, welche Optionen f\u00fcr das Haus am Rheindeich denkbar w\u00e4ren \u2013 und was die Sanierung des denkmalgesch\u00fctzten Geb\u00e4udes voraussichtlich kosten d\u00fcrfte.<\/p>\n","protected":false},"excerpt":{"rendered":"Ein \u201eDenkmal erlebbar machen\u201c, das war der Arbeitstitel, mit der eine Machbarkeitsstudie die Zukunft des Pumpenh\u00e4uschens am Herbert-Eulenberg-Weg&hellip;\n","protected":false},"author":2,"featured_media":770968,"comment_status":"","ping_status":"","sticky":false,"template":"","format":"standard","meta":{"footnotes":"","_share_on_mastodon":"0"},"categories":[1831],"tags":[3364,29,3405,174993,30,40279,1209],"class_list":["post-770967","post","type-post","status-publish","format-standard","has-post-thumbnail","category-duesseldorf","tag-de","tag-deutschland","tag-duesseldorf","tag-eulenberg","tag-germany","tag-herbert","tag-nordrhein-westfalen"],"share_on_mastodon":{"url":"https:\/\/pubeurope.com\/@de\/116011818309365839","error":""},"_links":{"self":[{"href":"https:\/\/www.europesays.com\/de\/wp-json\/wp\/v2\/posts\/770967","targetHints":{"allow":["GET"]}}],"collection":[{"href":"https:\/\/www.europesays.com\/de\/wp-json\/wp\/v2\/posts"}],"about":[{"href":"https:\/\/www.europesays.com\/de\/wp-json\/wp\/v2\/types\/post"}],"author":[{"embeddable":true,"href":"https:\/\/www.europesays.com\/de\/wp-json\/wp\/v2\/users\/2"}],"replies":[{"embeddable":true,"href":"https:\/\/www.europesays.com\/de\/wp-json\/wp\/v2\/comments?post=770967"}],"version-history":[{"count":0,"href":"https:\/\/www.europesays.com\/de\/wp-json\/wp\/v2\/posts\/770967\/revisions"}],"wp:featuredmedia":[{"embeddable":true,"href":"https:\/\/www.europesays.com\/de\/wp-json\/wp\/v2\/media\/770968"}],"wp:attachment":[{"href":"https:\/\/www.europesays.com\/de\/wp-json\/wp\/v2\/media?parent=770967"}],"wp:term":[{"taxonomy":"category","embeddable":true,"href":"https:\/\/www.europesays.com\/de\/wp-json\/wp\/v2\/categories?post=770967"},{"taxonomy":"post_tag","embeddable":true,"href":"https:\/\/www.europesays.com\/de\/wp-json\/wp\/v2\/tags?post=770967"}],"curies":[{"name":"wp","href":"https:\/\/api.w.org\/{rel}","templated":true}]}}