{"id":770995,"date":"2026-02-04T10:23:14","date_gmt":"2026-02-04T10:23:14","guid":{"rendered":"https:\/\/www.europesays.com\/de\/770995\/"},"modified":"2026-02-04T10:23:14","modified_gmt":"2026-02-04T10:23:14","slug":"am-limit-die-feuerwehr-musste-im-januar-jede-minute-ausruecken-regional","status":"publish","type":"post","link":"https:\/\/www.europesays.com\/de\/770995\/","title":{"rendered":"Am Limit: Die Feuerwehr musste im Januar jede Minute ausr\u00fccken | Regional"},"content":{"rendered":"<p><a class=\"skip-content skip-content--link\" href=\"#in-content-skip-link-target-v-0-0\">TTS-Player \u00fcberspringen\u21b5<\/a><a id=\"in-content-skip-link-target-v-0-0\" class=\"skip-content--target-link-hidden skip-content skip-content--target-link\" href=\"#in-content-skip-link-target-v-0-0\">Artikel weiterlesen<\/a><\/p>\n<p>Berlin \u2013 <b>So einen Januar hat die Berliner Feuerwehr noch nie erlebt!<\/b><\/p>\n<p>In der 175 Jahre alten Geschichte der Beh\u00f6rde mussten die Retter in keinem Januar h\u00e4rter ran als in diesem Jahr. Das teilte <a href=\"https:\/\/www.bild.de\/themen\/organisationen\/feuerwehr\/politik-nachrichten-news-fotos-videos-20421624.bild.html\" class=\"text-link\" rel=\"nofollow noopener\" target=\"_blank\">Feuerwehr<\/a>-Chef Karsten Homrighausen (58) in einer internen Mail an alle Beamten und Mitarbeiter mit.<\/p>\n<p><b>\u201eDie Bew\u00e4ltigung dessen war ein Kraftakt, f\u00fcr den ich meinen \u201aHelm\u2018 vor Ihnen ziehe\u201c, schreibt Homrighausen an die Belegschaft.<\/b><\/p>\n<p>51.259 Eins\u00e4tze in nur 31 Tagen<\/p>\n<p>Die nackten Zahlen zeigen die Wucht dieses Monats: An den 31 Januartagen gab es 51.259 Eins\u00e4tze. Umgerechnet sind das 1,15 pro Minute.<\/p>\n<p>Allein an den ersten f\u00fcnf Tagen des Jahres r\u00fcckten die Einsatzkr\u00e4fte 2.955-mal wegen Sturzverletzungen aus. Auch anderen Tagen war die Belastung extrem hoch. <\/p>\n<p>Silvester, Stromausfall und Glatteis fordern Feuerwehr<\/p>\n<p>Am 01.01.26, in der <a href=\"https:\/\/www.bild.de\/news\/aktuelles\/silvester\/silvester-alle-infos-78626266.bild.html\" class=\"text-link\" rel=\"nofollow noopener\" target=\"_blank\">Silvesternacht<\/a> und an Neujahr, z\u00e4hlte die Berliner Feuerwehr 2440 Eins\u00e4tze. Nur zwei Tage sp\u00e4ter, am 03.01.26, schlug der Stromausfall in Steglitz-Zehlendorf voll durch: 1.714-mal mussten die Retter ausr\u00fccken.  <\/p>\n<p><img decoding=\"async\" width=\"992\" height=\"558\" alt=\"In der Silvesternacht r\u00fcckte die Feuerwehr zu 2440 Eins\u00e4tzen aus\" src=\"https:\/\/www.europesays.com\/de\/wp-content\/uploads\/2026\/02\/296c234e046252f3eb5ad21dd567fb2b,bc736a9e.jpeg\"   class=\"landscape\" loading=\"lazy\"\/><\/p>\n<p class=\"fig__caption__text\">In der Silvesternacht r\u00fcckte die Feuerwehr zu 2440 Eins\u00e4tzen aus<\/p>\n<p>Foto: Axel Lier<\/p>\n<p>Am 05.01.26 sorgte Glatteis f\u00fcr 1763 Eins\u00e4tze. Und auch zum Monatsende blieb es extrem: Vom 26.01.26 bis 29.01.26 arbeiteten die Kr\u00e4fte im Schnitt 1.743 Alarmierungen pro Tag ab. Am 30.01.26 f\u00fchrte erneutes Glatteis sogar zu 2170 Eins\u00e4tzen.<\/p>\n<p>Rettungsdienst am Limit<\/p>\n<p><b>\u201eDer Schwerpunkt dieser Tage lag im <\/b><a href=\"https:\/\/www.bild.de\/themen\/organisationen\/rettungsdienst\/politik-nachrichten-news-fotos-videos-19795274.bild.html\" class=\"text-link\" rel=\"nofollow noopener\" target=\"_blank\"><b>Rettungsdienst<\/b><\/a><b>\u201c, erkl\u00e4rt Homrighausen. Die enorme Zahl an Notf\u00e4llen zwang die Feuerwehr zu besonderen Ma\u00dfnahmen.<\/b><\/p>\n<p>Dazu geh\u00f6rte die Festbesetzung aller RTW-X (Eins\u00e4tze nur f\u00fcr kurze Strecken), die Alarmierung aller Freiwilligen Feuerwehren sowie der teilweise Transport von Patienten in <a href=\"https:\/\/www.bild.de\/themen\/organisationen\/krankenhaus\/krankenhaus-nachrichten-news-fotos-videos-42750176.bild.html\" class=\"text-link\" rel=\"nofollow noopener\" target=\"_blank\">Krankenh\u00e4usern<\/a> auch mit anderen Fahrzeugen. <\/p>\n<p>Mehr zum ThemaDank an Haupt- und Ehrenamtliche<\/p>\n<p>Der Feuerwehr-Chef macht deutlich, wie gro\u00df die Belastung war. \u201eMir ist bewusst, welche Belastung solche Einsatzzahlen f\u00fcr Sie bedeuten. Daher danke ich Ihnen f\u00fcr Ihren unerm\u00fcdlichen Einsatz au\u00dferordentlich\u201c, schreibt Homrighausen.<\/p>\n<p><img decoding=\"async\" width=\"992\" height=\"558\" alt=\"W\u00e4hrend des Stromausfalls \u2013 kurz nach dem Jahreswechsel \u2013 musste die Feuerwehr zu vielen Eins\u00e4tzen ausr\u00fccken\" src=\"https:\/\/www.europesays.com\/de\/wp-content\/uploads\/2026\/02\/5a78dd81bc4b4b992922e8bb12a3f863,ca13f6de.jpeg\"   class=\"landscape\" loading=\"lazy\"\/><\/p>\n<p class=\"fig__caption__text\">W\u00e4hrend des Stromausfalls \u2013 kurz nach dem Jahreswechsel \u2013 musste die Feuerwehr zu vielen Eins\u00e4tzen ausr\u00fccken<\/p>\n<p>Foto: Carsten Koall\/dpa<\/p>\n<p><b>Sein besonderer Dank gilt den Ehrenamtlichen<\/b> <b>der Freiwilligen Feuerwehren, den Hilfsorganisationen und dem <\/b><a href=\"https:\/\/www.bild.de\/partner\/brandstudio\/advertorial\/thw-das-technische-hilfswerk-wer-hilft-uns-bei-katastrophen-78084734.bild.html\" class=\"text-link\" rel=\"nofollow noopener\" target=\"_blank\"><b>THW<\/b><\/a><b>. Ebenso w\u00fcrdigt er die Kr\u00e4fte im Hintergrund, die zus\u00e4tzlich zur Alltagsarbeit St\u00e4be besetzten oder in Sonderschichten Fahrzeuge einsatzbereit hielten.<\/b><\/p>\n","protected":false},"excerpt":{"rendered":"TTS-Player \u00fcberspringen\u21b5Artikel weiterlesen Berlin \u2013 So einen Januar hat die Berliner Feuerwehr noch nie erlebt! In der 175&hellip;\n","protected":false},"author":2,"featured_media":770996,"comment_status":"","ping_status":"","sticky":false,"template":"","format":"standard","meta":{"footnotes":"","_share_on_mastodon":"0"},"categories":[1825],"tags":[296,29,985,30,140601,16406,2281,5667,45,4951],"class_list":["post-770995","post","type-post","status-publish","format-standard","has-post-thumbnail","category-berlin","tag-berlin","tag-deutschland","tag-feuerwehr","tag-germany","tag-glatteis","tag-schnee","tag-silvester","tag-stromausfall","tag-texttospeech","tag-winter"],"share_on_mastodon":{"url":"https:\/\/pubeurope.com\/@de\/116011873609586767","error":""},"_links":{"self":[{"href":"https:\/\/www.europesays.com\/de\/wp-json\/wp\/v2\/posts\/770995","targetHints":{"allow":["GET"]}}],"collection":[{"href":"https:\/\/www.europesays.com\/de\/wp-json\/wp\/v2\/posts"}],"about":[{"href":"https:\/\/www.europesays.com\/de\/wp-json\/wp\/v2\/types\/post"}],"author":[{"embeddable":true,"href":"https:\/\/www.europesays.com\/de\/wp-json\/wp\/v2\/users\/2"}],"replies":[{"embeddable":true,"href":"https:\/\/www.europesays.com\/de\/wp-json\/wp\/v2\/comments?post=770995"}],"version-history":[{"count":0,"href":"https:\/\/www.europesays.com\/de\/wp-json\/wp\/v2\/posts\/770995\/revisions"}],"wp:featuredmedia":[{"embeddable":true,"href":"https:\/\/www.europesays.com\/de\/wp-json\/wp\/v2\/media\/770996"}],"wp:attachment":[{"href":"https:\/\/www.europesays.com\/de\/wp-json\/wp\/v2\/media?parent=770995"}],"wp:term":[{"taxonomy":"category","embeddable":true,"href":"https:\/\/www.europesays.com\/de\/wp-json\/wp\/v2\/categories?post=770995"},{"taxonomy":"post_tag","embeddable":true,"href":"https:\/\/www.europesays.com\/de\/wp-json\/wp\/v2\/tags?post=770995"}],"curies":[{"name":"wp","href":"https:\/\/api.w.org\/{rel}","templated":true}]}}