{"id":771335,"date":"2026-02-04T13:24:13","date_gmt":"2026-02-04T13:24:13","guid":{"rendered":"https:\/\/www.europesays.com\/de\/771335\/"},"modified":"2026-02-04T13:24:13","modified_gmt":"2026-02-04T13:24:13","slug":"staatsschutz-ermittelt-nach-naechtlicher-graffiti-aktion-am-pontwall","status":"publish","type":"post","link":"https:\/\/www.europesays.com\/de\/771335\/","title":{"rendered":"Staatsschutz ermittelt nach n\u00e4chtlicher Graffiti-Aktion am Pontwall"},"content":{"rendered":"<p>Sachbesch\u00e4digung am Pontwall <\/p>\n<p>Staatsschutz ermittelt nach n\u00e4chtlicher Graffiti-Aktion<\/p>\n<p>04.02.2026 &#8211; 13:57 UhrLesedauer: 1 Min.<\/p>\n<p><a href=\"#focus-0\" class=\"transition-colors duration-200 block text-current relative\" data-sctrack=\"FocusGalleryImage.Reference\"><img fetchpriority=\"high\" data-testid=\"Opener.Image\" style=\"--lqipURL:url('https:\/\/images.t-online.de\/2026\/02\/CPyDKLihO3q3\/0x364:3500x1969\/fit-in\/150x0\/filters:blur(25)\/deutschland-baden-wuerttemberg-friedrichshafen-am-bodensee-09-082025-deutschland-ger-baden-wuerttemberg-friedrichshafen-am-bodensee-im-bild-themenbild-graffiti-sprayer-streetart-dose-wandkunst-urban-art-tags-mural-farbe-kreativitaet-ausdruck-legal-wall-skizze-stylewriting-hip-hop-kultur-subkultur-kunstszene-schriftzuege-farbverlauf-botschaft-bild-symbolbild-feature-baden-wuerttemberg-germany-baden-wuerttemberg-friedrichshafen-on-lake-constance-09-08-2025-germany-ger-b.jpg')\"   loading=\"eager\" src=\"https:\/\/www.europesays.com\/de\/wp-content\/uploads\/2026\/02\/deutschland-baden-wuerttemberg-friedrichshafen-am-bodensee-09-082025-deutschland-ger-baden-wuerttemb.jpeg\" alt=\"imago images 0829788861\" title=\"imago images 0829788861\" width=\"3500\" height=\"1969\" class=\"bg-[url:var(--lqipURL)] bg-cover bg-center flex h-full w-full max-w-full\" decoding=\"async\"\/><img style=\"--width:32;--height:32\" loading=\"lazy\" src=\"https:\/\/aachen.t-online.de\/s\/paper\/_next\/static\/media\/zoom-in.f7dae02f.svg\" alt=\"Vergr\u00f6\u00dfern des Bildes\" title=\"Vergr\u00f6\u00dfern des Bildes\" class=\"block h-[calc(var(--height)_\/_16_*_1rem)] w-[calc(var(--width)_\/_16_*_1rem)] max-w-none absolute bottom-8 right-8 rounded-4 bg-snow p-8\" decoding=\"async\"\/><\/a><\/p>\n<p>Spr\u00fchende Hand mit Dose (Symbolbild): Staatsschutz ermittelt nach Graffiti-Aktion in Aachen. (Quelle: IMAGO\/Harald Dostal\/imago)<\/p>\n<p class=\"font-bold text-18 leading-17\">Vermummte Personen beschmieren die Mensa Academica und ein Nebengeb\u00e4ude mit politischen Parolen. Die Polizei stellt eine 19-j\u00e4hrige Tatverd\u00e4chtige.<\/p>\n<p class=\"text-18 leading-17\">Unbekannte haben in der Nacht zum 4. Februar Geb\u00e4ude des Studierendenwerks in Aachen mit Graffiti bespr\u00fcht. Ein Zeuge beobachtete gegen 2.15 Uhr zwei vermummte und dunkel gekleidete Personen bei der Tat.<\/p>\n<p class=\"text-18 leading-17\">Betroffen waren die Fensterscheiben der Mensa Academica und eines Nebengeb\u00e4udes am Pontwall. Die Graffiti in gr\u00fcner, gelber und roter Farbe h\u00e4tten laut Polizei mutma\u00dflich einen Bezug zur linken Szene.<\/p>\n<p class=\"text-18 leading-17\">Beim Eintreffen der Einsatzkr\u00e4fte fl\u00fcchteten die beiden Personen. Die Polizei stellte eine 19-j\u00e4hrige Frau aus Marl. An ihrer Kleidung waren Farbanhaftungen erkennbar.<\/p>\n<p class=\"text-18 leading-17\">Die zweite Person fl\u00fcchtete in Richtung Marienbongard und entkam. Der Staatsschutz der Polizei Aachen hat die Ermittlungen wegen Sachbesch\u00e4digung aufgenommen.<\/p>\n","protected":false},"excerpt":{"rendered":"Sachbesch\u00e4digung am Pontwall Staatsschutz ermittelt nach n\u00e4chtlicher Graffiti-Aktion 04.02.2026 &#8211; 13:57 UhrLesedauer: 1 Min. Spr\u00fchende Hand mit Dose&hellip;\n","protected":false},"author":2,"featured_media":771336,"comment_status":"","ping_status":"","sticky":false,"template":"","format":"standard","meta":{"footnotes":"","_share_on_mastodon":"0"},"categories":[1853],"tags":[722,17161,1424,3364,29,548,663,3934,30,13,14,175032,15,1209,121,175031,2552,12,3447,47670],"class_list":["post-771335","post","type-post","status-publish","format-standard","has-post-thumbnail","category-aachen","tag-722","tag-17161","tag-aachen","tag-de","tag-deutschland","tag-eu","tag-europa","tag-europe","tag-germany","tag-headlines","tag-nachrichten","tag-nebengebaeude","tag-news","tag-nordrhein-westfalen","tag-polizei","tag-pontwall","tag-sachbeschaedigung","tag-schlagzeilen","tag-staatsschutz","tag-studierendenwerk"],"share_on_mastodon":{"url":"https:\/\/pubeurope.com\/@de\/116012585228516265","error":""},"_links":{"self":[{"href":"https:\/\/www.europesays.com\/de\/wp-json\/wp\/v2\/posts\/771335","targetHints":{"allow":["GET"]}}],"collection":[{"href":"https:\/\/www.europesays.com\/de\/wp-json\/wp\/v2\/posts"}],"about":[{"href":"https:\/\/www.europesays.com\/de\/wp-json\/wp\/v2\/types\/post"}],"author":[{"embeddable":true,"href":"https:\/\/www.europesays.com\/de\/wp-json\/wp\/v2\/users\/2"}],"replies":[{"embeddable":true,"href":"https:\/\/www.europesays.com\/de\/wp-json\/wp\/v2\/comments?post=771335"}],"version-history":[{"count":0,"href":"https:\/\/www.europesays.com\/de\/wp-json\/wp\/v2\/posts\/771335\/revisions"}],"wp:featuredmedia":[{"embeddable":true,"href":"https:\/\/www.europesays.com\/de\/wp-json\/wp\/v2\/media\/771336"}],"wp:attachment":[{"href":"https:\/\/www.europesays.com\/de\/wp-json\/wp\/v2\/media?parent=771335"}],"wp:term":[{"taxonomy":"category","embeddable":true,"href":"https:\/\/www.europesays.com\/de\/wp-json\/wp\/v2\/categories?post=771335"},{"taxonomy":"post_tag","embeddable":true,"href":"https:\/\/www.europesays.com\/de\/wp-json\/wp\/v2\/tags?post=771335"}],"curies":[{"name":"wp","href":"https:\/\/api.w.org\/{rel}","templated":true}]}}