{"id":771474,"date":"2026-02-04T14:40:11","date_gmt":"2026-02-04T14:40:11","guid":{"rendered":"https:\/\/www.europesays.com\/de\/771474\/"},"modified":"2026-02-04T14:40:11","modified_gmt":"2026-02-04T14:40:11","slug":"o2-bringt-erfolgs-bundle-mit-iphone-17-zurueck","status":"publish","type":"post","link":"https:\/\/www.europesays.com\/de\/771474\/","title":{"rendered":"O2 bringt Erfolgs-Bundle mit iPhone 17 zur\u00fcck"},"content":{"rendered":"<p data-ac=\"0-381\">Wenn du aktuell \u00fcberlegst, in neue Apple-Technik zu investieren, bietet dieses Bundle ein interessantes Gesamtpaket: Du erh\u00e4ltst das iPhone\u202f17 und das MacBook Air mit M4-Prozessor zusammen mit dem M-Tarif von O2 (startet bei 30 GB). Diese Kombination richtet sich an Nutzerinnen und Nutzer, die sowohl ein leistungsf\u00e4higes Smartphone als auch ein vielseitiges Notebook suchen.<\/p>\n<p data-ac=\"1-718\">Die Angebots-Kombi aus iPhone mit MacBook gibt es bei O2 immer mal wieder\u00a0\u2013 und immer wieder ist sie ziemlich beliebt, bekommt man doch zwei hochwertige Apple-Ger\u00e4te zum Einheitspreis. Der ist dann \u00fcber die Tariflaufzeit stabil und beh\u00e4lt keine b\u00f6sen \u00dcberraschungen vor. <strong>Jetzt ist das Angebot mit dem iPhone 17 neu aufgelegt<\/strong>.<\/p>\n<p data-ac=\"2-743\">\u2192 <a href=\"https:\/\/www.communicationads.net\/tc.php?t=12873C16048569T&amp;subid=260203iphone17macbookair\" target=\"_blank\" rel=\"noopener sponsored nofollow\">Zum Angebot bei o2.de<\/a><\/p>\n<p>Einmalig 19 Euro f\u00fcr alles!<\/p>\n<p data-ac=\"3-1157\">F\u00fcr einmalig 19 Euro bekommst du das gesamte Bundle, der Anschlusspreis entf\u00e4llt. Der monatliche Beitrag liegt bei 69,99 Euro \u00fcber eine Laufzeit von 36 Monaten. Enthalten sind zum Start des Vertrags 30\u202fGB Datenvolumen, das sich durch O\u2082\u202fGrow jedes Vertragsjahr automatisch um 5\u202fGB erh\u00f6ht. Das bietet langfristig einen sp\u00fcrbaren Mehrwert, wenn du regelm\u00e4\u00dfig unterwegs surfst, streamst oder arbeitest.<\/p>\n<p data-ac=\"4-1739\">Das iPhone\u202f17 steht f\u00fcr hohe Performance, ein brillantes Display und eine starke Kamera. Dazu ist es angenehm klein und handlich. Das MacBook\u202fAir\u202fM4 erg\u00e4nzt diese Ausstattung mit effizienter Rechenleistung, langer Akkulaufzeit und einem sehr leichten Geh\u00e4use \u2013 ideal f\u00fcr mobiles Arbeiten oder den Studienalltag. F\u00fcr viele ist ein MacBook Air ein absolutes Go-to-Notebook sowohl f\u00fcr Lifestyle als auch f\u00fcr die Arbeit. Durch die enge Verzahnung innerhalb des Apple-\u00d6kosystems, etwa \u00fcber iCloud oder AirDrop, entsteht ein nahtloses Zusammenspiel zwischen den Ger\u00e4ten.<\/p>\n<p>iPhone 17 und MacBook: Der Preis-Check<\/p>\n<p>Betrachtet man den Preis, zeigt sich ein ausgewogenes Verh\u00e4ltnis: Einzeln liegen iPhone\u202f17 und MacBook\u202fAir\u202fM4 derzeit zusammen bei rund 1.700 Euro. \u00dcber die Laufzeit zahlst du hier insgesamt etwa 2.540 Euro\u00a0\u2013 inklusive Mobilfunktarif und ohne Sorgen f\u00fcr 3 Jahre. Damit ist das Angebot preislich attraktiv f\u00fcr alle, die ohnehin <a href=\"https:\/\/www.communicationads.net\/tc.php?t=12873C16048569T&amp;subid=260203iphone17macbookair\" target=\"_blank\" rel=\"noopener sponsored nofollow\">beide Ger\u00e4te in Kombination mit einem leistungsf\u00e4higen Tarif<\/a> nutzen m\u00f6chten.<\/p>\n<p>Insgesamt bietet das Bundle eine runde L\u00f6sung f\u00fcr alle, die auf aktuelle Apple-Hardware setzen und gleichzeitig von einem wachsenden Datenvolumen profitieren m\u00f6chten. Der gro\u00dfe Vorteil des Angebots ist am Ende aber vor allem die geringe Einmalzahlung zu Beginn. <strong>Die Kosten strecken sich zwar\u00a0\u2013 aber bleiben von Anfang bis Ende moderat, stabil und kalkulierbar<\/strong>.<\/p>\n<p>Ein anderer Vergleich zeigt zudem, wie gut das Angebot im O2-internen Vergleich abschneidet. Es ist nur um 2 Euro teurer als das gleiche Bundle mit dem iPhone\u00a016\u00a0\u2013 das ist \u00e4lter und hat nur einen halb so gro\u00dfen Speicher wie das 17er.<\/p>\n<p>        <img decoding=\"async\" class=\"wp-worthy-pixel-img skip-lazy \" src=\"https:\/\/www.europesays.com\/de\/wp-content\/uploads\/2026\/02\/429971d43e494bbbbe3e835defc462f9.gif\" loading=\"eager\" data-no-lazy=\"1\" data-skip-lazy=\"1\" height=\"1\" width=\"1\" alt=\"\"\/><\/p>\n<p class=\"disclaimer-headline\">\n                            <img decoding=\"async\" src=\"https:\/\/www.inside-digital.de\/wp-content\/themes\/Newspaper-child\/images\/design\/svg\/glyphs\/glyph-shop-shopping.svg\" width=\"12px\" height=\"12px\" alt=\"glyph-sponsored-shopping-venture\"\/><br \/>\n                            <img decoding=\"async\" src=\"https:\/\/www.inside-digital.de\/wp-content\/themes\/Newspaper-child\/images\/design\/svg\/glyphs\/glyph-sponsored-shopping.svg\" width=\"12px\" height=\"12px\" alt=\"glyph-sponsored-eye\"\/><br \/>\n                            \u00dcber diesen Artikel\n                        <\/p>\n<p class=\"disclaimer-text\">Mit diesen Symbolen kennzeichnen wir Partner-Links.<br \/>\n                        Wenn du so einen Link oder Button anklickst oder dar\u00fcber einkaufst, erhalten wir eine kleine<br \/>\n                        Verg\u00fctung vom jeweiligen Website-Betreiber. Auf den Preis eines Kaufs hat das keine Auswirkung.<br \/>\n                        Du hilfst uns aber, inside digital weiterhin kostenlos anbieten zu k\u00f6nnen. Vielen Dank!<br \/>\n                        Preisangaben basieren auf dem Zeitpunkt der Ver\u00f6ffentlichung dieses Artikels und k\u00f6nnen Schwankungen unterliegen.<\/p>\n<p class=\"disclaimer-text wkz\">Dieser Artikel ist Teil einer Kooperation mit O2.<br \/>\n                            Der Partner nimmt keinen Einfluss auf den Inhalt des Artikels.<\/p>\n","protected":false},"excerpt":{"rendered":"Wenn du aktuell \u00fcberlegst, in neue Apple-Technik zu investieren, bietet dieses Bundle ein interessantes Gesamtpaket: Du erh\u00e4ltst das&hellip;\n","protected":false},"author":2,"featured_media":771475,"comment_status":"","ping_status":"","sticky":false,"template":"","format":"standard","meta":{"footnotes":"","_share_on_mastodon":"0"},"categories":[135],"tags":[231,29,30,15640,38053,368,190,189,9346,194,191,193,192],"class_list":["post-771474","post","type-post","status-publish","format-standard","has-post-thumbnail","category-wissenschaft-technik","tag-apple","tag-deutschland","tag-germany","tag-mobilfunk","tag-o2","tag-schnaeppchen","tag-science","tag-science-technology","tag-tarife","tag-technik","tag-technology","tag-wissenschaft","tag-wissenschaft-technik"],"share_on_mastodon":{"url":"https:\/\/pubeurope.com\/@de\/116012884149448327","error":""},"_links":{"self":[{"href":"https:\/\/www.europesays.com\/de\/wp-json\/wp\/v2\/posts\/771474","targetHints":{"allow":["GET"]}}],"collection":[{"href":"https:\/\/www.europesays.com\/de\/wp-json\/wp\/v2\/posts"}],"about":[{"href":"https:\/\/www.europesays.com\/de\/wp-json\/wp\/v2\/types\/post"}],"author":[{"embeddable":true,"href":"https:\/\/www.europesays.com\/de\/wp-json\/wp\/v2\/users\/2"}],"replies":[{"embeddable":true,"href":"https:\/\/www.europesays.com\/de\/wp-json\/wp\/v2\/comments?post=771474"}],"version-history":[{"count":0,"href":"https:\/\/www.europesays.com\/de\/wp-json\/wp\/v2\/posts\/771474\/revisions"}],"wp:featuredmedia":[{"embeddable":true,"href":"https:\/\/www.europesays.com\/de\/wp-json\/wp\/v2\/media\/771475"}],"wp:attachment":[{"href":"https:\/\/www.europesays.com\/de\/wp-json\/wp\/v2\/media?parent=771474"}],"wp:term":[{"taxonomy":"category","embeddable":true,"href":"https:\/\/www.europesays.com\/de\/wp-json\/wp\/v2\/categories?post=771474"},{"taxonomy":"post_tag","embeddable":true,"href":"https:\/\/www.europesays.com\/de\/wp-json\/wp\/v2\/tags?post=771474"}],"curies":[{"name":"wp","href":"https:\/\/api.w.org\/{rel}","templated":true}]}}