{"id":77171,"date":"2025-05-02T00:34:50","date_gmt":"2025-05-02T00:34:50","guid":{"rendered":"https:\/\/www.europesays.com\/de\/77171\/"},"modified":"2025-05-02T00:34:50","modified_gmt":"2025-05-02T00:34:50","slug":"dua-lipa-und-roland-kaiser-rocken-im-mai-2025","status":"publish","type":"post","link":"https:\/\/www.europesays.com\/de\/77171\/","title":{"rendered":"Dua Lipa und Roland Kaiser rocken im Mai 2025"},"content":{"rendered":"<p>Ausgehen in Hamburg <\/p>\n<p>Diese Konzerte rocken im Mai \u2013 ein Weltstar kommt zweimal<\/p>\n<p>Aktualisiert am 01.05.2025 &#8211; 18:40 UhrLesedauer: 2 Min.<\/p>\n<p><a href=\"#focus-0\" class=\"transition-colors duration-200 focus-within:text-magenta block text-current relative\" data-sctrack=\"FocusGalleryImage.Reference\"><img fetchpriority=\"high\" data-testid=\"Opener.Image\" style=\"--lqipURL:url('https:\/\/images.t-online.de\/2025\/04\/19T1bMgQXHhf\/0x255:4000x2250\/fit-in\/150x0\/filters:blur(25)\/dua-lipa-auf-der-buehne-archivbild-die-britische-saengerin-kommt-am-9-und-10-mai-in-die-barclays-arena-in-hamburg.jpg')\"   loading=\"eager\" src=\"https:\/\/www.europesays.com\/de\/wp-content\/uploads\/2025\/05\/dua-lipa-auf-der-buehne-archivbild-die-britische-saengerin-kommt-am-9-und-10-mai-in-die-barclays-are.jpeg\" alt=\"Dua Lipa auf der B\u00fchne (Archivbild): Die britische S\u00e4ngerin kommt am 9. und 10. Mai in die Barclays Arena in Hamburg.\" title=\"Dua Lipa auf der B\u00fchne (Archivbild): Die britische S\u00e4ngerin kommt am 9. und 10. Mai in die Barclays Arena in Hamburg.\" width=\"4000\" height=\"2250\" class=\"bg-[url:var(--lqipURL)] bg-cover bg-center flex w-full max-w-full h-full\" decoding=\"async\"\/><img style=\"--width:32;--height:32\" loading=\"lazy\" src=\"https:\/\/www.europesays.com\/de\/wp-content\/uploads\/2025\/04\/1743617728_477_zoom-in.f7dae02f.svg.svg+xml\" alt=\"Vergr\u00f6\u00dfern des Bildes\" title=\"Vergr\u00f6\u00dfern des Bildes\" class=\"&#10;        block&#10;        h-[calc(var(--height)_\/_16_*_1rem)]&#10;        w-[calc(var(--width)_\/_16_*_1rem)]&#10;        max-w-none&#10;        absolute bottom-8 right-8 rounded-4 bg-snow p-8\" decoding=\"async\"\/><\/a><\/p>\n<p>Dua Lipa auf der B\u00fchne (Archivbild): Die britische S\u00e4ngerin kommt f\u00fcr zwei Tage in die Barclays Arena in Hamburg. (Quelle: IMAGO\/Gonzales Photo\/Lasse Lagoni)<\/p>\n<p class=\"font-bold text-18 leading-17\">Von Weltstars bis zu lokalen Helden: Im Mai 2025 verwandeln zahlreiche K\u00fcnstler Hamburg in eine Konzert-Hochburg. t-online stellt ausgew\u00e4hlte Highlights vor.<\/p>\n<p class=\"text-18 leading-17\">Ob Metal-Ikonen, Pop-Superstars, Schlagerk\u00f6nige oder lokale Kult-S\u00e4nger: Im Mai ist einiges los auf den Hamburger B\u00fchnen. t-online stellt ausgew\u00e4hlte Konzerte im Wonnemonat vor.<\/p>\n<p class=\"text-18 leading-17\">Besonders gro\u00df wird es in der Barclays Arena: Hier tritt Dua Lipa gleich an zwei Abenden (19. und 20. Mai) im Rahmen ihrer &#8222;Radical Optimism Tour&#8220; auf. Ob &#8222;One Kiss&#8220; oder &#8222;Houdini&#8220; \u2013 die Fans der 29-J\u00e4hrigen d\u00fcrfen sich auf eine von Hits gespickte Show freuen. Auch Tarkan (\u015e\u0131mar\u0131k), in Rheinland-Pfalz geborener Popstar aus der T\u00fcrkei, gibt sich am 4. Mai in der Arena am Volkspark die Ehre.<\/p>\n<p class=\"text-18 leading-17\">Sp\u00e4ter im Monat folgen noch Roland Kaiser (9. und 10. Mai), Babymetal (12. Mai), The Lumineers (14. Mai) und Nelly (28. Mai) in der Barclays Arena. Wer es nostalgisch mag, darf sich auf die Spider Murphy Gang (3. Mai, Gro\u00dfe Freiheit 36), Die Udo J\u00fcrgens Story (7. Mai, Laeiszhalle), Holly Johnson (15. Mai, Gro\u00dfe Freiheit 36), Purple Schulz (17. Mai, Markthalle) oder Bonnie Tyler (29. Mai, CCH) freuen.<\/p>\n<p class=\"text-18 leading-17\">Wer sich eher f\u00fcr Club-Konzerte interessiert, wird ebenfalls f\u00fcndig: Die Donots zieht es ins Gruenspan (3. Mai), Deine Cousine ins Molotow (9. Mai), Jennifer Weist in die Markthalle (20. Mai). Yvonne Catterfeld tritt am 21. Mai in der Gro\u00dfen Freiheit 36 auf. Ein gro\u00dfes Highlight f\u00fcr Klassik-Fans ist Roland Villaz\u00f2ns Konzert in der Elbphilharmonie am 28. Mai.<\/p>\n","protected":false},"excerpt":{"rendered":"Ausgehen in Hamburg Diese Konzerte rocken im Mai \u2013 ein Weltstar kommt zweimal Aktualisiert am 01.05.2025 &#8211; 18:40&hellip;\n","protected":false},"author":2,"featured_media":77172,"comment_status":"","ping_status":"","sticky":false,"template":"","format":"standard","meta":{"footnotes":"","_share_on_mastodon":"0"},"categories":[1826],"tags":[11246,33142,29,33143,33141,9166,30,692,33149,33151,33140,33148,10767,33144,33146,33147,33150,33145],"class_list":["post-77171","post","type-post","status-publish","format-standard","has-post-thumbnail","category-hamburg","tag-barclays","tag-bonnie-tyler","tag-deutschland","tag-donots","tag-dua-lipa","tag-elbphilharmonie","tag-germany","tag-hamburg","tag-jennifer-weist","tag-laeiszhalle","tag-lotto-king-karl","tag-purple-schulz","tag-roland-kaiser","tag-rolando-villazon","tag-spider-murphy-gang","tag-tarkan","tag-the-lumineers","tag-udo-juergens"],"share_on_mastodon":{"url":"https:\/\/pubeurope.com\/@de\/114435435369486577","error":""},"_links":{"self":[{"href":"https:\/\/www.europesays.com\/de\/wp-json\/wp\/v2\/posts\/77171","targetHints":{"allow":["GET"]}}],"collection":[{"href":"https:\/\/www.europesays.com\/de\/wp-json\/wp\/v2\/posts"}],"about":[{"href":"https:\/\/www.europesays.com\/de\/wp-json\/wp\/v2\/types\/post"}],"author":[{"embeddable":true,"href":"https:\/\/www.europesays.com\/de\/wp-json\/wp\/v2\/users\/2"}],"replies":[{"embeddable":true,"href":"https:\/\/www.europesays.com\/de\/wp-json\/wp\/v2\/comments?post=77171"}],"version-history":[{"count":0,"href":"https:\/\/www.europesays.com\/de\/wp-json\/wp\/v2\/posts\/77171\/revisions"}],"wp:featuredmedia":[{"embeddable":true,"href":"https:\/\/www.europesays.com\/de\/wp-json\/wp\/v2\/media\/77172"}],"wp:attachment":[{"href":"https:\/\/www.europesays.com\/de\/wp-json\/wp\/v2\/media?parent=77171"}],"wp:term":[{"taxonomy":"category","embeddable":true,"href":"https:\/\/www.europesays.com\/de\/wp-json\/wp\/v2\/categories?post=77171"},{"taxonomy":"post_tag","embeddable":true,"href":"https:\/\/www.europesays.com\/de\/wp-json\/wp\/v2\/tags?post=77171"}],"curies":[{"name":"wp","href":"https:\/\/api.w.org\/{rel}","templated":true}]}}