{"id":771721,"date":"2026-02-04T16:55:13","date_gmt":"2026-02-04T16:55:13","guid":{"rendered":"https:\/\/www.europesays.com\/de\/771721\/"},"modified":"2026-02-04T16:55:13","modified_gmt":"2026-02-04T16:55:13","slug":"wetter-in-stuttgart-und-region-droht-glatteis-am-morgen-das-sagt-der-wetterdienst-startseite","status":"publish","type":"post","link":"https:\/\/www.europesays.com\/de\/771721\/","title":{"rendered":"Wetter in Stuttgart und Region: Droht Glatteis am Morgen? Das sagt der Wetterdienst &#8211; Startseite"},"content":{"rendered":"<p>\t\t\t\t\t\t\t\t\t\t\t\t\t\t\t\t\t\t\t\t\t\t\t\t\t\t\t\t\t\t\t\t\t\t\t\t   \t\t\t\t\t \t\t\t\t   \t      \t\t\t\t   <img decoding=\"async\" id=\"article-image\" fetchpriority=\"high\" alt=\"Wetter in Stuttgart und Region: Droht Glatteis am Morgen? Das sagt der Wetterdienst\" title=\"Wetter in Stuttgart und Region: Droht Glatteis am Morgen? Das sagt der Wetterdienst\" src=\"https:\/\/www.europesays.com\/de\/wp-content\/uploads\/2026\/02\/media.media.356ac1ec-0f12-4694-bf14-1785dbd968c3.original700.jpg\" data-linkto=\"https:\/\/www.krzbb.de\/javascript:void(0);\"\/>\t\t\t\t\t\t\t\t\t\t\t\t\t\t\t\t\t\t\t\t\t\t\t\tGlatte Wege und Stra\u00dfen bleiben den Menschen in der Region Stuttgart in den kommenden Tagen voraussichtlich erspart.\u00a0Foto: Imago\/Arnulf Hettrich\t\t\t<\/p>\n<p>In den kommenden N\u00e4chten fallen die Temperaturen wieder unter den Gefrierpunkt. Droht deshalb am Morgen Glatteis in Stuttgart und der Region? Das sagt der Wetterdienst.<\/p>\n<p>Der Winter hatte die Region <a href=\"https:\/\/www.krzbb.de\/thema\/Stuttgart\" title=\"Stuttgart\" class=\"art_thema\" rel=\"nofollow noopener\" target=\"_blank\">Stuttgart<\/a><a href=\"https:\/\/www.krzbb.de\/inhalt.januar-wetter-in-stuttgart-der-winter-klopft-mal-wieder-an.96738fdc-4768-4de1-ad37-ea18fc8b8977.html\" target=\"_blank\" rel=\"nofollow noopener\"> in den vergangenen Wochen fest im Griff<\/a>. Schneefall, Nebel und Gl\u00e4tte sorgten besonders morgens regelm\u00e4\u00dfig f\u00fcr Verkehrschaos \u2013 <a href=\"https:\/\/www.krzbb.de\/inhalt.im-kreis-ludwigsburg-s4-und-s5-fahren-wegen-schneefalls-seltener-einige-glaette-unfaelle.7c2f704b-c652-4b65-b6ad-0a53847b16b8.html\" target=\"_blank\" rel=\"nofollow noopener\">auf den Stra\u00dfen, aber auch bei der S-Bahn<\/a>. In den kommenden Tagen wird es zwar milder \u2013 dennoch fallen die Temperaturen nachts erneut unter den Gefrierpunkt. Droht deshalb Gl\u00e4ttegefahr am Morgen? <\/p>\n<p>Ein Meteorologe des Deutschen Wetterdienstes (<a href=\"https:\/\/www.krzbb.de\/thema\/DWD\" title=\"DWD\" class=\"art_thema\" rel=\"nofollow noopener\" target=\"_blank\">DWD<\/a>) gibt auf Nachfrage Entwarnung: \u201eF\u00fcr die n\u00e4chsten Tage erwarten wir keinen Niederschlag.\u201c Daher gebe es auch keine Glatteisgefahr. Es gelte die Warnstufe 1 (die niedrigste der vier DWD-<a href=\"https:\/\/www.krzbb.de\/thema\/Wetter\" title=\"Wetter\" class=\"art_thema\" rel=\"nofollow noopener\" target=\"_blank\">Wetter<\/a>-Warnstufen). Fr\u00fchestens im Laufe des Freitagmorgens sei in der Region Stuttgart wieder mit Regen zu rechnen, dann werde die Bodentemperatur jedoch voraussichtlich bereits so hoch sein, dass das Wasser nicht gefrieren werde. Dem Weg zur Arbeit, Uni oder Schule steht also zumindest wettertechnisch nichts im Wege.<\/p>\n<p> Fast zweistellige Temperaturen in der Region Stuttgart <\/p>\n<p>W\u00e4hrend der DWD in den kommenden beiden N\u00e4chten Temperaturen von bis zu minus zwei Grad erwartet, soll es tags\u00fcber deutlich milder werden. Am Donnerstag sind Temperaturen von bis zu sieben, am Freitag von bis zu acht und am Samstag von bis zu 9 Grad vorausgesagt. Dabei soll es eine Mischung aus Sonne und Wolken geben. <\/p>\n","protected":false},"excerpt":{"rendered":"Glatte Wege und Stra\u00dfen bleiben den Menschen in der Region Stuttgart in den kommenden Tagen voraussichtlich erspart.\u00a0Foto: Imago\/Arnulf&hellip;\n","protected":false},"author":2,"featured_media":771722,"comment_status":"","ping_status":"","sticky":false,"template":"","format":"standard","meta":{"footnotes":"","_share_on_mastodon":"0"},"categories":[1830],"tags":[1634,3364,29,4906,30,140601,1441,1973],"class_list":["post-771721","post","type-post","status-publish","format-standard","has-post-thumbnail","category-stuttgart","tag-baden-wuerttemberg","tag-de","tag-deutschland","tag-dwd","tag-germany","tag-glatteis","tag-stuttgart","tag-wetter"],"share_on_mastodon":{"url":"https:\/\/pubeurope.com\/@de\/116013414847580979","error":""},"_links":{"self":[{"href":"https:\/\/www.europesays.com\/de\/wp-json\/wp\/v2\/posts\/771721","targetHints":{"allow":["GET"]}}],"collection":[{"href":"https:\/\/www.europesays.com\/de\/wp-json\/wp\/v2\/posts"}],"about":[{"href":"https:\/\/www.europesays.com\/de\/wp-json\/wp\/v2\/types\/post"}],"author":[{"embeddable":true,"href":"https:\/\/www.europesays.com\/de\/wp-json\/wp\/v2\/users\/2"}],"replies":[{"embeddable":true,"href":"https:\/\/www.europesays.com\/de\/wp-json\/wp\/v2\/comments?post=771721"}],"version-history":[{"count":0,"href":"https:\/\/www.europesays.com\/de\/wp-json\/wp\/v2\/posts\/771721\/revisions"}],"wp:featuredmedia":[{"embeddable":true,"href":"https:\/\/www.europesays.com\/de\/wp-json\/wp\/v2\/media\/771722"}],"wp:attachment":[{"href":"https:\/\/www.europesays.com\/de\/wp-json\/wp\/v2\/media?parent=771721"}],"wp:term":[{"taxonomy":"category","embeddable":true,"href":"https:\/\/www.europesays.com\/de\/wp-json\/wp\/v2\/categories?post=771721"},{"taxonomy":"post_tag","embeddable":true,"href":"https:\/\/www.europesays.com\/de\/wp-json\/wp\/v2\/tags?post=771721"}],"curies":[{"name":"wp","href":"https:\/\/api.w.org\/{rel}","templated":true}]}}