{"id":771793,"date":"2026-02-04T17:34:12","date_gmt":"2026-02-04T17:34:12","guid":{"rendered":"https:\/\/www.europesays.com\/de\/771793\/"},"modified":"2026-02-04T17:34:12","modified_gmt":"2026-02-04T17:34:12","slug":"baustart-auf-dem-swanseaplatz-in-der-innenstadt","status":"publish","type":"post","link":"https:\/\/www.europesays.com\/de\/771793\/","title":{"rendered":"Baustart auf dem Swanseaplatz in der Innenstadt"},"content":{"rendered":"<p><img loading=\"lazy\" decoding=\"async\" src=\"https:\/\/www.europesays.com\/de\/wp-content\/uploads\/2026\/02\/1-18.jpg\" alt=\"1\" width=\"1000\" height=\"652\" class=\"alignnone size-full wp-image-622735\"  \/><br \/>Mannheim \/ Metropolregion Rhein-Neckar. Jetzt geht es los: Die Stadt Mannheim erneuert ab sofort den Swanseaplatz in der westlichen Innenstadt. Oberb\u00fcrgermeister Christian Specht er\u00f6ffnete heute gemeinsam mit Erster B\u00fcrgermeisterin Prof. Dr. Diana Pretzell und B\u00fcrgermeister Ralf Eisenhauer feierlich die Baustelle in H 6 \/ I 6. Der neue Platz soll im Sommer 2027 fertig werden.<\/p>\n<p>Menschen aus der Innenstadt haben mitgeplant<br \/>\u201eMit dem neuen Swanseaplatz schaffen wir eine moderne, multifunktionale Freifl\u00e4che mitten in der Innenstadt, auf der sich t\u00e4glich viele Menschen aufhalten und auf vielf\u00e4ltige Art ihre Zeit verbringen k\u00f6nnen. Der neue Platz ist so geplant, dass er Begegnungen und Zusammenhalt gezielt f\u00f6rdert\u201c, erkl\u00e4rte Oberb\u00fcrgermeister Christian Specht. W\u00e4hrend der Planungsphase haben sich Mitarbeitende der Stadt Mannheim und des Planungsb\u00fcros mehrmals mit den Menschen vor Ort getroffen, um Hinweise und Anliegen aufzunehmen. Auch bei der Preisgerichts-Sitzung des Planungswettbewerbs waren Bewohnerinnen und Bewohner der Quadrate vertreten.<\/p>\n<p>Das wird neu: Mehr B\u00e4ume, Gr\u00fcnfl\u00e4chen und Lebensraum f\u00fcr Tiere<br \/>\u201eAuf dem neuen Swanseaplatz wird es im Vergleich zu jetzt mehr als doppelt so viel begr\u00fcnte Fl\u00e4che geben. Dazu pflanzen wir 22 neue B\u00e4ume und legen begr\u00fcnte Pergolen an, die im Sommer Schatten spenden\u201c, erg\u00e4nzt Specht und betont: \u201eDurch die Begr\u00fcnung heizt sich der Swanseaplatz am Tag weniger auf und k\u00fchlt in der Nacht schneller ab, was in den dicht bebauten Quadraten besonders wichtig ist.\u201c Auch an Tiere wurde gedacht: Sie finden an einem neuen Spielelement mit Wasser etwas zu trinken und die V\u00f6gel bekommen Nisthilfen an den B\u00e4umen. Au\u00dferdem wird es auf einer Sandfl\u00e4che eine Trockenmauer als Lebensraum f\u00fcr Eidechsen und Insekten geben.<\/p>\n<p>Spiel und Sport<br \/>Wenn der neue Platz fertig ist, wird es Bereiche f\u00fcr verschiedene Altersgruppen geben: Kleinkinder, j\u00fcngere und \u00e4ltere Kinder finden Platz und Spielger\u00e4te zum Spielen mit Sand, zum Rutschen, Schaukeln, Klettern, Wippen und Balancieren. Zwei Tischtennisplatten und eine Calisthenics-Anlage machen bald auch Jugendlichen und Erwachsenen Lust auf Bewegung. F\u00fcr Spa\u00df und Abk\u00fchlung im Sommer sorgt ein Spielelement mit Wasser.<\/p>\n<p>Weniger Barrieren, mehr Freude f\u00fcr alle<br \/>Auf dem neuen Swanseaplatz sollen sich m\u00f6glichst alle Menschen wohl und willkommen f\u00fchlen. Deshalb wurden bei der Planung gezielt Barrieren reduziert: Mit dem Rollstuhl nutzbar sind die Calisthenics-Anlage und das Wasser-Element, durch Umsetzen auch die Schaukeln und die Wippe. B\u00e4nke mit Armlehnen, mit dem Rollstuhl unterfahrbare Picknicktische und ein Blindenleitsystem erleichtern vielen Menschen die Nutzung des Platzes. Ein Trinkbrunnen und ein neues \u00f6ffentliches WC machen auch l\u00e4ngere Aufenthalte angenehm m\u00f6glich.<\/p>\n<p>Kosten und F\u00f6rderung<br \/>Ende 2023 hat der Gemeinderat die Erneuerung des Swanseaplatzes beschlossen, in die die Stadt Mannheim 3,7 Millionen Euro investiert. Davon bekommt sie bis zu 2,4 Millionen Euro erstattet, denn das Bundesministerium f\u00fcr Wohnen, Stadtentwicklung und Bauwesen f\u00f6rdert das Projekt in seinem Programm \u201eAnpassung urbaner und l\u00e4ndlicher R\u00e4ume an den Klimawandel\u201c.<\/p>\n<p>Mannheim ist kinderfreundliche Kommune<br \/>Die Stadt Mannheim nimmt am Programm \u201eKinderfreundliche Kommunen\u201c teil und hat sich damit zur Aufgabe gemacht, in den n\u00e4chsten Jahren verst\u00e4rkt die UN-Kinderrechtskonvention (UN-KrK) umzusetzen. Die Neugestaltung des Swanseaplatzes ist eine Ma\u00dfnahme des hierf\u00fcr erarbeiteten Aktionsplans und hat die Vorrangstellung des Kindeswohls (UN-KrK, Art 3) im Blick, damit der Platz f\u00fcr Kinder und Jugendliche als Spiel- und Bewegungsraum gesichert und verbessert wird. Weitere Informationen dazu: https:\/\/mannheim-gemeinsam-gestalten.de\/kinderfreundliche-kommune.<br \/>QUelle Stadt Mannheim <\/p>\n","protected":false},"excerpt":{"rendered":"Mannheim \/ Metropolregion Rhein-Neckar. Jetzt geht es los: Die Stadt Mannheim erneuert ab sofort den Swanseaplatz in der&hellip;\n","protected":false},"author":2,"featured_media":771794,"comment_status":"","ping_status":"","sticky":false,"template":"","format":"standard","meta":{"footnotes":"","_share_on_mastodon":"0"},"categories":[1845],"tags":[12985,1634,9180,16365,2461,8389,27721,3364,29,548,663,3934,6586,26064,30,29472,13,14996,259,1722,1114,1236,2096,9834,25488,25489,61986,14,17444,14480,15,24564,3748,2191,33803,7789,2202,5206,28951,7410,12,24234,6857,5725,36749,3041,64611,1886,28445,4106,1463],"class_list":["post-771793","post","type-post","status-publish","format-standard","has-post-thumbnail","category-mannheim","tag-neugestaltung","tag-baden-wuerttemberg","tag-baeume","tag-baustart","tag-baustelle","tag-buergermeister","tag-christian-specht","tag-de","tag-deutschland","tag-eu","tag-europa","tag-europe","tag-forderung","tag-gemeinderat","tag-germany","tag-gruenflaechen","tag-headlines","tag-hinweise","tag-informationen","tag-jugendliche","tag-kinder","tag-kommunen","tag-mannheim","tag-menschen","tag-metropolregion","tag-metropolregion-rhein-neckar","tag-mitarbeitende","tag-nachrichten","tag-nacht","tag-neckar","tag-news","tag-nutzung","tag-oberbuergermeister","tag-pflanzen","tag-planung","tag-programm","tag-projekt","tag-rhein","tag-rhein-neckar","tag-rollstuhl","tag-schlagzeilen","tag-sitzung","tag-spenden","tag-spiel","tag-spielgeraete","tag-stadt","tag-stadt-mannheim","tag-tiere","tag-voegel","tag-wasser","tag-wohnen"],"share_on_mastodon":{"url":"","error":"Validation failed: Text character limit of 500 exceeded"},"_links":{"self":[{"href":"https:\/\/www.europesays.com\/de\/wp-json\/wp\/v2\/posts\/771793","targetHints":{"allow":["GET"]}}],"collection":[{"href":"https:\/\/www.europesays.com\/de\/wp-json\/wp\/v2\/posts"}],"about":[{"href":"https:\/\/www.europesays.com\/de\/wp-json\/wp\/v2\/types\/post"}],"author":[{"embeddable":true,"href":"https:\/\/www.europesays.com\/de\/wp-json\/wp\/v2\/users\/2"}],"replies":[{"embeddable":true,"href":"https:\/\/www.europesays.com\/de\/wp-json\/wp\/v2\/comments?post=771793"}],"version-history":[{"count":0,"href":"https:\/\/www.europesays.com\/de\/wp-json\/wp\/v2\/posts\/771793\/revisions"}],"wp:featuredmedia":[{"embeddable":true,"href":"https:\/\/www.europesays.com\/de\/wp-json\/wp\/v2\/media\/771794"}],"wp:attachment":[{"href":"https:\/\/www.europesays.com\/de\/wp-json\/wp\/v2\/media?parent=771793"}],"wp:term":[{"taxonomy":"category","embeddable":true,"href":"https:\/\/www.europesays.com\/de\/wp-json\/wp\/v2\/categories?post=771793"},{"taxonomy":"post_tag","embeddable":true,"href":"https:\/\/www.europesays.com\/de\/wp-json\/wp\/v2\/tags?post=771793"}],"curies":[{"name":"wp","href":"https:\/\/api.w.org\/{rel}","templated":true}]}}