{"id":772098,"date":"2026-02-04T20:22:11","date_gmt":"2026-02-04T20:22:11","guid":{"rendered":"https:\/\/www.europesays.com\/de\/772098\/"},"modified":"2026-02-04T20:22:11","modified_gmt":"2026-02-04T20:22:11","slug":"soldaten-fallen-nicht-sie-sterben-spd-bundestagsabgeordnete-diskutieren-wehrdienst-in-bielefeld","status":"publish","type":"post","link":"https:\/\/www.europesays.com\/de\/772098\/","title":{"rendered":"\u201eSoldaten fallen nicht, sie sterben\u201c: SPD-Bundestagsabgeordnete diskutieren Wehrdienst in Bielefeld"},"content":{"rendered":"<p id=\"absatz1\" class=\"em_text\">Bielefeld. Die Bundeswehr hat die ersten der mehr als 2.700 Briefe an 18-j\u00e4hrige Bielefelder zur Wehrerfassung verschickt. Passend dazu lud die Bielefelder SPD-Bundestagsabgeordnete Wiebke Esdar zu Beginn der Woche zu einer Podiumsdiskussion in den Gr\u00fcnen W\u00fcrfel am Kesselbrink. \u201eDer neue Wehrdienst und die Diskussion um eine Wehrpflicht\u201c \u2013 unter diesem Titel diskutieren neben Esdar der verteidigungspolitische Sprecher der SPD-Bundestagsfraktion, Falko Dro\u00dfmann, der Oberstabsfeldwebel a. D. Michael Spitzer, Sven Hellbusch f\u00fcr die Jusos und Kyle McLachlan aus dem Kinder- und Jugendrat der Stadt.<\/p>\n<p id=\"absatz2\" class=\"em_text\">\u201eWir wollen das heute zu Recht kontrovers diskutieren\u201c, sagt Esdar zur Begr\u00fc\u00dfung, \u201eweil es sehr komplex ist und weil es weitreichende gesellschaftliche Auswirkungen hat.\u201c Die Bundeswehr sei im Angesicht von Russlands \u00dcberfall auf die Ukraine personell ausgeblutet und kaputtgespart.<\/p>\n<p id=\"absatz3\" class=\"em_text\">\u201eDas Stichwort hei\u00dft Resilienz\u201c, sagt Falko Dro\u00dfmann, selbst Oberstleutnant der Luftwaffe, mehrmals an diesem Abend. Der Wahl-Hamburger warnt auch vor Angriffen auf die deutsche Infrastruktur: \u201eIch werde keinen Panzer auf St. Pauli sehen. Aber man muss nur zwei Kabel durchschneiden, und Zehntausende sind tagelang ohne Strom!\u201c<\/p>\n<p>\n        \u00d7\n    <\/p>\n<p>\n            Sie erhalten in wenigen Minuten eine E-Mail zur Best\u00e4tigung Ihrer Anmeldung.\n        <\/p>\n<p>Erst danach ist diese abgeschlossen.<\/p>\n<p>Bitte pr\u00fcfen Sie auch den Spam-Ordner.<\/p>\n<p>\n        \u00d7\n    <\/p>\n<p>\n            Sie haben bisher Ihre E-Mail-Adresse noch nicht best\u00e4tigt.\n        <\/p>\n<p>Erst danach ist diese abgeschlossen.<\/p>\n<p>Bitte pr\u00fcfen Sie auch den Spam-Ordner.<\/p>\n<p>\n        \u00d7\n    <\/p>\n<p>\n            Es ist einen Fehler aufgetreten\n        <\/p>\n<p>Bei Fragen hilft unser Newsletter-Support<\/p>\n<p> Newsletter<\/p>\n<p> Update zum Abend<\/p>\n<p>Informiert bleiben mit t\u00e4glichen News aus Bielefeld, OWL und der Welt.<\/p>\n<p>                Jetzt anmelden<\/p>\n<p>Viel Erkl\u00e4rung, wenig Diskussion<\/p>\n<p class=\"em_text\">Nun wappnet sich Deutschland mit einer verteidigungspolitischen Gro\u00dfoffensive gegen die neuen Bedrohungen: Wer m\u00e4nnlich ist, als erste Staatsangeh\u00f6rigkeit deutsch hat und 2026 das 18. Lebensjahr vollendet, erh\u00e4lt Post von der Bundeswehr, muss einen Fragebogen ausf\u00fcllen und sich mustern lassen. Auf NW-Anfrage z\u00e4hlt das Einwohnermelderegister der Stadt Bielefeld derer 1.416. Die 1.336 gleichaltrigen Frauen mit deutscher Staatsangeh\u00f6rigkeit d\u00fcrfen den Fragebogen beantworten, m\u00fcssen aber nicht.<\/p>\n<p id=\"absatz5\" class=\"em_text\">Wehrdienst oder Wehrpflicht, Musterung, Gerechtigkeit und Resilienz: An gro\u00dfen Begriffen mangelt es dem Abend nicht. Dro\u00dfmann, Esdar und auch Spitzer scheint vor allem wichtig: Missverst\u00e4ndnisse \u00fcber das 2025 verabschiedete Gesetz entkr\u00e4ften, Zusammenh\u00e4nge erkl\u00e4ren. Differenzieren, ins Verh\u00e4ltnis setzen. Das deutete der Titel der Podiumsdiskussion bereits an &#8211; und das gelingt ihnen an diesem Abend. Zu einem Schlagabtausch auf Augenh\u00f6he kommt es daf\u00fcr selten.<\/p>\n<p id=\"absatz6\"><b class=\"bold\">\ud83e\ude96Auch interessant: <\/b><a href=\"https:\/\/www.nw.de\/lokal\/kreis_minden_luebbecke\/bad_oeynhausen\/24259334_Drei-Tage-im-Gelaende-Mit-Mindener-Soldaten-auf-dem-haertesten-Teil-der-Ausbildung.html\" rel=\"nofollow noopener\" target=\"_blank\">Drei Tage im Gel\u00e4nde: Mit Mindener Soldaten auf dem h\u00e4rtesten Teil der Ausbildung<\/a><\/p>\n<p>Freiwilligkeit auf \u201ewackligen Beinen\u201c<\/p>\n<p>        <a href=\"https:\/\/www.nw.de\/_em_daten\/_cache\/image\/1xay90VnNUSm5Jak04MUlHRUU3QWhsUm5wQ3hQVkNpajF2ZWtMU0VNQVhNMmNRZ2dhV2hhZkZQb0dFbldXQkdQU05pVm01NVRCTDZtMDNpZzRJVkR5S0NuYzRHaXVxblhqanNFRXpvOFcwTE09\/260204-1914-829145154.jpg\" class=\"nw-article-image\" title=\"Kyle McLachlan (r) konfrontiert Wiebke Esdar und Falko Dro\u00dfmann mit der Sorge, dass die Bundesregierung kurzfristig doch einen verpflichtenden Wehrdienst beschlie\u00dfen k\u00f6nnte\" data-glightbox=\"type: image; description: Kyle McLachlan (r) konfrontiert Wiebke Esdar und Falko Dro\u00dfmann mit der Sorge, dass die Bundesregierung kurzfristig doch einen verpflichtenden Wehrdienst beschlie\u00dfen k\u00f6nnte  | \u00a9 Peter Unger \" rel=\"nofollow noopener\" target=\"_blank\"><br \/>\n            <img decoding=\"async\" src=\"https:\/\/www.europesays.com\/de\/wp-content\/uploads\/2026\/02\/260204-1914-829145154.jpg\" class=\"nw-img-fluid nw-w-full nw-lazy nw-rounded-t-md\" alt=\"Kyle McLachlan (r) konfrontiert Wiebke Esdar und Falko Dro\u00dfmann mit der Sorge, dass die Bundesregierung kurzfristig doch einen verpflichtenden Wehrdienst beschlie\u00dfen k\u00f6nnte - \u00a9 Peter Unger\" data-format=\"16:9\"\/><br \/>\n        <\/a><\/p>\n<p>                Kyle McLachlan (r) konfrontiert Wiebke Esdar und Falko Dro\u00dfmann mit der Sorge, dass die Bundesregierung kurzfristig doch einen verpflichtenden Wehrdienst beschlie\u00dfen k\u00f6nnte<br \/>\n                                    | \u00a9 Peter Unger<\/p>\n<p id=\"absatz8\" class=\"em_text\">\u201eMit der Schlie\u00dfung der Kreiswehrersatz\u00e4mter sind auch die Musterungsdaten vernichtet worden\u201c, erkl\u00e4rt Dro\u00dfmann. Man m\u00fcsse nun von vorne mit der Wehrerfassung beginnen. Er sagt aber auch: \u201eBeschlossen ist nur: Es gibt den Fragebogen. Und es gibt die Musterung.\u201c Sonst nichts. Er erkl\u00e4rt, dass die Wehrpflicht nie abgeschafft wurde, sonder nur ausgesetzt worden sei. Trete ein Spannungs- oder Verteidigungsfall ein, lebe auch die Wehrpflicht wieder auf \u2013 automatisch. So schreibt es auch der wissenschaftliche Dienst des Bundestages. Andererseits m\u00fcsse auch mit dem nun beschlossenen Gesetz niemand gegen seinen Willen zur Bundeswehr.<\/p>\n<p id=\"absatz9\" class=\"em_text\">Der j\u00fcngste Diskutant Kyle MacLachlan ist im Jahr 2007 knapp an der Musterungspflicht vorbeigeboren und sorgt sich trotzdem: \u201eDie Freiwilligkeit steht ja auf wackligen Beinen, die CDU h\u00e4tte ja gerne eine Wehrpflicht. Was ist, wenn sich nicht genug Freiwillige finden? Wann knickt die SPD ein?\u201c Daf\u00fcr br\u00e4uchte es ein neues Gesetz, entgegnet Dro\u00dfmann und sagt: \u201eIch bin in der SPD und ich sage ganz klar: Ich kann mir im Moment nicht vorstellen, f\u00fcr die Wiederinkraftsetzung der Wehrpflicht zu stimmen.\u201c Rhetorisch l\u00e4sst er damit allerdings die Hintert\u00fcr einer ver\u00e4nderten Gemengelage offen.<\/p>\n<p id=\"absatz10\"><b class=\"bold\">\ud83d\udce3Lesen Sie auch:<\/b> <a href=\"https:\/\/www.nw.de\/nachrichten\/zwischen_weser_und_rhein\/24227377_Junge-Bielefelder-diskutieren-ueber-den-neuen-Wehrdienst-mit-interessantem-Ergebnis.html\" rel=\"nofollow noopener\" target=\"_blank\">Junge Bielefelder diskutieren \u00fcber den neuen Wehrdienst<\/a><\/p>\n<p>Keine Mehrheit f\u00fcr verpflichtende Frauen-Musterung<\/p>\n<p id=\"absatz11\" class=\"em_text\">Dann schaltet sich auch Wiebke Esdar ein. Sie warnt vor einer m\u00f6glichen Regierungsbeteiligung der AfD auf Bundesebene: \u201eWenn wir in vier Jahren eine CDU-AfD-Regierung haben, dann gilt das nat\u00fcrlich nicht mehr.\u201c<\/p>\n<p id=\"absatz12\" class=\"em_text\">Zwischenzeitlich erz\u00e4hlt Michael Spitzer augenzwinkernd \u201eals Opa\u201c von seinem Wehrdienst in den 80er-Jahren. \u201eIch kann verstehen, dass es nicht sch\u00f6n ist f\u00fcr die jungen Leute \u2013 aber keine Generation ist je gefragt worden.\u201c<\/p>\n<p id=\"absatz13\" class=\"em_text\">Die Runde diskutiert auch die Geschlechterfrage. Eine Frau aus dem Publikum m\u00f6chte wissen, ob wirklich nur M\u00e4nner gemustert w\u00fcrden. Dro\u00dfmann bejaht, Esdar setzt nach. \u201eEinerseits finde ich es ungerecht \u2013 ich will gleiche Rechte, gleiche Pflichten. Aber leider braucht es f\u00fcr eine Grundgesetz\u00e4nderung eine Zweidrittelmehrheit im Bundestag.\u201c Zudem sei man von Gleichberechtigung noch weit entfernt, die Care-Arbeit liege \u00fcberwiegend auf den Schultern der Frauen.\u00a0\u00a0<\/p>\n<p id=\"absatz14\">\ud83e\ude96<b class=\"bold\">Innenwelt der Grundausbildung:<\/b><b class=\"bold\"> <\/b><a href=\"https:\/\/www.nw.de\/lokal\/kreis_minden_luebbecke\/bad_oeynhausen\/24233130_Ihr-wollt-nicht-sterben-So-laeuft-das-Schiesstraining-bei-der-Bundeswehr-in-Minden-ab.html\" rel=\"nofollow noopener\" target=\"_blank\">So l\u00e4uft das Schie\u00dftraining bei der Bundeswehr in Minden ab<\/a><\/p>\n<p>Keine Heldenrhetorik \u00fcber den Krieg<\/p>\n<p id=\"absatz15\" class=\"em_text\">Das in der Diskussion zur\u00fcckhaltende Bielefelder Juso-Mitglied Sven Hellbusch vertritt die Linie der Jusos; \u201eAus unserer Perspektive ist es gut, dass Frauen nicht verpflichtend gemustert werden \u2013 M\u00e4nner sollten es ja auch nicht m\u00fcssen!\u201c, sagt er.<\/p>\n<p id=\"absatz16\" class=\"em_text\">Bemerkenswert ist hingegen Falko Dro\u00dfmanns Appell, Kriegseins\u00e4tze sprachlich nicht zu verkl\u00e4ren. \u201eEs ist nicht s\u00fc\u00df und ehrenvoll, f\u00fcrs Vaterland zu sterben. Es ist immer richtig Kacke!\u201c, sagt er gegen Ende. \u201eWir m\u00fcssen es sagen, wie es ist. Soldaten fallen nicht, sie sterben. Sie werden verst\u00fcmmelt.\u201c<\/p>\n<p id=\"absatz17\"><b class=\"bold\">\ud83d\udcf1News direkt aufs Smartphone: <\/b><a href=\"https:\/\/whatsapp.com\/channel\/0029VaeYHJ40Qeam4DWyn109\" rel=\"nofollow noopener\" target=\"_blank\">Hier finden Sie den kostenlosen Whatsapp-Kanal der NW-Bielefeld<\/a> <\/p>\n<p class=\"nw-text-xl nw-uppercase nw-font-bold\" style=\"font-size:24px !important; line-height:32px; padding-bottom: 0px; \">INFORMATION<\/p>\n<p class=\"nw-text-lg nw-font-bold nw-pb-2\" style=\"font-size:20px !important; line-height:28px; padding-bottom: 8px; font-weight:700;\">Leseraufruf: Betrifft Sie der neue Wehrdienst?<\/p>\n<p>Sie selbst, Ihr Sohn oder Ihre Tochter sind dieses Jahr schon 18 geworden oder werden es bald? Dann gibt es Post von der Bundeswehr. M\u00e4nner werden im Laufe des Jahres gemustert. Unabh\u00e4ngig davon, ob sie sich den Dienst an der Waffe vorstellen k\u00f6nnen oder nicht. Ich w\u00fcrde Sie gerne im Prozess der Wehrerfassung begleiten und \u00fcber Ihre Einstellung, Ihre Erlebnisse und Erfahrungen schreiben. Melden Sie sich bei mir unter <a href=\"https:\/\/www.nw.de\/lokal\/bielefeld\/mitte\/mailto:justus.rahn%40nw.de\" rel=\"nofollow noopener\" target=\"_blank\">justus.rahn@nw.de<\/a>, #Wehrdienst.<\/p>\n","protected":false},"excerpt":{"rendered":"Bielefeld. Die Bundeswehr hat die ersten der mehr als 2.700 Briefe an 18-j\u00e4hrige Bielefelder zur Wehrerfassung verschickt. Passend&hellip;\n","protected":false},"author":2,"featured_media":772099,"comment_status":"","ping_status":"","sticky":false,"template":"","format":"standard","meta":{"footnotes":"","_share_on_mastodon":"0"},"categories":[1841],"tags":[186,1605,1180,685,31,102818,3364,29,175155,30,16446,175152,175150,1480,16368,736,164252,22596,16405,175154,16395,1209,37230,307,184,2020,175153,317,9414,175151,690,32879],"class_list":["post-772098","post","type-post","status-publish","format-standard","has-post-thumbnail","category-bielefeld","tag-afd","tag-bielefeld","tag-bundestag","tag-bundeswehr","tag-cdu","tag-cnt_aufmacher","tag-de","tag-deutschland","tag-falko-dromann","tag-germany","tag-jusos","tag-kyle-mclachlan","tag-leseraufruf","tag-luftwaffe","tag-meta_artikelklasse_hintergrund","tag-meta_copyrights_nw","tag-meta_eo_zusammenfassung","tag-meta_themen_politik","tag-meta_userneeds_ordneein","tag-michael-spitzer","tag-neue-westflische","tag-nordrhein-westfalen","tag-podiumsdiskussion","tag-russland","tag-spd","tag-st-pauli","tag-sven-hellbusch","tag-ukraine","tag-wehrdienst","tag-wehrerfassung","tag-wehrpflicht","tag-wiebke-esdar"],"share_on_mastodon":{"url":"","error":"Validation failed: Text character limit of 500 exceeded"},"_links":{"self":[{"href":"https:\/\/www.europesays.com\/de\/wp-json\/wp\/v2\/posts\/772098","targetHints":{"allow":["GET"]}}],"collection":[{"href":"https:\/\/www.europesays.com\/de\/wp-json\/wp\/v2\/posts"}],"about":[{"href":"https:\/\/www.europesays.com\/de\/wp-json\/wp\/v2\/types\/post"}],"author":[{"embeddable":true,"href":"https:\/\/www.europesays.com\/de\/wp-json\/wp\/v2\/users\/2"}],"replies":[{"embeddable":true,"href":"https:\/\/www.europesays.com\/de\/wp-json\/wp\/v2\/comments?post=772098"}],"version-history":[{"count":0,"href":"https:\/\/www.europesays.com\/de\/wp-json\/wp\/v2\/posts\/772098\/revisions"}],"wp:featuredmedia":[{"embeddable":true,"href":"https:\/\/www.europesays.com\/de\/wp-json\/wp\/v2\/media\/772099"}],"wp:attachment":[{"href":"https:\/\/www.europesays.com\/de\/wp-json\/wp\/v2\/media?parent=772098"}],"wp:term":[{"taxonomy":"category","embeddable":true,"href":"https:\/\/www.europesays.com\/de\/wp-json\/wp\/v2\/categories?post=772098"},{"taxonomy":"post_tag","embeddable":true,"href":"https:\/\/www.europesays.com\/de\/wp-json\/wp\/v2\/tags?post=772098"}],"curies":[{"name":"wp","href":"https:\/\/api.w.org\/{rel}","templated":true}]}}