{"id":772646,"date":"2026-02-05T01:26:11","date_gmt":"2026-02-05T01:26:11","guid":{"rendered":"https:\/\/www.europesays.com\/de\/772646\/"},"modified":"2026-02-05T01:26:11","modified_gmt":"2026-02-05T01:26:11","slug":"fc-bayern-goretzka-laesst-die-muckis-spielen-fans-staunen-ueber-sein-foto-sport","status":"publish","type":"post","link":"https:\/\/www.europesays.com\/de\/772646\/","title":{"rendered":"FC Bayern: Goretzka l\u00e4sst die Muckis spielen &#8211; Fans staunen \u00fcber sein Foto | Sport"},"content":{"rendered":"<p><a class=\"skip-content skip-content--link\" href=\"#in-content-skip-link-target-v-0-0\">TTS-Player \u00fcberspringen\u21b5<\/a><a id=\"in-content-skip-link-target-v-0-0\" class=\"skip-content--target-link-hidden skip-content skip-content--target-link\" href=\"#in-content-skip-link-target-v-0-0\">Artikel weiterlesen<\/a><\/p>\n<p><b>Leon Goretzka (30) im Kampfmodus!<\/b><\/p>\n<p>Nachdem sich der Mittelfeldspieler vergangene Woche gegen einen Winter-Wechsel und damit f\u00fcr einen Verbleib beim <a href=\"https:\/\/www.bild.de\/sport\/fussball\/bayern-muenchen\/startseite-fc-bayern-muenchen-31074450.bild.html\" class=\"text-link\" rel=\"nofollow noopener\" target=\"_blank\">FC Bayern<\/a> bis Saisonende entschieden hatte, lud er am Dienstag ein Foto auf seinem Instagram-Kanal hoch, auf dem er beim Krafttraining ordentlich die Muskeln spielen l\u00e4sst. Zu sehen ist vor allem der durchtrainierte Oberk\u00f6rper inklusive der pr\u00e4gnanten Bauchmuskeln des Bayern-Stars. Einige Fans reagierten mit Flammen- und Herzchenaugen-Emojis. <\/p>\n<p>Ein Zeichen, dass Goretzka in der R\u00fcckrunde topfit um das Triple mit dem deutschen Rekordmeister und auch die eigenen WM-Chancen k\u00e4mpfen will.<\/p>\n<p><img decoding=\"async\" width=\"992\" height=\"1178\" alt=\"Leon Goretzka zeigt sich in seiner Instagram-Story durchtrainiert\" src=\"https:\/\/www.europesays.com\/de\/wp-content\/uploads\/2026\/02\/33dff7c30cc3c34d50154775fc18661d,1b83772.jpeg\"   class=\"portrait\" loading=\"lazy\"\/><\/p>\n<p class=\"fig__caption__text\">Leon Goretzka zeigt sich in seiner Instagram-Story durchtrainiert <\/p>\n<p>Foto: leon_goretzka\/Instagram<\/p>\n<p>Schon vor eineinhalb Jahren hat der Nationalspieler eine gro\u00dfe Menge an Kampfgeist bewiesen. Im Sommer 2024 h\u00e4tten die Bayern ihn gerne abgegeben, legten ihm einen Abschied sogar \u00f6ffentlich nahe. Goretzka blieb aber, biss sich unter Trainer Vincent Kompany (39) letztlich durch. Auch damals postete der geb\u00fcrtige Bochumer immer wieder Mucki-Bilder von sich. <\/p>\n<p>Goretzka-D\u00e4mpfer gegen den Hamburger SV <\/p>\n<p>Einen ersten D\u00e4mpfer gab es f\u00fcr Goretzka nach seiner Entscheidung f\u00fcr einen Verbleib in M\u00fcnchen jedoch am vergangenen Samstag: Beim 2:2 der Bayern in Hamburg kam der Mittelfeldmann nicht zum Einsatz, sa\u00df 90 Minuten lang nur auf der Ersatzbank. Die n\u00e4chste Einsatz-Chance gibt es am kommenden Sonntag im Heimspiel gegen Hoffenheim. <\/p>\n<p>Ende Januar hatte Goretzka f\u00fcr Schlagzeilen gesorgt, als er kurz vor Ablauf des Transferfensters in Verhandlungen mit Atl\u00e9tico Madrid stand. Mateu Alemany (62), Sportdirektor der Rojiblancos, flog f\u00fcr pers\u00f6nliche Gespr\u00e4che sogar extra nach M\u00fcnchen. Letztlich entschied sich Goretzka aber gegen einen Wechsel. Erst im Sommer wird er den FC Bayern nach dann acht Jahren verlassen. <\/p>\n<p>Mehr zum Thema<\/p>\n<p>Auf Instagram erkl\u00e4rte Goretzka seine Entscheidung, diese Saison in M\u00fcnchen beenden zu wollen, mit folgenden Worten: \u201eSo sehr mich das Interesse von internationalen Top-Clubs ehrt, so klar habe ich f\u00fcr mich entschieden, dass ich bis zum Saisonende beim FC Bayern bleiben m\u00f6chte. Mit einem Team, mit dem es auf und neben dem Rasen unglaublich viel Spa\u00df macht und einem Trainer, der unsere Mannschaft wieder zu einer echten Einheit geformt hat! Diesem Team und dem Verein f\u00fchle ich mich verpflichtet. Unser gemeinsames Ziel ist es, dass wir im Mai wieder mit vollen H\u00e4nden am Marienplatz stehen und diesmal MIT EUCH zusammen die ganz gro\u00dfen Titel feiern k\u00f6nnen!\u201c <\/p>\n","protected":false},"excerpt":{"rendered":"TTS-Player \u00fcberspringen\u21b5Artikel weiterlesen Leon Goretzka (30) im Kampfmodus! Nachdem sich der Mittelfeldspieler vergangene Woche gegen einen Winter-Wechsel und&hellip;\n","protected":false},"author":2,"featured_media":772647,"comment_status":"","ping_status":"","sticky":false,"template":"","format":"standard","meta":{"footnotes":"","_share_on_mastodon":"0"},"categories":[136],"tags":[1263,29,481,538,458,347,30,98004,152,11515,5134,159248,265,1470,1576,45,3767],"class_list":["post-772646","post","type-post","status-publish","format-standard","has-post-thumbnail","category-sport","tag-aufmacher-bereich","tag-deutschland","tag-dfb","tag-erste-bundesliga","tag-fc-bayern-muenchen","tag-fussball","tag-germany","tag-goretzka-leon","tag-instagram","tag-kompany-vincent","tag-quad-teaser","tag-sixpack","tag-sport","tag-sport-leuchtturm-muenchen","tag-super-a-teaser","tag-texttospeech","tag-training"],"share_on_mastodon":{"url":"https:\/\/pubeurope.com\/@de\/116015424200973942","error":""},"_links":{"self":[{"href":"https:\/\/www.europesays.com\/de\/wp-json\/wp\/v2\/posts\/772646","targetHints":{"allow":["GET"]}}],"collection":[{"href":"https:\/\/www.europesays.com\/de\/wp-json\/wp\/v2\/posts"}],"about":[{"href":"https:\/\/www.europesays.com\/de\/wp-json\/wp\/v2\/types\/post"}],"author":[{"embeddable":true,"href":"https:\/\/www.europesays.com\/de\/wp-json\/wp\/v2\/users\/2"}],"replies":[{"embeddable":true,"href":"https:\/\/www.europesays.com\/de\/wp-json\/wp\/v2\/comments?post=772646"}],"version-history":[{"count":0,"href":"https:\/\/www.europesays.com\/de\/wp-json\/wp\/v2\/posts\/772646\/revisions"}],"wp:featuredmedia":[{"embeddable":true,"href":"https:\/\/www.europesays.com\/de\/wp-json\/wp\/v2\/media\/772647"}],"wp:attachment":[{"href":"https:\/\/www.europesays.com\/de\/wp-json\/wp\/v2\/media?parent=772646"}],"wp:term":[{"taxonomy":"category","embeddable":true,"href":"https:\/\/www.europesays.com\/de\/wp-json\/wp\/v2\/categories?post=772646"},{"taxonomy":"post_tag","embeddable":true,"href":"https:\/\/www.europesays.com\/de\/wp-json\/wp\/v2\/tags?post=772646"}],"curies":[{"name":"wp","href":"https:\/\/api.w.org\/{rel}","templated":true}]}}