{"id":772775,"date":"2026-02-05T02:44:15","date_gmt":"2026-02-05T02:44:15","guid":{"rendered":"https:\/\/www.europesays.com\/de\/772775\/"},"modified":"2026-02-05T02:44:15","modified_gmt":"2026-02-05T02:44:15","slug":"dwd-warnt-erneut-vor-glatteis-und-gefrierendem-regen","status":"publish","type":"post","link":"https:\/\/www.europesays.com\/de\/772775\/","title":{"rendered":"DWD warnt erneut vor Glatteis und gefrierendem Regen"},"content":{"rendered":"<p>Gefahr f\u00fcr Leib und Leben <\/p>\n<p>Gefrierender Regen droht, die Stadt lahmzulegen<\/p>\n<p>05.02.2026 &#8211; 01:42 UhrLesedauer: 4 Min.<\/p>\n<p><a href=\"#focus-0\" class=\"transition-colors duration-200 block text-current relative\" data-sctrack=\"FocusGalleryImage.Reference\"><img fetchpriority=\"high\" data-testid=\"Opener.Image\" style=\"--lqipURL:url('https:\/\/images.t-online.de\/2026\/02\/PJyD4U5Aw8Tv\/0x210:4000x2250\/fit-in\/150x0\/filters:blur(25)\/ein-thermometer-zeigt-eiskalte-temperatur-bei-wintereinbruch-und-ein-geefahrenschild-auf-der-strasse-symbolbild-buerger-in-berlin-werden-aufgefordert-aeusserst-vorsichtig-zu-sein-und-den-aufenthalt-im-freien-sowie-fahrten-mit-dem-auto-moeglichst-zu-vermeiden.jpg')\"   loading=\"eager\" src=\"https:\/\/www.europesays.com\/de\/wp-content\/uploads\/2026\/02\/ein-thermometer-zeigt-eiskalte-temperatur-bei-wintereinbruch-und-ein-geefahrenschild-auf-der-strasse.jpeg\" alt=\"Ein Thermometer zeigt eiskalte Temperatur bei Wintereinbruch und ein Geefahrenschild auf der Stra\u00dfe (Symbolbild): B\u00fcrger in Berlin werden aufgefordert, \u00e4u\u00dferst vorsichtig zu sein und den Aufenthalt im Freien sowie Fahrten mit dem Auto m\u00f6glichst zu vermeiden.\" title=\"Ein Thermometer zeigt eiskalte Temperatur bei Wintereinbruch und ein Geefahrenschild auf der Stra\u00dfe (Symbolbild): B\u00fcrger in Berlin werden aufgefordert, \u00e4u\u00dferst vorsichtig zu sein und den Aufenthalt im Freien sowie Fahrten mit dem Auto m\u00f6glichst zu vermeiden.\" width=\"4000\" height=\"2250\" class=\"bg-[url:var(--lqipURL)] bg-cover bg-center flex h-full w-full max-w-full\" decoding=\"async\"\/><img style=\"--width:32;--height:32\" loading=\"lazy\" src=\"https:\/\/berlin.t-online.de\/s\/paper\/_next\/static\/media\/zoom-in.f7dae02f.svg\" alt=\"Vergr\u00f6\u00dfern des Bildes\" title=\"Vergr\u00f6\u00dfern des Bildes\" class=\"block h-[calc(var(--height)_\/_16_*_1rem)] w-[calc(var(--width)_\/_16_*_1rem)] max-w-none absolute bottom-8 right-8 rounded-4 bg-snow p-8\" decoding=\"async\"\/><\/a><\/p>\n<p>Ein Thermometer zeigt eiskalte Temperatur bei Wintereinbruch und ein Geefahrenschild auf der Stra\u00dfe (Symbolbild): B\u00fcrger in Berlin werden aufgefordert, \u00e4u\u00dferst vorsichtig zu sein und den Aufenthalt im Freien sowie Fahrten mit dem Auto m\u00f6glichst zu vermeiden. (Quelle: IMAGO\/imago-images-bilder)<\/p>\n<p class=\"font-bold text-18 leading-17\">Erneute Unwetterwarnung f\u00fcr Berlin: Gefrierender Regen verwandelt die Stadt in eine Eisbahn. Was die BVG dieses Mal anders machen will, um ein Debakel zu verhindern.<\/p>\n<p class=\"text-18 leading-17\">Der Deutsche Wetterdienst (DWD) hat f\u00fcr Berlin erneut eine amtliche Unwetterwarnung vor Glatteis herausgegeben. Die Warnung, die auch \u00fcber Warnapps wie Nina verbreitet wurde, gilt bis 10 Uhr am Donnerstagvormittag. Vorwiegend sind \u00f6stliche Stadtteile der Hauptstadt betroffen.<\/p>\n<p class=\"text-18 leading-17\">Nach Angaben des DWD ziehen von S\u00fcden Niederschl\u00e4ge auf. Diese fallen zun\u00e4chst als Schnee, gehen gegen Morgen aber in Regen \u00fcber, der bei Kontakt mit gefrorenen B\u00f6den und Gegenst\u00e4nden gefriert. Unwetterartige Entwicklungen sind m\u00f6glich. Da die B\u00f6den noch tiefgefroren sind, droht gef\u00e4hrliches Glatteis.<\/p>\n<p class=\"text-18 leading-17\">Der DWD warnt ausdr\u00fccklich vor Gefahr f\u00fcr Leib und Leben durch pl\u00f6tzlich gefrierenden Regen. B\u00fcrger werden aufgefordert, \u00e4u\u00dferst vorsichtig zu sein und den Aufenthalt im Freien sowie Fahrten mit dem Auto m\u00f6glichst zu vermeiden. Auf allen Verkehrswegen seien Einschr\u00e4nkungen m\u00f6glich.<\/p>\n<p class=\"text-18 leading-17\">Diesmal wollen sich die Verkehrsbetriebe besser wappnen. Die BVG bereitet sich auf eine erneut schwierige Lage insbesondere f\u00fcr den Stra\u00dfenbahnverkehr vor. Zus\u00e4tzliche Fahrzeuge und Fahrer st\u00fcnden f\u00fcr Betriebsfahrten in der Nacht bereit, damit die Oberleitungen nicht erneut einfrieren, teilte das Unternehmen mit. Bei der U-Bahn sei ein B\u00fcrsten- und Schmierzug im Einsatz, der die Gleise freihalten soll. Mit der Berliner Stadtreinigung sei zudem vereinbart worden, bei Frost besonders anf\u00e4llige Punkte fr\u00fchzeitig zu streuen.<\/p>\n<p class=\"text-18 leading-17\">In Berlin gibt es seit mehr als einer Woche heftige Debatten um den Winterdienst. Auf Stra\u00dfen und Radwegen \u00fcbernimmt die Berliner Stadtreinigung (BSR) diese Aufgabe. Auf Gehwegen oder Pl\u00e4tzen f\u00e4llt Schneer\u00e4umen und Streuen dagegen in die Verantwortung der Eigent\u00fcmer. Viele kommen dieser Verpflichtung aber nicht nach. Und die zw\u00f6lf Berliner Bezirke sind bei der Durchsetzung der Regeln \u00fcberfordert.<\/p>\n","protected":false},"excerpt":{"rendered":"Gefahr f\u00fcr Leib und Leben Gefrierender Regen droht, die Stadt lahmzulegen 05.02.2026 &#8211; 01:42 UhrLesedauer: 4 Min. Ein&hellip;\n","protected":false},"author":2,"featured_media":772776,"comment_status":"","ping_status":"","sticky":false,"template":"","format":"standard","meta":{"footnotes":"","_share_on_mastodon":"0"},"categories":[1825],"tags":[125302,3176,522,513,296,3048,2236,950,29,4906,30,26245],"class_list":["post-772775","post","type-post","status-publish","format-standard","has-post-thumbnail","category-berlin","tag-eisbahn","tag-3176","tag-522","tag-auto","tag-berlin","tag-bsr","tag-bvg","tag-deutscher-wetterdienst","tag-deutschland","tag-dwd","tag-germany","tag-unwetterwarnung"],"share_on_mastodon":{"url":"https:\/\/pubeurope.com\/@de\/116015731100389746","error":""},"_links":{"self":[{"href":"https:\/\/www.europesays.com\/de\/wp-json\/wp\/v2\/posts\/772775","targetHints":{"allow":["GET"]}}],"collection":[{"href":"https:\/\/www.europesays.com\/de\/wp-json\/wp\/v2\/posts"}],"about":[{"href":"https:\/\/www.europesays.com\/de\/wp-json\/wp\/v2\/types\/post"}],"author":[{"embeddable":true,"href":"https:\/\/www.europesays.com\/de\/wp-json\/wp\/v2\/users\/2"}],"replies":[{"embeddable":true,"href":"https:\/\/www.europesays.com\/de\/wp-json\/wp\/v2\/comments?post=772775"}],"version-history":[{"count":0,"href":"https:\/\/www.europesays.com\/de\/wp-json\/wp\/v2\/posts\/772775\/revisions"}],"wp:featuredmedia":[{"embeddable":true,"href":"https:\/\/www.europesays.com\/de\/wp-json\/wp\/v2\/media\/772776"}],"wp:attachment":[{"href":"https:\/\/www.europesays.com\/de\/wp-json\/wp\/v2\/media?parent=772775"}],"wp:term":[{"taxonomy":"category","embeddable":true,"href":"https:\/\/www.europesays.com\/de\/wp-json\/wp\/v2\/categories?post=772775"},{"taxonomy":"post_tag","embeddable":true,"href":"https:\/\/www.europesays.com\/de\/wp-json\/wp\/v2\/tags?post=772775"}],"curies":[{"name":"wp","href":"https:\/\/api.w.org\/{rel}","templated":true}]}}