{"id":772840,"date":"2026-02-05T03:19:11","date_gmt":"2026-02-05T03:19:11","guid":{"rendered":"https:\/\/www.europesays.com\/de\/772840\/"},"modified":"2026-02-05T03:19:11","modified_gmt":"2026-02-05T03:19:11","slug":"lettlands-premierminister-und-estlands-praesident-befuerworten-einen-eu-sondergesandten-fuer-russland-ukraine-gespraeche","status":"publish","type":"post","link":"https:\/\/www.europesays.com\/de\/772840\/","title":{"rendered":"Lettlands Premierminister und Estlands Pr\u00e4sident bef\u00fcrworten einen EU-Sondergesandten f\u00fcr Russland-Ukraine-Gespr\u00e4che"},"content":{"rendered":"<p>Die lettische Premierministerin Evika Sili\u0146a und der estnische Pr\u00e4sident Alar Karis haben Unterst\u00fctzung f\u00fcr die Idee ge\u00e4u\u00dfert, einen speziellen europ\u00e4ischen Beauftragten zu ernennen, der an den Gespr\u00e4chen mit dem Kreml teilnehmen soll, um seinen Krieg in der Ukraine zu beenden.<\/p>\n<p>Die Europ\u00e4ische Union sollte im Rahmen der laufenden Verhandlungen zur Beendigung des Krieges Russlands gegen die Ukraine einen speziellen Beauftragten ernennen, sagten der lettische Premierminister und der estnische Pr\u00e4sident Euronews in separaten Interviews.<\/p>\n<p>Die \u00c4u\u00dferungen spiegeln eine rasche Verschiebung des strategischen Denkens Europas gegen\u00fcber Russland wider, nachdem man von direkten Gespr\u00e4chen in den Friedensverhandlungen, die von den Vereinigten Staaten gef\u00fchrt werden, ausgeschlossen war.<\/p>\n<p>Der franz\u00f6sische Pr\u00e4sident Emmanuel Macron sagte Anfang dieser Woche, dass die Arbeiten bereits \u201eauf technischer Ebene\u201c begonnen h\u00e4tten, einen speziellen Beauftragten zu ernennen; dieser Schritt wurde auch von der italienischen Ministerpr\u00e4sidentin Giorgia Meloni bef\u00fcrwortet. Die Idee war im letzten Sommer erstmals ins Spiel gebracht worden, doch eine Mehrheit der F\u00fchrer hielt sie zu jenem Zeitpunkt f\u00fcr unangemessen.<\/p>\n<p>Die lettische Premierministerin Evika Sili\u0146a und der estnische Pr\u00e4sident Alar Karis sagten, jede Kommunikation mit Russland solle in Absprache mit der Ukraine erfolgen, und schlugen vor, dass der noch zu ernennende Gespr\u00e4chspartner eine Konsensfigur sei.<\/p>\n<p>\u201eIch denke, man muss sich in die Diplomatie einbringen. Man muss immer reden, aber wir m\u00fcssen Russland isolieren und dennoch Sanktionen gegen Russland beibehalten\u201c, sagte Lettlands Premierministerin Sili\u0146a in einem Interview mit Euronews am Rande des World Government Summit in Dubai.<\/p>\n<p>\u201eWir m\u00fcssen am Verhandlungstisch sitzen, weil die Ukrainerinnen und Ukrainer selbst zu verhandeln begonnen haben. Warum sollten Europ\u00e4er dann nicht verhandeln?\u201c<\/p>\n<p>Sili\u0146a verwies auf den franz\u00f6sischen Pr\u00e4sidenten Emmanuel Macron, den deutschen Kanzler Friedrich Merz, den polnischen Premierminister Donald Tusk und den britischen Premierminister Keir Starmer als potenzielle europ\u00e4ische Vertreter. Im Gegensatz zu Macron <strong>hat Merz klar direkte Gespr\u00e4che abgelehnt<\/strong>.<\/p>\n<p>\u201eJa, wir brauchen wirklich einen Beauftragten. Wahrscheinlich ist die Frage, wer es sein wird. Und ich denke, wir haben viele Optionen\u201c, f\u00fcgte Sili\u0146a hinzu.<\/p>\n<p>\u201eIch bin bereit zu gehen, wenn es n\u00f6tig ist, aber ich glaube, dass europ\u00e4ische F\u00fchrer aus Deutschland oder Frankreich, sowie Gro\u00dfbritannien, das Mitglied der \u201aKoalition der Willigen\u2018 ist, diejenigen sein sollten, die tats\u00e4chlich am Tisch sitzen \u2013 gemeinsam mit den USA \u2013 um der Ukraine in diesen sehr schwierigen Verhandlungen zu helfen.\u201c<\/p>\n<p>Der estnische Pr\u00e4sident Karis nahm kein Namensvorschlag vor, betonte jedoch, dass der gew\u00e4hlte Beauftragte aus einem gro\u00dfen europ\u00e4ischen Land stammen und auf beiden Seiten Glaubw\u00fcrdigkeit genie\u00dfen solle.<\/p>\n<p>\u201eDie Europ\u00e4ische Union sollte ebenfalls an diesen Diskussionen beteiligt sein. Obwohl wir nicht direkt gegen Russland k\u00e4mpfen, unterst\u00fctzen wir die Ukraine bereits seit so vielen Jahren und tun dies weiterhin\u201c, sagte Karis Euronews bei derselben Veranstaltung in Dubai.<\/p>\n<p>\u201eWir sollten auch ein Mitspracherecht haben, aber Sie sehen, wir sind etwas versp\u00e4tet. Wir h\u00e4tten damit beginnen sollen, vielleicht nicht Pr\u00e4sident Trump, aber vielleicht die Europ\u00e4ische Union, um auch diplomatische L\u00f6sungen daf\u00fcr zu finden,\u201c fuhr er fort.<\/p>\n<p>\u201eVor ein paar Jahren befanden wir uns in einer Position, in der wir nicht mit Aggressoren gesprochen haben, und jetzt bef\u00fcrchten wir, dass wir nicht am Tisch sitzen.\u201c<\/p>\n<p>Die Frage, ob man die diplomatischen Kan\u00e4le mit Russland wieder \u00f6ffnen sollte, die seit Februar 2022 weitgehend geschlossen sind, hat in den letzten Wochen an Dynamik gewonnen, w\u00e4hrend der von den USA gef\u00fchrte Prozess voranschreitet und Sicherheitsgarantien f\u00fcr die Ukraine konkretisiert werden.<\/p>\n<p>Zu denen, die die Idee unterst\u00fctzen, direkte Gespr\u00e4che aufzunehmen, um sich nicht mehr auf das Wei\u00dfe Haus zu verlassen, das heute der Hauptansprechpartner mit Moskau ist, geh\u00f6ren Frankreich, Italien, \u00d6sterreich, Luxemburg und die Tschechische Republik.<\/p>\n<p>Deutschland hingegen hat dies abgelehnt, indem es Putins \u201emaximalistische Forderungen\u201c und die fortgesetzte Bombardierung ukrainischer St\u00e4dte bei Temperaturen unter dem Gefrierpunkt als Beleg daf\u00fcr anf\u00fchrte, dass der Kreml keine \u201eechte Verhandlungsbereitschaft\u201c zeige.<\/p>\n<p>In einer Stellungnahme gegen\u00fcber Euronews warnte das estnische Au\u00dfenministerium vor einer erneuten Aufnahme der Gespr\u00e4che.<\/p>\n<p>\u201eSolange Russland seine Handlungen und Ziele in seiner Aggression gegen die Ukraine nicht ge\u00e4ndert hat, ist es nicht m\u00f6glich, mit Russland Gespr\u00e4che aufzunehmen, noch sollten wir ihm einen Ausweg aus der Isolation anbieten,\u201c sagte ein estnischer Sprecher. \u201eWir d\u00fcrfen nicht dieselben Fehler wiederholen, die immer wieder begangen werden, indem man die Beziehungen wiederherstellt, wenn Russland seinen Kurs nicht ge\u00e4ndert hat.\u201c<\/p>\n<p>Die Europ\u00e4ische Kommission, die zwischen den scharfen Gr\u00e4ben eine feine Linie gehen muss, hat Putin aufgefordert, sich \u201eernsthaft\u201c mit dem Frieden zu befassen, bevor eine diplomatische Wiederaufnahme erfolgt. Auf die von Macron angek\u00fcndigte \u201etechnische\u201c Arbeit angesprochen, lehnte die Kommission einen Kommentar ab.<\/p>\n<p>Die Exekutive wird in den kommenden Tagen voraussichtlich ein neues Sanktionspaket vorlegen.<\/p>\n","protected":false},"excerpt":{"rendered":"Die lettische Premierministerin Evika Sili\u0146a und der estnische Pr\u00e4sident Alar Karis haben Unterst\u00fctzung f\u00fcr die Idee ge\u00e4u\u00dfert, einen&hellip;\n","protected":false},"author":2,"featured_media":772841,"comment_status":"","ping_status":"","sticky":false,"template":"","format":"standard","meta":{"footnotes":"","_share_on_mastodon":"0"},"categories":[4013],"tags":[331,332,175293,169459,175294,175295,36070,13,175296,14,15,3686,11329,4043,4044,850,307,175297,12,71266],"class_list":["post-772840","post","type-post","status-publish","format-standard","has-post-thumbnail","category-russland","tag-aktuelle-nachrichten","tag-aktuelle-news","tag-befuerworten","tag-einen","tag-estlands","tag-eusondergesandten","tag-fuer","tag-headlines","tag-lettlands","tag-nachrichten","tag-news","tag-praesident","tag-premierminister","tag-russia","tag-russian-federation","tag-russische-foederation","tag-russland","tag-russlandukrainegespraeche","tag-schlagzeilen","tag-und"],"share_on_mastodon":{"url":"https:\/\/pubeurope.com\/@de\/116015868340885837","error":""},"_links":{"self":[{"href":"https:\/\/www.europesays.com\/de\/wp-json\/wp\/v2\/posts\/772840","targetHints":{"allow":["GET"]}}],"collection":[{"href":"https:\/\/www.europesays.com\/de\/wp-json\/wp\/v2\/posts"}],"about":[{"href":"https:\/\/www.europesays.com\/de\/wp-json\/wp\/v2\/types\/post"}],"author":[{"embeddable":true,"href":"https:\/\/www.europesays.com\/de\/wp-json\/wp\/v2\/users\/2"}],"replies":[{"embeddable":true,"href":"https:\/\/www.europesays.com\/de\/wp-json\/wp\/v2\/comments?post=772840"}],"version-history":[{"count":0,"href":"https:\/\/www.europesays.com\/de\/wp-json\/wp\/v2\/posts\/772840\/revisions"}],"wp:featuredmedia":[{"embeddable":true,"href":"https:\/\/www.europesays.com\/de\/wp-json\/wp\/v2\/media\/772841"}],"wp:attachment":[{"href":"https:\/\/www.europesays.com\/de\/wp-json\/wp\/v2\/media?parent=772840"}],"wp:term":[{"taxonomy":"category","embeddable":true,"href":"https:\/\/www.europesays.com\/de\/wp-json\/wp\/v2\/categories?post=772840"},{"taxonomy":"post_tag","embeddable":true,"href":"https:\/\/www.europesays.com\/de\/wp-json\/wp\/v2\/tags?post=772840"}],"curies":[{"name":"wp","href":"https:\/\/api.w.org\/{rel}","templated":true}]}}