{"id":772846,"date":"2026-02-05T03:22:11","date_gmt":"2026-02-05T03:22:11","guid":{"rendered":"https:\/\/www.europesays.com\/de\/772846\/"},"modified":"2026-02-05T03:22:11","modified_gmt":"2026-02-05T03:22:11","slug":"die-mandelson-epstein-affaere-bringt-premierminister-starmer-und-die-labour-partei-in-schwierigkeiten","status":"publish","type":"post","link":"https:\/\/www.europesays.com\/de\/772846\/","title":{"rendered":"Die Mandelson-Epstein-Aff\u00e4re bringt Premierminister Starmer und die Labour-Partei in Schwierigkeiten."},"content":{"rendered":"<p class=\"gt-block\">Die Lage des ehemaligen britischen Botschafters in den Vereinigten Staaten ist zus\u00e4tzlich verkompliziert. <strong>Peter Mandelson,<\/strong> \u00fcberw\u00e4ltigt von den Enth\u00fcllungen in den sogenannten \u201eEpstein-Akten\u201c, die seine Verbindungen zu dem verstorbenen amerikanischen Unternehmer, der der P\u00e4dophilie und des Sexhandels beschuldigt wurde, erneut ins Rampenlicht ger\u00fcckt haben, <strong>Jeffrey Epstein<\/strong>und l\u00f6ste eine politische Krise mit direkten Auswirkungen auf den Premierminister aus. <strong>Keir Starmer<\/strong> und der Labour-Regierung. In den letzten Tagen hat die Aff\u00e4re eine noch brisantere Wendung genommen, nachdem die Metropolitan Police die Einleitung eines Strafverfahrens wegen angeblichen Amtsmissbrauchs angek\u00fcndigt hatte. Hintergrund ist der Vorwurf, Mandelson habe als Wirtschaftsminister in der Regierung des ehemaligen Labour-Premierministers vertrauliche und finanziell sensible Regierungsinformationen an Epstein weitergegeben. <strong>Gordon Brown<\/strong> zwischen 2009 und 2010. Laut Dokumenten des US-Justizministeriums soll Mandelson in einem entscheidenden Moment der britischen Reaktion auf die globale Finanzkrise interne Regierungskommunikation weitergeleitet haben. Der Kommandant der Metropolitan Police, <strong>Ella Marriott,<\/strong> best\u00e4tigte die Untersuchung und pr\u00e4zisierte, dass die Ermittler auch andere Vertreter der Labour-Partei, einschlie\u00dflich Brown selbst, anh\u00f6ren k\u00f6nnten.<\/p>\n<p class=\"gt-block\">Die Enth\u00fcllungen hatten unmittelbare Folgen: Mandelson, der im September als Botschafter abberufen wurde, trat zun\u00e4chst aus der Labour Party aus und k\u00fcndigte anschlie\u00dfend seinen R\u00fccktritt vom House of Lords an, um der Partei \u201eweitere Peinlichkeiten\u201c zu ersparen. Sein R\u00fccktritt beendete den Fall jedoch nicht. Im Gegenteil, er lenkte den Fokus des Skandals auf Downing Street und die erst ein Jahr zuvor getroffene Entscheidung, ihn auf den hochsensiblen Posten des Botschafters in Washington zu berufen. Wie die BBC anmerkte, lassen sich die neuen Enth\u00fcllungen \u201enicht einfach als Geschichte abtun\u201c, da sie das politische Urteilsverm\u00f6gen des amtierenden Premierministers Keir Starmer direkt infrage stellen. Mandelson war keine Randfigur und auch nicht von der Macht ausgeschlossen: Er war vom Premierminister pers\u00f6nlich ausgew\u00e4hlt worden, um das Vereinigte K\u00f6nigreich in den Vereinigten Staaten zu vertreten \u2013 in einer heiklen Phase der transatlantischen Beziehungen und kurz vor einer m\u00f6glichen R\u00fcckkehr des Pr\u00e4sidenten. <strong>Donald Trump<\/strong> im Wei\u00dfen Haus.<\/p>\n<p>Starmer distanzierte sich jedoch \u00f6ffentlich und mit ungew\u00f6hnlich scharfen Worten von seinem ehemaligen Botschafter. Im Unterhaus warf der Premierminister Mandelson vor, sein Team \u00fcber seine Beziehung zu Epstein vor und w\u00e4hrend seiner Amtszeit in Washington \u201ewiederholt belogen\u201c zu haben. \u201eEr hat das Land, das Parlament und meine Partei verraten\u201c, erkl\u00e4rte Starmer und f\u00fcgte hinzu, er bedauere die Ernennung. Er versicherte, dass Mandelson, h\u00e4tte er die ganze Wahrheit fr\u00fcher gekannt, \u201eniemals von der Regierung kontaktiert worden w\u00e4re\u201c. Ebenfalls in seiner Rede im Unterhaus best\u00e4tigte der Premierminister erstmals, dass er vor Mandelsons Ernennung zum US-Botschafter von dessen langj\u00e4hriger Beziehung zu Epstein gewusst habe. Er erkl\u00e4rte jedoch, der ehemalige Diplomat habe tats\u00e4chlich \u00fcber das Ausma\u00df seiner Kontakte zu Epstein \u201ewiederholt gelogen\u201c. Starmer sicherte der Polizei zudem seine volle Kooperation bei den Ermittlungen zu: \u201eWir sind bereit, jede notwendige Unterst\u00fctzung zu leisten.\u201c Downing Street best\u00e4tigte au\u00dferdem, dass die Regierung ein Gesetz vorbereitet, das die Aberkennung von Mandelsons Adelstitel erm\u00f6glichen und ganz allgemein die Verfahren zur Ausweisung von Peers, die in schwere Skandale verwickelt sind, reformieren soll.<\/p>\n<p class=\"gt-block\">Die Opposition beharrt jedoch darauf, dass der R\u00fccktritt und die Untersuchung nicht ausreichen. Der Vorsitzende der Konservativen, <strong>Kemi Badenoch,<\/strong> Er sprach von einem Fall, der die Aufmerksamkeit auf den Premierminister lenkt, und warf ihm vor, einen engen Freund eines verurteilten P\u00e4dophilen in eine der wichtigsten diplomatischen Positionen des Landes berufen zu haben. Die Liberaldemokraten, mit ihrem Vorsitzenden <strong>Ed Davey,<\/strong> Sie argumentierten, Mandelson sei \u201evor dem erzwungenen R\u00fccktritt\u201c zur\u00fcckgetreten und forderten eine umfassende Untersuchung seiner Ernennung und des von Downing Street durchgef\u00fchrten \u00dcberpr\u00fcfungsprozesses. Genau auf diesen \u00dcberpr\u00fcfungsprozess konzentriert sich der politische Druck nun. Die Konservativen haben angek\u00fcndigt, parlamentarische Mittel einzusetzen, um die Ver\u00f6ffentlichung der Dokumente zu erreichen, die die \u00dcberpr\u00fcfung vor Mandelsons Ernennung nach Washington betreffen.<\/p>\n<p>Dieser Schritt soll kl\u00e4ren, ob Starmer und seine Mitarbeiter sich der Tiefe der Beziehung zwischen Mandelson und Epstein bewusst waren oder h\u00e4tten sein m\u00fcssen. F\u00fcr Starmer stellt der Fall eine Krise seiner F\u00fchrungsrolle dar: Er wirft nicht nur Fragen zu seinem Urteilsverm\u00f6gen auf, sondern droht auch, die Erz\u00e4hlung der Labour-Partei von ethischer Br\u00fcchen und Transparenz nach Jahren konservativer Regierungen zu untergraben. Allerdings birgt er die Gefahr, nicht den Konservativen, sondern Reform UK, einer rechtspopulistischen Partei, die in britischen Umfragen bereits vorne liegt, zu nutzen.<\/p>\n<p class=\"gt-block\">Lesen Sie auch andere Nachrichten \u00fcber <strong><a href=\"https:\/\/www.agenzianova.com\/de\/news\" target=\"_blank\" rel=\"noopener nofollow\">Nova-News<\/a><\/strong><\/p>\n<p class=\"gt-block\"><strong><a style=\"color: #0000ff;\" href=\" https:\/\/whatsapp.com\/channel\/0029VaZNLBP6BIEk5MzqOb2Q \">Klicken Sie hier und erhalten Sie Updates auf WhatsApp<\/a><\/strong><\/p>\n<p class=\"gt-block\">Folgen Sie uns auf den sozialen Kan\u00e4len von Nova News <strong><a href=\"https:\/\/twitter.com\/agenzia_nova\" target=\"_blank\" rel=\"noopener nofollow\">Twitter<\/a>, <a href=\"https:\/\/www.linkedin.com\/company\/64989554\/admin\/\" target=\"_blank\" rel=\"noopener nofollow\"> LinkedIn<\/a>, <a href=\"https:\/\/www.instagram.com\/agenzia.nova\/\" target=\"_blank\" rel=\"noopener nofollow\">Instagram, <\/a><a href=\"https:\/\/t.me\/novanewsagenzia\" rel=\"nofollow\">Telegram<\/a><\/strong><\/p>\n<p><script async src=\"https:\/\/platform.twitter.com\/widgets.js\" charset=\"utf-8\"><\/script><script async src=\"\/\/www.instagram.com\/embed.js\"><\/script><\/p>\n","protected":false},"excerpt":{"rendered":"Die Lage des ehemaligen britischen Botschafters in den Vereinigten Staaten ist zus\u00e4tzlich verkompliziert. Peter Mandelson, \u00fcberw\u00e4ltigt von den&hellip;\n","protected":false},"author":2,"featured_media":772847,"comment_status":"","ping_status":"","sticky":false,"template":"","format":"standard","meta":{"footnotes":"","_share_on_mastodon":"0"},"categories":[3976],"tags":[331,332,81660,13,175298,14,15,12,6382,3992,3993,3994,3995,3996,3997],"class_list":["post-772846","post","type-post","status-publish","format-standard","has-post-thumbnail","category-vereinigtes-koenigreich","tag-aktuelle-nachrichten","tag-aktuelle-news","tag-epstein","tag-headlines","tag-mandelson","tag-nachrichten","tag-news","tag-schlagzeilen","tag-starmer","tag-uk","tag-united-kingdom","tag-united-kingdom-of-great-britain-and-northern-ireland","tag-vereinigtes-koenigreich","tag-vereinigtes-koenigreich-grossbritannien-und-nordirland","tag-vereinigtes-koenigreich-von-grossbritannien-und-nordirland"],"share_on_mastodon":{"url":"https:\/\/pubeurope.com\/@de\/116015880184932057","error":""},"_links":{"self":[{"href":"https:\/\/www.europesays.com\/de\/wp-json\/wp\/v2\/posts\/772846","targetHints":{"allow":["GET"]}}],"collection":[{"href":"https:\/\/www.europesays.com\/de\/wp-json\/wp\/v2\/posts"}],"about":[{"href":"https:\/\/www.europesays.com\/de\/wp-json\/wp\/v2\/types\/post"}],"author":[{"embeddable":true,"href":"https:\/\/www.europesays.com\/de\/wp-json\/wp\/v2\/users\/2"}],"replies":[{"embeddable":true,"href":"https:\/\/www.europesays.com\/de\/wp-json\/wp\/v2\/comments?post=772846"}],"version-history":[{"count":0,"href":"https:\/\/www.europesays.com\/de\/wp-json\/wp\/v2\/posts\/772846\/revisions"}],"wp:featuredmedia":[{"embeddable":true,"href":"https:\/\/www.europesays.com\/de\/wp-json\/wp\/v2\/media\/772847"}],"wp:attachment":[{"href":"https:\/\/www.europesays.com\/de\/wp-json\/wp\/v2\/media?parent=772846"}],"wp:term":[{"taxonomy":"category","embeddable":true,"href":"https:\/\/www.europesays.com\/de\/wp-json\/wp\/v2\/categories?post=772846"},{"taxonomy":"post_tag","embeddable":true,"href":"https:\/\/www.europesays.com\/de\/wp-json\/wp\/v2\/tags?post=772846"}],"curies":[{"name":"wp","href":"https:\/\/api.w.org\/{rel}","templated":true}]}}