{"id":773015,"date":"2026-02-05T05:03:42","date_gmt":"2026-02-05T05:03:42","guid":{"rendered":"https:\/\/www.europesays.com\/de\/773015\/"},"modified":"2026-02-05T05:03:42","modified_gmt":"2026-02-05T05:03:42","slug":"85-jaehriger-bei-unfall-in-hemmingen-schwer-verletzt","status":"publish","type":"post","link":"https:\/\/www.europesays.com\/de\/773015\/","title":{"rendered":"85-J\u00e4hriger bei Unfall in Hemmingen schwer verletzt"},"content":{"rendered":"<p>Am Samstagmittag, 31.01.2026 ist ein 85 Jahre alter Mann mit seinem Suzuki zwischen Arnum und Wilkenburg von der Fahrbahn abgekommen und schwer verletzt wurden. Die Polizei sucht nun Zeugen des Unfalls.<\/p>\n<p>Nach bisherigen Erkenntnissen des Verkehrsunfalldienstes Hannover befuhr der Mann aus <a href=\"https:\/\/www.hannover-entdecken.de\/hemmingen\/\" data-internallinksmanager029f6b8e52c=\"3741\" title=\"Hemmingen\" rel=\"nofollow noopener\" target=\"_blank\">Hemmingen<\/a> gegen 11:45 Uhr mit seinem Suzuki die <a href=\"https:\/\/www.hannover-entdecken.de\/wilkenburger-strasse-hannover\/\" data-internallinksmanager029f6b8e52c=\"3543\" title=\"Wilkenburger Stra\u00dfe\" rel=\"nofollow noopener\" target=\"_blank\">Wilkenburger Stra\u00dfe<\/a> in Richtung Arnum, als ihn ein heller Transporter \u00fcberholte. Der 85-J\u00e4hrige kam darauf von der Fahrbahn ab, fuhr circa 70 Meter durch den Schnee und prallte gegen einen Stra\u00dfenbaum. Zu einer Ber\u00fchrung der beiden PKW kam es nicht.<\/p>\n<p>Der Fahrer des \u00fcberholenden Fahrzeugs entfernte sich anschlie\u00dfend vom Unfallort. N\u00e4heres zu dem Transporter ist nicht bekannt.<\/p>\n<p>Der Suzuki-Fahrer erlitt schwere Verletzungen und wurde durch Rettungskr\u00e4fte in ein Krankenhaus gebracht.<\/p>\n<p>Die <a href=\"https:\/\/www.hannover-entdecken.de\/polizei-hannover-dienststellen-und-serviceangebote\/\" data-internallinksmanager029f6b8e52c=\"3665\" title=\"Polizei Hannover - Dienststellen und Serviceangebote\" rel=\"nofollow noopener\" target=\"_blank\">Polizei Hannover<\/a> sucht nun Zeugen, die insbesondere Angaben zu dem hellen Transporter machen k\u00f6nnen. Zeuginnen und Zeugen werden gebeten, sich telefonisch beim Verkehrsunfalldienst Hannover unter der Rufnummer 0511-109 1888 zu melden. <\/p>\n<p class=\"isc_image_list_title\">Bildquellen:<\/p>\n<ul class=\"isc_image_list\">\n<li>Polizei Nachrichten: www.hannover-entdecken.de<\/li>\n<\/ul>\n<p>Kategorie: <a href=\"https:\/\/www.hannover-entdecken.de\/category\/aktuelles\/blaulicht\/\" rel=\"category tag nofollow noopener\" target=\"_blank\">Blaulicht<\/a>, <a href=\"https:\/\/www.hannover-entdecken.de\/category\/aktuelles\/region\/\" rel=\"category tag nofollow noopener\" target=\"_blank\">Region<\/a>                <\/p>\n<p><a href=\"https:\/\/www.hannover-entdecken.de\/author\/pressemitteilung-polizei\/\" title=\"Alle Artikel von Pressemitteilung Polizei Hannover\" rel=\"nofollow noopener\" target=\"_blank\">Pressemitteilung Polizei Hannover<\/a>                                <\/p>\n","protected":false},"excerpt":{"rendered":"Am Samstagmittag, 31.01.2026 ist ein 85 Jahre alter Mann mit seinem Suzuki zwischen Arnum und Wilkenburg von der&hellip;\n","protected":false},"author":2,"featured_media":442852,"comment_status":"","ping_status":"","sticky":false,"template":"","format":"standard","meta":{"footnotes":"","_share_on_mastodon":"0"},"categories":[1836],"tags":[3364,29,30,46,7637,1411],"class_list":["post-773015","post","type-post","status-publish","format-standard","has-post-thumbnail","category-hannover","tag-de","tag-deutschland","tag-germany","tag-hannover","tag-hemmingen","tag-niedersachsen"],"share_on_mastodon":{"url":"https:\/\/pubeurope.com\/@de\/116016277345629892","error":""},"_links":{"self":[{"href":"https:\/\/www.europesays.com\/de\/wp-json\/wp\/v2\/posts\/773015","targetHints":{"allow":["GET"]}}],"collection":[{"href":"https:\/\/www.europesays.com\/de\/wp-json\/wp\/v2\/posts"}],"about":[{"href":"https:\/\/www.europesays.com\/de\/wp-json\/wp\/v2\/types\/post"}],"author":[{"embeddable":true,"href":"https:\/\/www.europesays.com\/de\/wp-json\/wp\/v2\/users\/2"}],"replies":[{"embeddable":true,"href":"https:\/\/www.europesays.com\/de\/wp-json\/wp\/v2\/comments?post=773015"}],"version-history":[{"count":0,"href":"https:\/\/www.europesays.com\/de\/wp-json\/wp\/v2\/posts\/773015\/revisions"}],"wp:featuredmedia":[{"embeddable":true,"href":"https:\/\/www.europesays.com\/de\/wp-json\/wp\/v2\/media\/442852"}],"wp:attachment":[{"href":"https:\/\/www.europesays.com\/de\/wp-json\/wp\/v2\/media?parent=773015"}],"wp:term":[{"taxonomy":"category","embeddable":true,"href":"https:\/\/www.europesays.com\/de\/wp-json\/wp\/v2\/categories?post=773015"},{"taxonomy":"post_tag","embeddable":true,"href":"https:\/\/www.europesays.com\/de\/wp-json\/wp\/v2\/tags?post=773015"}],"curies":[{"name":"wp","href":"https:\/\/api.w.org\/{rel}","templated":true}]}}