{"id":773355,"date":"2026-02-05T08:19:14","date_gmt":"2026-02-05T08:19:14","guid":{"rendered":"https:\/\/www.europesays.com\/de\/773355\/"},"modified":"2026-02-05T08:19:14","modified_gmt":"2026-02-05T08:19:14","slug":"britney-spears-ueber-ihre-familie-ich-habe-angst-vor-ihnen-unterhaltung","status":"publish","type":"post","link":"https:\/\/www.europesays.com\/de\/773355\/","title":{"rendered":"Britney Spears \u00fcber ihre Familie: \u201eIch habe Angst vor ihnen\u201c | Unterhaltung"},"content":{"rendered":"<p><a class=\"skip-content skip-content--link\" href=\"#in-content-skip-link-target-v-0-0\">TTS-Player \u00fcberspringen\u21b5<\/a><a id=\"in-content-skip-link-target-v-0-0\" class=\"skip-content--target-link-hidden skip-content skip-content--target-link\" href=\"#in-content-skip-link-target-v-0-0\">Artikel weiterlesen<\/a><\/p>\n<p>Los Angeles (USA) \u2013\u00a0<b>Seit rund f\u00fcnf Jahren lebt Britney Spears (44) ohne Vormund \u2013 und teilt seitdem vor allem Gesang und Nackt-T\u00e4nzchen bei Instagram. Statt skurriler Videos postet die S\u00e4ngerin jetzt sehr nachdenkliche Zeilen: \u201eIch bin unglaublich gl\u00fccklich, \u00fcberhaupt noch am Leben zu sein, wenn man bedenkt, wie meine Familie mich einmal behandelt hat, und jetzt habe ich Angst vor ihnen.\u201c<\/b><\/p>\n<p>Familie ist f\u00fcr die S\u00e4ngerin (\u201eCircus\u201c) ein sensibles Thema. Nachdem sie 2008 aus psychischen Gr\u00fcnden zusammengebrochen war, wurde ihr Vater Jamie Spears (73) ihr Vormund. \u00dcber 13 Jahre lang hatte <a href=\"https:\/\/www.bild.de\/unterhaltung\/leute\/britney-spears\/britney-spears-alle-infos-76662828.bild.html\" class=\"text-link\" rel=\"nofollow noopener\" target=\"_blank\">Britney Spears<\/a> keine Kontrolle \u00fcber ihr Leben und ihre Finanzen. Erst nach jahrelangem Kampf vor Gericht erhielt sie diese zur\u00fcck.<\/p>\n<p><img decoding=\"async\" width=\"992\" height=\"644\" alt=\"Britney Spears hat im April 2024 den jahrelangen Rechtsstreit mit ihrem Vater Jamie Spears (73, hier 2019) beigelegt\" src=\"https:\/\/www.europesays.com\/de\/wp-content\/uploads\/2026\/02\/4aa2c01415586f51a8afe8169e72f9a5,a7f3c914.jpeg\"   class=\"dynamic\" loading=\"lazy\"\/><\/p>\n<p class=\"fig__caption__text\">Britney Spears hat im April 2024 den jahrelangen Rechtsstreit mit ihrem Vater Jamie Spears (73, hier 2019) beigelegt<\/p>\n<p>Foto: SplashNews.com<\/p>\n<p>\u201eSie werden niemals Verantwortung \u00fcbernehmen\u201c<\/p>\n<p>Jetzt gibt die <a href=\"https:\/\/www.bild.de\/unterhaltung\/musik\/grammy\/thema-grammy-awards-alle-infos-82624238.bild.html\" class=\"text-link\" rel=\"nofollow noopener\" target=\"_blank\">Grammy<\/a>-Gewinnerin Einblick in ihr Seelenleben w\u00e4hrend der Vormundschaft. An ihre Fans gerichtet, schreibt sie: \u201eF\u00fcr diejenigen unter euch, deren Familien euch gesagt haben, dass sie euch helfen wollen, euch aber stattdessen isolieren und euch das Gef\u00fchl geben, unglaublich ausgeschlossen zu sein &#8230; Sie haben sich geirrt. Als Menschen k\u00f6nnen wir vergeben, aber wir vergessen nie.\u201c<\/p>\n<p>Britney Spears \u00fcber ihre Familie: \u201eSie werden niemals die Verantwortung f\u00fcr das \u00fcbernehmen, was sie getan haben.\u201c Dass ihre Wunden l\u00e4ngst nicht verheilt sind, wurde schon kurz nach Weihnachten klar, als ihre Familie ohne sie feierte. Die S\u00e4ngerin schrieb am 28. Dezember: \u201eFrohe versp\u00e4tete Weihnachten an meine wundervolle Familie, die mich nie respektlos behandelt, mir nie Schaden zugef\u00fcgt, nie etwas v\u00f6llig Inakzeptables getan oder mir kein unglaubliches Trauma zugef\u00fcgt hat, das man nicht wieder gutmachen kann.\u201c<\/p>\n<p><img decoding=\"async\" width=\"992\" height=\"1410\" alt=\"Britney Spears zeigt sich auf Instagram seit Jahren in bizarren Tanz- und Nackt-Videos\" src=\"https:\/\/www.europesays.com\/de\/wp-content\/uploads\/2026\/02\/59268ea3c357ee91acee90b5fbd054e8,16414a23.jpeg\"   class=\"dynamic\" loading=\"lazy\"\/><\/p>\n<p class=\"fig__caption__text\">Britney Spears zeigt sich auf Instagram seit Jahren in bizarren Tanz- und Nackt-Videos<\/p>\n<p>Foto: britneyspears\/Instagram<\/p>\n<p>Freunde in Sorge um Britney Spears<\/p>\n<p>Britney scheint heute vor allem eins zu sein: allein. Auf Instagram hat sie die Kommentarfunktion ausgeschaltet. Wie Insider im September gegen\u00fcber der \u201eDaily Mail\u201c schilderten, <a href=\"https:\/\/www.bild.de\/unterhaltung\/stars-und-leute\/britney-spears-soll-im-dreck-leben-hundekacke-in-ihrer-millionenvilla-68bfc22acc4e516e901aab9a\" class=\"text-link\" rel=\"nofollow noopener\" target=\"_blank\">soll die S\u00e4ngerin in einer verwahrlosten Villa samt Hundekot leben<\/a>. Nach der Scheidung von Fitnesstrainer Sam Asghari (32) im Mai 2024 suchte Britney Halt bei ihren Tieren. Die Hunde versprachen mehr Struktur f\u00fcr ihr Leben, scheinen aber nun Teil des Chaos zu sein.<\/p>\n","protected":false},"excerpt":{"rendered":"TTS-Player \u00fcberspringen\u21b5Artikel weiterlesen Los Angeles (USA) \u2013\u00a0Seit rund f\u00fcnf Jahren lebt Britney Spears (44) ohne Vormund \u2013 und&hellip;\n","protected":false},"author":2,"featured_media":773356,"comment_status":"","ping_status":"","sticky":false,"template":"","format":"standard","meta":{"footnotes":"","_share_on_mastodon":"0"},"categories":[1772],"tags":[29,214,1993,30,152,7893,1779,810,9668,15293,1911,121334,138370,45,215,4191],"class_list":["post-773355","post","type-post","status-publish","format-standard","has-post-thumbnail","category-musik","tag-deutschland","tag-entertainment","tag-gerichte","tag-germany","tag-instagram","tag-los-angeles","tag-music","tag-musik","tag-musiker","tag-rechtsstreit","tag-saengerin","tag-spears-britney","tag-team-first","tag-texttospeech","tag-unterhaltung","tag-vater"],"share_on_mastodon":{"url":"https:\/\/pubeurope.com\/@de\/116017048155875670","error":""},"_links":{"self":[{"href":"https:\/\/www.europesays.com\/de\/wp-json\/wp\/v2\/posts\/773355","targetHints":{"allow":["GET"]}}],"collection":[{"href":"https:\/\/www.europesays.com\/de\/wp-json\/wp\/v2\/posts"}],"about":[{"href":"https:\/\/www.europesays.com\/de\/wp-json\/wp\/v2\/types\/post"}],"author":[{"embeddable":true,"href":"https:\/\/www.europesays.com\/de\/wp-json\/wp\/v2\/users\/2"}],"replies":[{"embeddable":true,"href":"https:\/\/www.europesays.com\/de\/wp-json\/wp\/v2\/comments?post=773355"}],"version-history":[{"count":0,"href":"https:\/\/www.europesays.com\/de\/wp-json\/wp\/v2\/posts\/773355\/revisions"}],"wp:featuredmedia":[{"embeddable":true,"href":"https:\/\/www.europesays.com\/de\/wp-json\/wp\/v2\/media\/773356"}],"wp:attachment":[{"href":"https:\/\/www.europesays.com\/de\/wp-json\/wp\/v2\/media?parent=773355"}],"wp:term":[{"taxonomy":"category","embeddable":true,"href":"https:\/\/www.europesays.com\/de\/wp-json\/wp\/v2\/categories?post=773355"},{"taxonomy":"post_tag","embeddable":true,"href":"https:\/\/www.europesays.com\/de\/wp-json\/wp\/v2\/tags?post=773355"}],"curies":[{"name":"wp","href":"https:\/\/api.w.org\/{rel}","templated":true}]}}