{"id":773373,"date":"2026-02-05T08:28:14","date_gmt":"2026-02-05T08:28:14","guid":{"rendered":"https:\/\/www.europesays.com\/de\/773373\/"},"modified":"2026-02-05T08:28:14","modified_gmt":"2026-02-05T08:28:14","slug":"washington-post-hunderte-journalisten-muessen-gehen","status":"publish","type":"post","link":"https:\/\/www.europesays.com\/de\/773373\/","title":{"rendered":"Washington Post: Hunderte Journalisten m\u00fcssen gehen"},"content":{"rendered":"<p>            <img loading=\"lazy\" decoding=\"async\" class=\"ts-image\" src=\"https:\/\/www.europesays.com\/de\/wp-content\/uploads\/2026\/02\/gebaeude-washington-post-100.jpg\" alt=\"Ein Schriftzug an dem Sitz der Washington Post.\" title=\"Ein Schriftzug an dem Sitz der Washington Post. | AP\"\/><\/p>\n<p class=\"metatextline\">Stand: 05.02.2026 07:57 Uhr<\/p>\n<p class=\"article-head__shorttext\">\n        <strong>Die Washington Post ist eine der renommiertesten US-Zeitungen. Nun entl\u00e4sst sie mehr als ein Drittel ihrer Journalisten. 2013 hatte Amazon-Gr\u00fcnder Bezos die Zeitung gekauft und zuletzt den Kurs deutlich ver\u00e4ndert.<\/strong>\n    <\/p>\n<p>                                    <a class=\"authorline__link\" href=\"https:\/\/www.tagesschau.de\/ausland\/korrespondenten\/schneider-160.html\" rel=\"nofollow noopener\" target=\"_blank\"><br \/>\n                                        <img decoding=\"async\" class=\"authorline__img\" alt=\"Anne Schneider\" src=\"https:\/\/www.europesays.com\/de\/wp-content\/uploads\/2026\/02\/schneider-158.jpg\"\/><br \/>\n                                    <\/a><\/p>\n<p class=\"textabsatz m-ten m-offset-one l-eight l-offset-two columns twelve\">Es f\u00fchle sich so an, als habe es im vergangenen Jahr ein Begr\u00e4bnis nach dem anderen gegeben: Entlassungen, Abfindungen, K\u00fcndigungen. So beschreibt Sally Quinn, langj\u00e4hrige Kolumnistin der Zeitung, die aktuelle Lage. &#8222;Es ist einfach tragisch, was mit der Washington Post passiert&#8220;, sagt sie.<\/p>\n<p class=\"textabsatz m-ten m-offset-one l-eight l-offset-two columns twelve\">Bei dem Traditionsblatt kriselt es seit Jahren. Doch nun k\u00fcndigte die Washington Post an, dass ein Drittel der Belegschaft entlassen wird.<\/p>\n<p>    Entlassungen werden sichtbare Folgen haben<\/p>\n<p class=\"textabsatz m-ten m-offset-one l-eight l-offset-two columns twelve\">Laut Medienberichten wird unter anderem die komplette Sportredaktion sowie die Literaturberichterstattung abgeschafft. Au\u00dferdem wird der wichtigste Podcast der Zeitung, &#8222;Post Reports&#8220;, eingestellt. Aber auch die Auslandsstudios sind betroffen, sagt David Folkenflik, Medienexperte beim Radiosender NPR. So wurde der gesamten Nahost-Redaktion gek\u00fcndigt.<\/p>\n<p class=\"textabsatz m-ten m-offset-one l-eight l-offset-two columns twelve\">Viele Korrespondenten haben ihre Entlassung in den sozialen Netzwerken bekannt gemacht. &#8222;Die Leiterin des Ukraine\u2011B\u00fcros hat soeben bekannt gegeben, dass sie entlassen wurde. Auch die andere dort besch\u00e4ftigte Korrespondentin hat erkl\u00e4rt, dass sie heute entlassen wurde &#8211; w\u00e4hrend sie sich in einer Kriegszone befindet&#8220;, so Folkenflik.<\/p>\n<p class=\"textabsatz m-ten m-offset-one l-eight l-offset-two columns twelve\">Der gesch\u00e4ftsf\u00fchrende Chefredakteur, Matt Murray, sprach in einer Mitteilung an die insgesamt rund 800 Journalisten der Zeitung von schmerzhaften Einschnitten, die erm\u00f6glichen sollen, die Zukunft des Blattes zu sichern.<\/p>\n<p>    Oberste Liga der US-Presse<\/p>\n<p class=\"textabsatz m-ten m-offset-one l-eight l-offset-two columns twelve\">Die Washington Post geh\u00f6rt zur obersten Liga der US-Presse. Sie hat die &#8222;Pentagon-Papers&#8220; ver\u00f6ffentlicht und den Watergate-Skandal aufgedeckt. Ver\u00f6ffentlichungen, die so brisant waren, dass sie einen US-Pr\u00e4sidenten zu Fall brachten. Ihre Reporter haben zahlreiche Pulitzer-Preise bekommen.<\/p>\n<p class=\"textabsatz m-ten m-offset-one l-eight l-offset-two columns twelve\">2013 hatte Amazon-Chef Jeff Bezos die finanziell angeschlagene Zeitung von der Meyer-Graham-Familie gekauft. Die hatte sich f\u00fcr ihn entschieden, weil sie hoffte, dass er mit seinem Geld und seinen Innovationen das Blatt retten w\u00fcrde, sagt Folkenflik.<\/p>\n<p class=\"textabsatz m-ten m-offset-one l-eight l-offset-two columns twelve\">Es war eine Rechnung, die zun\u00e4chst aufging. Bezos investierte viel in die Redaktion und st\u00e4rkte die digitale Ausrichtung: &#8222;W\u00e4hrend der ersten Amtszeit Trumps gab es eine unglaublich starke Nachrichtenberichterstattung&#8220;, so Folkenflik. &#8222;Democracy dies in darkness&#8220; habe als Motto direkt oben auf der Zeitung geprangt &#8211; &#8222;Demokratie stirbt im Dunkeln&#8220;. &#8222;Und Bezos schien es zu genie\u00dfen.&#8220;<\/p>\n<p>    Politische Neuausrichtung<\/p>\n<p class=\"textabsatz m-ten m-offset-one l-eight l-offset-two columns twelve\">Aber nach dem Ende von Trumps erster Amtszeit sanken die Zahl von Abonnements und die Werbeeinnahmen. Die Washington Post habe vier Jahre in Folge Dutzende Millionen Verluste gemacht, so Folkenflik. Und die wollte Bezos nun wohl nicht mehr hinnehmen.<\/p>\n<p class=\"textabsatz m-ten m-offset-one l-eight l-offset-two columns twelve\">Kolumnistin Sally Quinn sieht den Grund f\u00fcr die gesunkenen Abos allerdings auch in der ver\u00e4nderten politischen Linie des Blattes. Bei der Pr\u00e4sidentschaftswahl 2024 hatte die Washington Post n\u00e4mlich erstmals keine Wahlempfehlung f\u00fcr die demokratische Kandidatin Kamala Harris abgegeben.<\/p>\n<p class=\"textabsatz m-ten m-offset-one l-eight l-offset-two columns twelve\">300.000 Menschen h\u00e4tten ihre Abonnements gek\u00fcndigt, nachdem Bezos die Harris-Wahlempfehlung von der Editorial\u2011Seite zur\u00fcckgezogen hatte, erkl\u00e4rt Quinn. &#8222;Und danach &#8211; als sich die Editorial\u2011Seite deutlich konservativer ausrichtete &#8211; sind immer mehr Menschen abgesprungen. Das ist eine enorme Summe an Geld, die wir verloren haben.&#8220;<\/p>\n<p class=\"textabsatz m-ten m-offset-one l-eight l-offset-two columns twelve\">Nach dem Wahlerfolg von Donald Trump Ende 2024 war Jeff Bezos einer jener Tech-Milliard\u00e4re, die an Trumps erneuter Amtseinf\u00fchrung teilnahmen.<\/p>\n","protected":false},"excerpt":{"rendered":"Stand: 05.02.2026 07:57 Uhr Die Washington Post ist eine der renommiertesten US-Zeitungen. Nun entl\u00e4sst sie mehr als ein&hellip;\n","protected":false},"author":2,"featured_media":773374,"comment_status":"","ping_status":"","sticky":false,"template":"","format":"standard","meta":{"footnotes":"","_share_on_mastodon":"0"},"categories":[5],"tags":[13,14,15,12,10,8,9,11,64,127282],"class_list":["post-773373","post","type-post","status-publish","format-standard","has-post-thumbnail","category-nachrichten","tag-headlines","tag-nachrichten","tag-news","tag-schlagzeilen","tag-top-news","tag-top-meldungen","tag-topmeldungen","tag-topnews","tag-usa","tag-washington-post"],"share_on_mastodon":{"url":"https:\/\/pubeurope.com\/@de\/116017083706189362","error":""},"_links":{"self":[{"href":"https:\/\/www.europesays.com\/de\/wp-json\/wp\/v2\/posts\/773373","targetHints":{"allow":["GET"]}}],"collection":[{"href":"https:\/\/www.europesays.com\/de\/wp-json\/wp\/v2\/posts"}],"about":[{"href":"https:\/\/www.europesays.com\/de\/wp-json\/wp\/v2\/types\/post"}],"author":[{"embeddable":true,"href":"https:\/\/www.europesays.com\/de\/wp-json\/wp\/v2\/users\/2"}],"replies":[{"embeddable":true,"href":"https:\/\/www.europesays.com\/de\/wp-json\/wp\/v2\/comments?post=773373"}],"version-history":[{"count":0,"href":"https:\/\/www.europesays.com\/de\/wp-json\/wp\/v2\/posts\/773373\/revisions"}],"wp:featuredmedia":[{"embeddable":true,"href":"https:\/\/www.europesays.com\/de\/wp-json\/wp\/v2\/media\/773374"}],"wp:attachment":[{"href":"https:\/\/www.europesays.com\/de\/wp-json\/wp\/v2\/media?parent=773373"}],"wp:term":[{"taxonomy":"category","embeddable":true,"href":"https:\/\/www.europesays.com\/de\/wp-json\/wp\/v2\/categories?post=773373"},{"taxonomy":"post_tag","embeddable":true,"href":"https:\/\/www.europesays.com\/de\/wp-json\/wp\/v2\/tags?post=773373"}],"curies":[{"name":"wp","href":"https:\/\/api.w.org\/{rel}","templated":true}]}}