{"id":773434,"date":"2026-02-05T09:02:09","date_gmt":"2026-02-05T09:02:09","guid":{"rendered":"https:\/\/www.europesays.com\/de\/773434\/"},"modified":"2026-02-05T09:02:09","modified_gmt":"2026-02-05T09:02:09","slug":"bei-der-fluestersitzung-der-prinzengarde-wird-zugehoert","status":"publish","type":"post","link":"https:\/\/www.europesays.com\/de\/773434\/","title":{"rendered":"Bei der Fl\u00fcstersitzung der Prinzengarde wird zugeh\u00f6rt"},"content":{"rendered":"<p class=\"text_ohne_einzug richtext text-em-55 !leading-serif mx-6 desktop:mx-0\"> Das ist im <a href=\"https:\/\/rp-online.de\/thema\/duisburger-karneval\/\" rel=\"nofollow noopener\" target=\"_blank\">Duisburger Karneval<\/a> auch selten: eine gro\u00dfe Sitzung mitten in der Woche. Mehr als 200 N\u00e4rrinnen und Narren sowie Freunde der Duisburger Prinzengarde kamen zur Fl\u00fcstersitzung in den Duisburger Norden, nach Walsum. Im Festsaal bei Opgen-Rhein\u00b4s \u201eZum Johanniter&#8220; wurde kr\u00e4ftig gefeiert. Auch der WDR berichtete live vom Spektakel.<\/p>\n","protected":false},"excerpt":{"rendered":"Das ist im Duisburger Karneval auch selten: eine gro\u00dfe Sitzung mitten in der Woche. Mehr als 200 N\u00e4rrinnen&hellip;\n","protected":false},"author":2,"featured_media":773435,"comment_status":"","ping_status":"","sticky":false,"template":"","format":"standard","meta":{"footnotes":"","_share_on_mastodon":"0"},"categories":[1838],"tags":[13204,8115,3364,29,3715,175373,123659,30,40246,11750,67001,103728,174246,163626,163628,1209,171124,38766,66999,7789,24234,6907,109084,31872],"class_list":["post-773434","post","type-post","status-publish","format-standard","has-post-thumbnail","category-duisburg","tag-karneval","tag-auflage","tag-de","tag-deutschland","tag-duisburg","tag-fluestersitzung","tag-garde","tag-germany","tag-hits","tag-johanniter","tag-karnevalisten","tag-karnevalistische","tag-karnevalshits","tag-karnevalsszene","tag-karnevalsveranstaltung","tag-nordrhein-westfalen","tag-opgen","tag-prinz","tag-prinzengarde","tag-programm","tag-sitzung","tag-tanz","tag-tanzgarde","tag-walsum"],"share_on_mastodon":{"url":"https:\/\/pubeurope.com\/@de\/116017217168735559","error":""},"_links":{"self":[{"href":"https:\/\/www.europesays.com\/de\/wp-json\/wp\/v2\/posts\/773434","targetHints":{"allow":["GET"]}}],"collection":[{"href":"https:\/\/www.europesays.com\/de\/wp-json\/wp\/v2\/posts"}],"about":[{"href":"https:\/\/www.europesays.com\/de\/wp-json\/wp\/v2\/types\/post"}],"author":[{"embeddable":true,"href":"https:\/\/www.europesays.com\/de\/wp-json\/wp\/v2\/users\/2"}],"replies":[{"embeddable":true,"href":"https:\/\/www.europesays.com\/de\/wp-json\/wp\/v2\/comments?post=773434"}],"version-history":[{"count":0,"href":"https:\/\/www.europesays.com\/de\/wp-json\/wp\/v2\/posts\/773434\/revisions"}],"wp:featuredmedia":[{"embeddable":true,"href":"https:\/\/www.europesays.com\/de\/wp-json\/wp\/v2\/media\/773435"}],"wp:attachment":[{"href":"https:\/\/www.europesays.com\/de\/wp-json\/wp\/v2\/media?parent=773434"}],"wp:term":[{"taxonomy":"category","embeddable":true,"href":"https:\/\/www.europesays.com\/de\/wp-json\/wp\/v2\/categories?post=773434"},{"taxonomy":"post_tag","embeddable":true,"href":"https:\/\/www.europesays.com\/de\/wp-json\/wp\/v2\/tags?post=773434"}],"curies":[{"name":"wp","href":"https:\/\/api.w.org\/{rel}","templated":true}]}}