{"id":773679,"date":"2026-02-05T11:12:11","date_gmt":"2026-02-05T11:12:11","guid":{"rendered":"https:\/\/www.europesays.com\/de\/773679\/"},"modified":"2026-02-05T11:12:11","modified_gmt":"2026-02-05T11:12:11","slug":"dfb-pokal-wm-traum-lebt-undav-glaenzt-bei-stuttgarter-halbfinaleinzug-sport","status":"publish","type":"post","link":"https:\/\/www.europesays.com\/de\/773679\/","title":{"rendered":"DFB-Pokal &#8211; WM-Traum lebt: Undav gl\u00e4nzt bei Stuttgarter Halbfinaleinzug &#8211; Sport"},"content":{"rendered":"<p data-manual=\"paragraph\" data-schema-org-speakable=\"true\" class=\"css-1eosz7k\">Kiel (dpa) &#8211; Deniz Undav begeistert beim <a href=\"https:\/\/www.sueddeutsche.de\/thema\/VfB_Stuttgart\" rel=\"nofollow noopener\" target=\"_blank\">VfB Stuttgart<\/a> &#8211; und reagierte gewohnt humorvoll auf eine verbl\u00fcffende Statistik. \u201eSieht \u00fcberragend aus, mach mal einen Screenshot\u201c, sagte der 29-J\u00e4hrige schmunzelnd bei Sky. Mit nun 22 Scorer-Punkten hat der Angreifer momentan nur <a href=\"https:\/\/www.sueddeutsche.de\/thema\/Fu%C3%9Fball\" rel=\"nofollow noopener\" target=\"_blank\">Fu\u00dfball<\/a>-Superstar Kylian Mbapp\u00e9 (23) vor sich, wenn es um die Torbeteiligungen seit Anfang November in den besten f\u00fcnf europ\u00e4ischen Ligen geht.\u00a0<\/p>\n<p data-manual=\"paragraph\" data-schema-org-speakable=\"true\" class=\"css-1eosz7k\">Mit einem Treffer und einer Vorlage beim 3:0 (0:0) des Titelverteidigers im Viertelfinale des DFB-Pokals bei Zweitligist <a href=\"https:\/\/www.sueddeutsche.de\/thema\/Holstein_Kiel\" rel=\"nofollow noopener\" target=\"_blank\">Holstein Kiel<\/a> unterstrich der sechsmalige deutsche Nationalspieler seine starke Form.\u00a0<\/p>\n<p data-manual=\"paragraph\" data-schema-org-speakable=\"true\" class=\"css-1eosz7k\">Als er im Interview auf die internationale Statistik angesprochen wurde, bezeichnete es Undav als Ehre, im Kreis der Ausnahmespieler dabei zu sein. Und zeigte sich auch dem\u00fctig. \u201eWir reden \u00fcber einen der besten Spieler auf der Welt\u201c, sagte er \u00fcber Mbapp\u00e9. \u201eMein Ziel ist, einfach nur weiterzumachen.\u201c<\/p>\n<p><img decoding=\"async\" src=\"https:\/\/www.europesays.com\/de\/wp-content\/uploads\/2026\/02\/1f31148e-2401-4413-a0bc-aa4f54885221.jpg\"   alt=\"Die VfB-Profis feiern mit den Fans in Kiel nach dem Einzug ins Halbfinale des DFB-Pokals.\" loading=\"lazy\" class=\"css-8atqhb\"\/>Die VfB-Profis feiern mit den Fans in Kiel nach dem Einzug ins Halbfinale des DFB-Pokals. (Foto: Christian Charisius\/dpa)<\/p>\n<p data-manual=\"paragraph\" data-schema-org-speakable=\"true\" class=\"css-1eosz7k\">In der WM-Qualifikation mit der deutschen Nationalmannschaft spielte er keine Rolle. Nun bewirbt sich der Stuttgarter kr\u00e4ftig f\u00fcr eine Teilnahme mit der Auswahl des Deutschen Fu\u00dfball-Bundes bei der WM im Sommer. Sp\u00e4testens nach seinem n\u00e4chsten starken Auftritt kommt Bundestrainer Julian Nagelsmann bald nicht mehr an dem Knipser vorbei, der in dieser Saison in der Meisterschaft, dem Pokal und dem Europapokal insgesamt 15 Treffer erzielte.\u00a0<\/p>\n<p>Undav \u00fcber WM: \u201eDas ist das Ziel\u201c<\/p>\n<p data-manual=\"paragraph\" data-schema-org-speakable=\"true\" class=\"css-1eosz7k\">Angesprochen auf eine m\u00f6gliche WM-Teilnahme, sagte der Angreifer: \u201eDas ist das Ziel. Ich gebe mein Bestes.\u201c Ihm komme es gelegen, dass er sich beim VfB in drei Wettbewerben pr\u00e4sentieren k\u00f6nne. \u201eEinfach Gas geben, Spa\u00df haben und dann hoffentlich bei der WM dabei sein\u201c, f\u00fcgte er hinzu.\u00a0<\/p>\n<p data-manual=\"paragraph\" data-schema-org-speakable=\"true\" class=\"css-1eosz7k\">Undav hat ma\u00dfgeblichen Anteil an der Erfolgsserie des VfB. In ihren acht bisherigen Pflichtspielen im neuen Jahr siegten die Schwaben sechsmal, holten ein Remis und unterlagen nur der AS Rom in der Europa League. Bei der Niederlage in Rom hatte Undav Chancen liegengelassen.<\/p>\n<p data-manual=\"paragraph\" data-schema-org-speakable=\"true\" class=\"css-1eosz7k\">Am Samstag (15.30 Uhr\/Sky) geht die bislang sehr erfolgreiche Saison-Reise des schw\u00e4bischen Champions-League-Kandidaten beim FC St. Pauli im Norden weiter. Doch ein Kurz-Trainingslager im Norden war nicht vorgesehen. F\u00fcr Undav und seine Teamkollegen ging es nachts noch mit dem Flugzeug nach Stuttgart zur\u00fcck.\u00a0<\/p>\n<p>Wohlgemuth \u00fcber Kiel-Spiel: Ergebnis zu hoch ausgefallen<\/p>\n<p data-manual=\"paragraph\" data-schema-org-speakable=\"true\" class=\"css-1eosz7k\">VfB-Sportvorstand Fabian Wohlgemuth, der zu seinem fr\u00fcheren Arbeitgeber zur\u00fcckgekehrt war, hatte schon vorher ein kompliziertes Spiel erwartet. \u201eDas Ergebnis ist dann auch ein bis anderthalb Tore zu hoch ausgefallen\u201c, gestand er. Doch das Weiterkommen sei verdient gewesen.\u00a0<\/p>\n<p data-manual=\"paragraph\" data-schema-org-speakable=\"true\" class=\"css-1eosz7k\">Der VfB gewann im eiskalten Norden das vierte Pflichtspiel nacheinander und zog zum dritten Mal innerhalb von vier Spielzeiten unter der Regie von Sebastian Hoene\u00df in das Halbfinale ein. Die eisigen Bedingungen sorgten f\u00fcr einen etwas erstarrten VfB, der sich aber nach und nach immer besser in der Partie zurechtfand. \u201eEs war ein hartes Spiel, wir wussten, was auf uns zukommt bei der K\u00e4lte\u201c, sagte Undav im ZDF.<\/p>\n<p>VfB auf Auslosung gespannt<\/p>\n<p data-manual=\"paragraph\" data-schema-org-speakable=\"true\" class=\"css-1eosz7k\">Nun blickt der VfB gespannt auf die Auslosung der Halbfinalspiele, die am 21. und 22. April ausgetragen werden. Am 22. Februar werden im Fu\u00dfballmuseum in Dortmund die Ansetzungen der verbliebenen vier Mannschaften ermittelt. Ein m\u00f6glicher Gegner steht in Leverkusen schon fest.<\/p>\n<p data-manual=\"paragraph\" data-schema-org-speakable=\"true\" class=\"css-1eosz7k\">In der kommenden Woche treffen am Dienstag Hertha BSC und der SC Freiburg aufeinander. Einen Tag sp\u00e4ter duellieren sich die Bundesliga-Topteams FC Bayern M\u00fcnchen und RB Leipzig (jeweils 20.45 Uhr).<\/p>\n<p data-manual=\"paragraph\" data-schema-org-speakable=\"true\" class=\"css-1eosz7k\">\u00a9 dpa-infocom, dpa:260205-930-645737\/1<\/p>\n","protected":false},"excerpt":{"rendered":"Kiel (dpa) &#8211; Deniz Undav begeistert beim VfB Stuttgart &#8211; und reagierte gewohnt humorvoll auf eine verbl\u00fcffende Statistik.&hellip;\n","protected":false},"author":2,"featured_media":773680,"comment_status":"","ping_status":"","sticky":false,"template":"","format":"standard","meta":{"footnotes":"","_share_on_mastodon":"0"},"categories":[1852],"tags":[1634,3364,29,1264,548,663,3934,347,30,13,10243,88811,4949,14,15,12,1971,265,149,2915],"class_list":["post-773679","post","type-post","status-publish","format-standard","has-post-thumbnail","category-kiel","tag-baden-wuerttemberg","tag-de","tag-deutschland","tag-dfb-pokal","tag-eu","tag-europa","tag-europe","tag-fussball","tag-germany","tag-headlines","tag-holstein-kiel","tag-holstein-stadion","tag-kiel","tag-nachrichten","tag-news","tag-schlagzeilen","tag-schleswig-holstein","tag-sport","tag-sueddeutsche-zeitung","tag-vfb-stuttgart"],"share_on_mastodon":{"url":"https:\/\/pubeurope.com\/@de\/116017728425328424","error":""},"_links":{"self":[{"href":"https:\/\/www.europesays.com\/de\/wp-json\/wp\/v2\/posts\/773679","targetHints":{"allow":["GET"]}}],"collection":[{"href":"https:\/\/www.europesays.com\/de\/wp-json\/wp\/v2\/posts"}],"about":[{"href":"https:\/\/www.europesays.com\/de\/wp-json\/wp\/v2\/types\/post"}],"author":[{"embeddable":true,"href":"https:\/\/www.europesays.com\/de\/wp-json\/wp\/v2\/users\/2"}],"replies":[{"embeddable":true,"href":"https:\/\/www.europesays.com\/de\/wp-json\/wp\/v2\/comments?post=773679"}],"version-history":[{"count":0,"href":"https:\/\/www.europesays.com\/de\/wp-json\/wp\/v2\/posts\/773679\/revisions"}],"wp:featuredmedia":[{"embeddable":true,"href":"https:\/\/www.europesays.com\/de\/wp-json\/wp\/v2\/media\/773680"}],"wp:attachment":[{"href":"https:\/\/www.europesays.com\/de\/wp-json\/wp\/v2\/media?parent=773679"}],"wp:term":[{"taxonomy":"category","embeddable":true,"href":"https:\/\/www.europesays.com\/de\/wp-json\/wp\/v2\/categories?post=773679"},{"taxonomy":"post_tag","embeddable":true,"href":"https:\/\/www.europesays.com\/de\/wp-json\/wp\/v2\/tags?post=773679"}],"curies":[{"name":"wp","href":"https:\/\/api.w.org\/{rel}","templated":true}]}}