{"id":773692,"date":"2026-02-05T11:19:16","date_gmt":"2026-02-05T11:19:16","guid":{"rendered":"https:\/\/www.europesays.com\/de\/773692\/"},"modified":"2026-02-05T11:19:16","modified_gmt":"2026-02-05T11:19:16","slug":"universitaetsklinika-heidelberg-und-mannheim-hanns-peter-knaebel-an-der-spitze-des-verbunds","status":"publish","type":"post","link":"https:\/\/www.europesays.com\/de\/773692\/","title":{"rendered":"Universit\u00e4tsklinika Heidelberg und Mannheim &#8211; Hanns-Peter Knaebel an der Spitze des Verbunds"},"content":{"rendered":"<p>Mit einer feierlichen Auftaktveranstaltung haben das Ministerium f\u00fcr Wissenschaft, Forschung und Kunst (MWK) Baden-W\u00fcrttemberg, die Universit\u00e4t Heidelberg, das Universit\u00e4tsklinikum Heidelberg, die Stadt Mannheim und das Universit\u00e4tsklinikum Mannheim den Start des Verbunds der beiden Universit\u00e4tsklinika in Heidelberg und Mannheim begangen. Die Vertreterinnen und Vertreter der beteiligten Einrichtungen unterzeichneten symbolisch die Vertr\u00e4ge, die den Verbund der beiden H\u00e4user besiegeln.<\/p>\n<p>Offiziell hat die Universit\u00e4tsklinikum Heidelberg (UKHD) A\u00f6R die Mehrheit der Gesellschaftsanteile der Universit\u00e4tsklinikum Mannheim GmbH von der Stadt Mannheim zum 1. Januar 2026 \u00fcbernommen. Mit dem Verbund entsteht eines der gr\u00f6\u00dften Universit\u00e4tsklinika Europas. Die Leitung des Verbunds hat Hanns-Peter Knaebel als Vorsitzender des sechsk\u00f6pfigen Vorstands des UKHD \u00fcbernommen.<\/p>\n<p>res<\/p>\n","protected":false},"excerpt":{"rendered":"Mit einer feierlichen Auftaktveranstaltung haben das Ministerium f\u00fcr Wissenschaft, Forschung und Kunst (MWK) Baden-W\u00fcrttemberg, die Universit\u00e4t Heidelberg, das&hellip;\n","protected":false},"author":2,"featured_media":773693,"comment_status":"","ping_status":"","sticky":false,"template":"","format":"standard","meta":{"footnotes":"","_share_on_mastodon":"0"},"categories":[1845],"tags":[1634,68538,3364,29,68540,68539,27507,548,663,3934,175409,30,4612,290,27502,175407,13,20069,4344,3263,10701,166,2096,837,68541,27505,175408,14,15,12,175406,175410,175411,175412,19978],"class_list":["post-773692","post","type-post","status-publish","format-standard","has-post-thumbnail","category-mannheim","tag-baden-wuerttemberg","tag-bibliomed","tag-de","tag-deutschland","tag-drg","tag-drg-forum","tag-e-health","tag-eu","tag-europa","tag-europe","tag-forschung-und-kunst-baden-wuerttemberg","tag-germany","tag-gesundheitspolitik","tag-gesundheitswesen","tag-gesundheitswirtschaft","tag-hanns-peter-knaebel","tag-headlines","tag-klinik","tag-kliniken","tag-krankenhaus","tag-krankenhaeuser","tag-krankenkassen","tag-mannheim","tag-medizin","tag-medizincontrolling","tag-medizintechnik","tag-ministerium-fuer-wissenschaft","tag-nachrichten","tag-news","tag-schlagzeilen","tag-uniklinika-heidelberg-und-mannheim","tag-universitaet-heidelberg","tag-universitaetsklinikum-heidelberg","tag-universitaetsklinikum-mannheim","tag-verbund"],"share_on_mastodon":{"url":"","error":"Validation failed: Text character limit of 500 exceeded"},"_links":{"self":[{"href":"https:\/\/www.europesays.com\/de\/wp-json\/wp\/v2\/posts\/773692","targetHints":{"allow":["GET"]}}],"collection":[{"href":"https:\/\/www.europesays.com\/de\/wp-json\/wp\/v2\/posts"}],"about":[{"href":"https:\/\/www.europesays.com\/de\/wp-json\/wp\/v2\/types\/post"}],"author":[{"embeddable":true,"href":"https:\/\/www.europesays.com\/de\/wp-json\/wp\/v2\/users\/2"}],"replies":[{"embeddable":true,"href":"https:\/\/www.europesays.com\/de\/wp-json\/wp\/v2\/comments?post=773692"}],"version-history":[{"count":0,"href":"https:\/\/www.europesays.com\/de\/wp-json\/wp\/v2\/posts\/773692\/revisions"}],"wp:featuredmedia":[{"embeddable":true,"href":"https:\/\/www.europesays.com\/de\/wp-json\/wp\/v2\/media\/773693"}],"wp:attachment":[{"href":"https:\/\/www.europesays.com\/de\/wp-json\/wp\/v2\/media?parent=773692"}],"wp:term":[{"taxonomy":"category","embeddable":true,"href":"https:\/\/www.europesays.com\/de\/wp-json\/wp\/v2\/categories?post=773692"},{"taxonomy":"post_tag","embeddable":true,"href":"https:\/\/www.europesays.com\/de\/wp-json\/wp\/v2\/tags?post=773692"}],"curies":[{"name":"wp","href":"https:\/\/api.w.org\/{rel}","templated":true}]}}