{"id":773918,"date":"2026-02-05T13:25:12","date_gmt":"2026-02-05T13:25:12","guid":{"rendered":"https:\/\/www.europesays.com\/de\/773918\/"},"modified":"2026-02-05T13:25:12","modified_gmt":"2026-02-05T13:25:12","slug":"frankfurt-schirn-millionen-foerderung-fuer-energetische-sanierung","status":"publish","type":"post","link":"https:\/\/www.europesays.com\/de\/773918\/","title":{"rendered":"Frankfurt Schirn: Millionen-F\u00f6rderung f\u00fcr energetische Sanierung"},"content":{"rendered":"<p>Kunsthalle im Umbau <\/p>\n<p>Frankfurt holt sich Millionen f\u00fcr Schirn-Sanierung<\/p>\n<p>05.02.2026 &#8211; 13:44 UhrLesedauer: 2 Min.<\/p>\n<p><a href=\"#focus-0\" class=\"transition-colors duration-200 block text-current relative\" data-sctrack=\"FocusGalleryImage.Reference\"><img fetchpriority=\"high\" data-testid=\"Opener.Image\" style=\"--lqipURL:url('https:\/\/images.t-online.de\/2026\/02\/vNIGV6RZm3dO\/0x1314:3088x1737\/fit-in\/150x0\/filters:blur(25)\/schirn-kunsthalle-frankfurt-am-main-die-schirn-kunsthalle-in-der-altstadt-von-frankfurt-am-main-zaehlt-zu-den-bekannten-ausstellungshaeusern-europas-license-rf-copyright-xzoonar-com-ingridxruchx-24096642.jpg')\"   loading=\"eager\" src=\"https:\/\/www.europesays.com\/de\/wp-content\/uploads\/2026\/02\/schirn-kunsthalle-frankfurt-am-main-die-schirn-kunsthalle-in-der-altstadt-von-frankfurt-am-main-zaeh.jpeg\" alt=\"imago images 0838539172\" title=\"imago images 0838539172\" width=\"3088\" height=\"1737\" class=\"bg-[url:var(--lqipURL)] bg-cover bg-center flex h-full w-full max-w-full\" decoding=\"async\"\/><img style=\"--width:32;--height:32\" loading=\"lazy\" src=\"https:\/\/frankfurt.t-online.de\/s\/paper\/_next\/static\/media\/zoom-in.f7dae02f.svg\" alt=\"Vergr\u00f6\u00dfern des Bildes\" title=\"Vergr\u00f6\u00dfern des Bildes\" class=\"block h-[calc(var(--height)_\/_16_*_1rem)] w-[calc(var(--width)_\/_16_*_1rem)] max-w-none absolute bottom-8 right-8 rounded-4 bg-snow p-8\" decoding=\"async\"\/><\/a><\/p>\n<p>Schirn Kunsthalle Frankfurt am Main (Archivbild): F\u00fcr die aufw\u00e4ndige Sanierung gibt es neue F\u00f6rdermittel. (Quelle: IMAGO\/Zoonar.com\/Ingrid Ruch\/imago)<\/p>\n<p class=\"font-bold text-18 leading-17\">Die energetische Sanierung der Schirn ist teuer. Frankfurt bekommt daf\u00fcr nun F\u00f6rdergeld in Millionenh\u00f6he.<\/p>\n<p class=\"text-18 leading-17\">Die Schirn Kunsthalle wird seit Herbst 2025 umfassend saniert. Jetzt steht fest: Die Stadt Frankfurt erh\u00e4lt daf\u00fcr eine F\u00f6rderung in H\u00f6he von knapp \u00fcber zwei Millionen Euro von der Kreditanstalt f\u00fcr Wiederaufbau (KfW). Das Kulturamt hatte den Zuschuss f\u00fcr die energetische Sanierung beantragt.<\/p>\n<p class=\"text-18 leading-17\">Der Zuschuss ist an klare Vorgaben gekn\u00fcpft. So musste die Stadt belegen, dass das denkmalgesch\u00fctzte Geb\u00e4ude nach der Sanierung effizienter arbeitet und im Prim\u00e4renergieverbrauch h\u00f6chstens 60 Prozent \u00fcber dem Niveau vergleichbarer Neubauten liegt. Die entsprechenden Nachweise wurden laut Stadt im Rahmen des Antragsverfahrens erbracht.<\/p>\n<p class=\"text-18 leading-17\">Gef\u00f6rdert werden unter anderem die energetische Erneuerung der Fassade, der Austausch von Lichtkuppeln, Teile der Dachsanierung sowie Arbeiten an der Anlagentechnik.<\/p>\n<p class=\"text-18 leading-17\">Die Gesamtkosten f\u00fcr die Sanierung der Schirn Kunsthalle belaufen sich laut Beschluss der Stadtverordnetenversammlung auf 35,6 Millionen Euro. Neben energetischen Ma\u00dfnahmen werden auch der Brandschutz und die Sicherheitstechnik auf den aktuellen Stand gebracht. Auch eine Begr\u00fcnung von Dach- und Fassadenteilen ist vorgesehen.<\/p>\n<p class=\"text-18 leading-17\">&#8222;Unsere angesehene Schirn Kunsthalle energetisch zu sanieren, macht das Geb\u00e4ude zukunftsf\u00e4hig \u2013 und ist nicht nur f\u00fcr die zuk\u00fcnftigen Generationen ein wichtiges Signal&#8220;, sagte Kulturdezernentin Ina Hartwig (SPD) laut der Mitteilung.<\/p>\n<p class=\"text-18 leading-17\">Die Schirn Kunsthalle z\u00e4hlt zu den renommiertesten Ausstellungsh\u00e4usern Europas. Seit ihrer Er\u00f6ffnung im Jahr 1986 hat sie \u00fcber 280 Ausstellungen pr\u00e4sentiert. Im Gegensatz zu Museen mit festen Sammlungen konzentriert sich die Schirn auf tempor\u00e4re Ausstellungen und Projekte, die sich mit spezifischen Themen oder einzelnen K\u00fcnstlern befassen. Ausgestellt wurden etwa K\u00fcnstler wie Niki de Saint-Phalle, Wassily Kandinsky oder Marc Chagall.<\/p>\n","protected":false},"excerpt":{"rendered":"Kunsthalle im Umbau Frankfurt holt sich Millionen f\u00fcr Schirn-Sanierung 05.02.2026 &#8211; 13:44 UhrLesedauer: 2 Min. Schirn Kunsthalle Frankfurt&hellip;\n","protected":false},"author":2,"featured_media":773919,"comment_status":"","ping_status":"","sticky":false,"template":"","format":"standard","meta":{"footnotes":"","_share_on_mastodon":"0"},"categories":[1829],"tags":[18063,5964,722,3092,29,43947,37215,2050,2051,30,2052,48771,32042,4108],"class_list":["post-773918","post","type-post","status-publish","format-standard","has-post-thumbnail","category-frankfurt-am-main","tag-kunsthalle","tag-umbau","tag-722","tag-3092","tag-deutschland","tag-foerdergeld","tag-foerdermittel","tag-frankfurt","tag-frankfurt-am-main","tag-germany","tag-hessen","tag-kfw-bankengruppe","tag-millionenhoehe","tag-sanierung"],"share_on_mastodon":{"url":"https:\/\/pubeurope.com\/@de\/116018251437978204","error":""},"_links":{"self":[{"href":"https:\/\/www.europesays.com\/de\/wp-json\/wp\/v2\/posts\/773918","targetHints":{"allow":["GET"]}}],"collection":[{"href":"https:\/\/www.europesays.com\/de\/wp-json\/wp\/v2\/posts"}],"about":[{"href":"https:\/\/www.europesays.com\/de\/wp-json\/wp\/v2\/types\/post"}],"author":[{"embeddable":true,"href":"https:\/\/www.europesays.com\/de\/wp-json\/wp\/v2\/users\/2"}],"replies":[{"embeddable":true,"href":"https:\/\/www.europesays.com\/de\/wp-json\/wp\/v2\/comments?post=773918"}],"version-history":[{"count":0,"href":"https:\/\/www.europesays.com\/de\/wp-json\/wp\/v2\/posts\/773918\/revisions"}],"wp:featuredmedia":[{"embeddable":true,"href":"https:\/\/www.europesays.com\/de\/wp-json\/wp\/v2\/media\/773919"}],"wp:attachment":[{"href":"https:\/\/www.europesays.com\/de\/wp-json\/wp\/v2\/media?parent=773918"}],"wp:term":[{"taxonomy":"category","embeddable":true,"href":"https:\/\/www.europesays.com\/de\/wp-json\/wp\/v2\/categories?post=773918"},{"taxonomy":"post_tag","embeddable":true,"href":"https:\/\/www.europesays.com\/de\/wp-json\/wp\/v2\/tags?post=773918"}],"curies":[{"name":"wp","href":"https:\/\/api.w.org\/{rel}","templated":true}]}}