{"id":774049,"date":"2026-02-05T14:37:18","date_gmt":"2026-02-05T14:37:18","guid":{"rendered":"https:\/\/www.europesays.com\/de\/774049\/"},"modified":"2026-02-05T14:37:18","modified_gmt":"2026-02-05T14:37:18","slug":"sechs-jugendliche-nach-angriff-in-u-haft","status":"publish","type":"post","link":"https:\/\/www.europesays.com\/de\/774049\/","title":{"rendered":"Sechs Jugendliche nach Angriff in U-Haft"},"content":{"rendered":"<p>    <a href=\"https:\/\/www.ruhrnachrichten.de\/wp-content\/uploads\/2026\/02\/05\/13\/630_0900_5720256_-1648x824.jpg\" rel=\"nofollow noopener\" target=\"_blank\"><\/p>\n<p>            <img loading=\"lazy\" decoding=\"async\" src=\"https:\/\/www.europesays.com\/de\/wp-content\/uploads\/2026\/02\/630_0900_5720255_-640x426.jpg\" width=\"640\" height=\"426\"  alt=\"Auf dem Bild sieht man den Wickeder Hellweg.\"\/><\/p>\n<p>    <\/a><br \/>\n    Die T\u00e4ter griffen am Wickeder Hellweg auf der H\u00f6he der Haltestelle \u201eEichwaldstra\u00dfe\u201c an. \u00a9 Andreas Schr\u00f6ter<\/p>\n<p class=\"article__teaser-text\">Nach einem brutalen Angriff in Dortmund wurden sieben Tatverd\u00e4chtige ermittelt. Die Ermittlungen f\u00fchrten zu mehreren Festnahmen von \u201eKnappi-Gang\u201c-Mitgliedern.<\/p>\n<p>2 Min Lesezeit<\/p>\n<p>Nach einem schweren Angriff am 14. August 2025 an der Haltestelle \u201eEichwaldstra\u00dfe\u201c am Wickeder Hellweg hat die <a target=\"_blank\" href=\"https:\/\/www.ruhrnachrichten.de\/blaulicht-dortmund\/\" data-imported=\"1\" rel=\"nofollow noopener\">Polizei Dortmund<\/a> gemeinsam mit der Staatsanwaltschaft Dortmund sechs Tatverd\u00e4chtige festgenommen. Sie sind zwischen <a target=\"_blank\" href=\"https:\/\/www.ruhrnachrichten.de\/dortmund-nordost\/knappi-gang-brutaler-angriff-dortmund-brackel-15-jaehriger-festgenommen-wieder-frei-w1119072-2001904862\/\" data-imported=\"1\" rel=\"nofollow noopener\">15 und 20 Jahre<\/a> alt und geh\u00f6ren zur <a target=\"_blank\" href=\"https:\/\/www.ruhrnachrichten.de\/dortmund-nordost\/festnahmen-knappi-gang-dortmund-gewalt-jugendgruppen-brackel-reaktionen-massnahmen-w1123158-2001914803\/\" data-imported=\"1\" rel=\"nofollow noopener\">\u201eKnappi-Gang\u201c<\/a>. Ein siebter Tatverd\u00e4chtiger stellte sich freiwillig der Polizei.<\/p>\n<p>Nach Angaben der Ermittler brachte die Auswertung digitaler Beweismittel den entscheidenden Hinweis. Sechs der Verd\u00e4chtigen befinden sich \u201ewegen des Verdachts des gemeinschaftlichen, versuchten Totschlags in Tateinheit mit gef\u00e4hrlicher K\u00f6rperverletzung\u201c in Untersuchungshaft, teilen Polizei und Staatsanwaltschaft in einer gemeinsamen Pressemitteilung mit.<\/p>\n<p>Ein mutma\u00dflicher Gehilfe kam unter Auflagen zun\u00e4chst auf freien Fu\u00df. Bei einem weiteren Tatverd\u00e4chtigen sehen die Ermittler bislang lediglich den Verdacht der gef\u00e4hrlichen K\u00f6rperverletzung.<\/p>\n<p>Hintergrund des Vorfalls<\/p>\n<p>Am Tag der Tat kam es im Bereich der Haltestelle zu einer gewaltsamen Auseinandersetzung. Nach bisherigen Erkenntnissen griff eine Gruppe von etwa zehn Personen eine andere Gruppe unvermittelt an.<\/p>\n<p>Die T\u00e4ter setzten Pfefferspray ein, schlugen zu und traten auf ihre Opfer ein. Die Ermittler der Mordkommission Dortmund konnten sp\u00e4ter ein Video der Tat sicherstellen.<\/p>\n<p>Die Aufnahmen zeigen demnach gezielte Schl\u00e4ge und Tritte gegen die K\u00f6pfe der Opfer. Weil die Staatsanwaltschaft Dortmund diesen Angriff als potenziell lebensgef\u00e4hrlich ansieht, stuft sie die Tat rechtlich als versuchten Totschlag in Tateinheit mit gef\u00e4hrlicher K\u00f6rperverletzung ein.<\/p>\n<p>Ermittlungen und Festnahmen<\/p>\n<p>Im Zuge der Ermittlungen in einem anderen Verfahren stie\u00df die Polizei auf das Tatvideo, das entscheidende Hinweise lieferte. Am 3. Dezember 2025, 14. Januar 2026 und 29. Januar 2026 wurden insgesamt sieben Durchsuchungen im Dortmunder Stadtgebiet vollstreckt. Dabei stellten die Einsatzkr\u00e4fte Tatbekleidung, Handys und weitere Beweismittel sicher.<\/p>\n<p>Ermittlungen dauern an<\/p>\n<p>Die Ermittlungen dauern an. Weitere Informationen werden von den Beh\u00f6rden zu einem sp\u00e4teren Zeitpunkt bekannt gegeben.<\/p>\n<p>In Dortmund Wickede <a target=\"_blank\" href=\"https:\/\/www.ruhrnachrichten.de\/dortmund-nordost\/wut-angst-dortmund-wickede-messerattacke-schockiert-anwohner-jugendliche-randalieren-w1079349-2001819637\/\" data-imported=\"1\" rel=\"nofollow noopener\">berichteten Anwohner schon in der Vergangenheit<\/a> dar\u00fcber, dass sie mit zunehmender Angst leben. Es gab im September ebenfalls einen Messerangriff und vermehrt Vandalismus.<\/p>\n","protected":false},"excerpt":{"rendered":"Die T\u00e4ter griffen am Wickeder Hellweg auf der H\u00f6he der Haltestelle \u201eEichwaldstra\u00dfe\u201c an. \u00a9 Andreas Schr\u00f6ter Nach einem&hellip;\n","protected":false},"author":2,"featured_media":774050,"comment_status":"","ping_status":"","sticky":false,"template":"","format":"standard","meta":{"footnotes":"","_share_on_mastodon":"0"},"categories":[1833],"tags":[1950,3364,29,217,886,30,1209],"class_list":["post-774049","post","type-post","status-publish","format-standard","has-post-thumbnail","category-dortmund","tag-blaulicht","tag-de","tag-deutschland","tag-dortmund","tag-festnahmen","tag-germany","tag-nordrhein-westfalen"],"share_on_mastodon":{"url":"https:\/\/pubeurope.com\/@de\/116018534429005708","error":""},"_links":{"self":[{"href":"https:\/\/www.europesays.com\/de\/wp-json\/wp\/v2\/posts\/774049","targetHints":{"allow":["GET"]}}],"collection":[{"href":"https:\/\/www.europesays.com\/de\/wp-json\/wp\/v2\/posts"}],"about":[{"href":"https:\/\/www.europesays.com\/de\/wp-json\/wp\/v2\/types\/post"}],"author":[{"embeddable":true,"href":"https:\/\/www.europesays.com\/de\/wp-json\/wp\/v2\/users\/2"}],"replies":[{"embeddable":true,"href":"https:\/\/www.europesays.com\/de\/wp-json\/wp\/v2\/comments?post=774049"}],"version-history":[{"count":0,"href":"https:\/\/www.europesays.com\/de\/wp-json\/wp\/v2\/posts\/774049\/revisions"}],"wp:featuredmedia":[{"embeddable":true,"href":"https:\/\/www.europesays.com\/de\/wp-json\/wp\/v2\/media\/774050"}],"wp:attachment":[{"href":"https:\/\/www.europesays.com\/de\/wp-json\/wp\/v2\/media?parent=774049"}],"wp:term":[{"taxonomy":"category","embeddable":true,"href":"https:\/\/www.europesays.com\/de\/wp-json\/wp\/v2\/categories?post=774049"},{"taxonomy":"post_tag","embeddable":true,"href":"https:\/\/www.europesays.com\/de\/wp-json\/wp\/v2\/tags?post=774049"}],"curies":[{"name":"wp","href":"https:\/\/api.w.org\/{rel}","templated":true}]}}