{"id":774356,"date":"2026-02-05T17:26:11","date_gmt":"2026-02-05T17:26:11","guid":{"rendered":"https:\/\/www.europesays.com\/de\/774356\/"},"modified":"2026-02-05T17:26:11","modified_gmt":"2026-02-05T17:26:11","slug":"verkehr-in-stuttgart-insolvenz-stoppt-bau-weinsteige-bleibt-laenger-engpass-krz-plus","status":"publish","type":"post","link":"https:\/\/www.europesays.com\/de\/774356\/","title":{"rendered":"Verkehr in Stuttgart: Insolvenz stoppt Bau: Weinsteige bleibt l\u00e4nger Engpass &#8211; KRZ Plus"},"content":{"rendered":"<p>Auto- und Radfahrer m\u00fcssen l\u00e4nger mit Staus rechnen: Die Baustelle auf der Weinsteige steht still, der Terminplan ist nicht zu halten. Ursache ist die Insolvenz eines Bauunternehmens.<\/p>\n<p>Auf die Auto- und Radfahrer auf der Weinsteige k\u00f6nnten l\u00e4nger Behinderungen zukommen, als von der Stadt bisher vorhergesagt. Die <a href=\"https:\/\/www.krzbb.de\/thema\/Baustelle\" title=\"Baustelle\" class=\"art_thema\" rel=\"nofollow noopener\" target=\"_blank\">Baustelle<\/a> auf der viel befahrenen Stra\u00dfe, die seit Juli vergangenen Jahres eingerichtet ist, steht still. Der Fertigstellungstermin ist nicht zu halten. Das beauftragte Bauunternehmen ist in wirtschaftliche Schwierigkeiten geraten.<\/p>\n","protected":false},"excerpt":{"rendered":"Auto- und Radfahrer m\u00fcssen l\u00e4nger mit Staus rechnen: Die Baustelle auf der Weinsteige steht still, der Terminplan ist&hellip;\n","protected":false},"author":2,"featured_media":774357,"comment_status":"","ping_status":"","sticky":false,"template":"","format":"standard","meta":{"footnotes":"","_share_on_mastodon":"0"},"categories":[1830],"tags":[46875,1634,2461,3364,29,30,1551,91511,5716,634,1441,91510],"class_list":["post-774356","post","type-post","status-publish","format-standard","has-post-thumbnail","category-stuttgart","tag-b27","tag-baden-wuerttemberg","tag-baustelle","tag-de","tag-deutschland","tag-germany","tag-insolvenz","tag-neue-weinsteige","tag-stau","tag-strassenverkehr","tag-stuttgart","tag-weinsteige"],"share_on_mastodon":{"url":"https:\/\/pubeurope.com\/@de\/116019198962516779","error":""},"_links":{"self":[{"href":"https:\/\/www.europesays.com\/de\/wp-json\/wp\/v2\/posts\/774356","targetHints":{"allow":["GET"]}}],"collection":[{"href":"https:\/\/www.europesays.com\/de\/wp-json\/wp\/v2\/posts"}],"about":[{"href":"https:\/\/www.europesays.com\/de\/wp-json\/wp\/v2\/types\/post"}],"author":[{"embeddable":true,"href":"https:\/\/www.europesays.com\/de\/wp-json\/wp\/v2\/users\/2"}],"replies":[{"embeddable":true,"href":"https:\/\/www.europesays.com\/de\/wp-json\/wp\/v2\/comments?post=774356"}],"version-history":[{"count":0,"href":"https:\/\/www.europesays.com\/de\/wp-json\/wp\/v2\/posts\/774356\/revisions"}],"wp:featuredmedia":[{"embeddable":true,"href":"https:\/\/www.europesays.com\/de\/wp-json\/wp\/v2\/media\/774357"}],"wp:attachment":[{"href":"https:\/\/www.europesays.com\/de\/wp-json\/wp\/v2\/media?parent=774356"}],"wp:term":[{"taxonomy":"category","embeddable":true,"href":"https:\/\/www.europesays.com\/de\/wp-json\/wp\/v2\/categories?post=774356"},{"taxonomy":"post_tag","embeddable":true,"href":"https:\/\/www.europesays.com\/de\/wp-json\/wp\/v2\/tags?post=774356"}],"curies":[{"name":"wp","href":"https:\/\/api.w.org\/{rel}","templated":true}]}}