{"id":774412,"date":"2026-02-05T17:55:16","date_gmt":"2026-02-05T17:55:16","guid":{"rendered":"https:\/\/www.europesays.com\/de\/774412\/"},"modified":"2026-02-05T17:55:16","modified_gmt":"2026-02-05T17:55:16","slug":"glatteis-in-niedersachsen-weiter-schulausfall-im-landkreis-diepholz","status":"publish","type":"post","link":"https:\/\/www.europesays.com\/de\/774412\/","title":{"rendered":"Glatteis in Niedersachsen: Weiter Schulausfall im Landkreis Diepholz"},"content":{"rendered":"<p>        <img decoding=\"async\" src=\"https:\/\/www.europesays.com\/de\/wp-content\/uploads\/2026\/02\/schule-378.webp.webp\" alt=\"St\u00fchle stehen auf Tischen in einem leeren Klassenraum in einem Gymnasium.\" title=\"St\u00fchle stehen auf Tischen in einem leeren Klassenraum in einem Gymnasium. | dpa, Hauke-Christian Dittrich\" class=\"responsive\"\/><\/p>\n<p>\n                Stand: 05.02.2026 17:21 Uhr<\/p>\n<p class=\"preface\">Nachdem bereits heute an mehreren Schulen in Niedersachsen die Schule ausgefallen ist, hat jetzt der erste Landkreis f\u00fcr morgen erneut Schulausfall angek\u00fcndigt. Es ist der Landkreis Diepholz.<\/p>\n<p class=\"\">Morgen, am Freitag, f\u00e4llt f\u00fcr alle Sch\u00fclerinnen und Sch\u00fcler der allgemein- und berufsbildenden Schulen der Unterricht aus, wie der Landkreis Diepholz am Nachmittag mitteilte. Am Berufsbildungszentrum Dr. J\u00fcrgen Ulderup in Diepholz und Sulingen und an den Berufsbildenden Schulen Syke gebe es Distanzunterricht. Eine Notbetreuung soll es den Angaben nach an allen Schulen geben. Als Grund f\u00fcr die Ma\u00dfnahme nennt der Landkreis auf seiner Website &#8222;erhebliche Beeintr\u00e4chtigungen&#8220; im Stra\u00dfenverkehr aufgrund des anhaltend winterlichen Wetters. Dies gelte besonders auf den Nebenstra\u00dfen. Verkehrsunternehmen h\u00e4tten den Landkreis auf die &#8222;\u00e4u\u00dferst schwierigen Verh\u00e4ltnisse&#8220; hingewiesen.<\/p>\n<p>    Heute Schulausf\u00e4lle in Niedersachsen<\/p>\n<p class=\"\">Auch heute fiel in einigen Landkreisen und kreisfreien St\u00e4dten in Niedersachsen witterungsbedingt wieder der Pr\u00e4senzunterricht aus. Hintergrund waren demnach unter anderem anhaltende Gl\u00e4tte, erneute Niederschl\u00e4ge in den Morgenstunden und zu erwartende erhebliche Einschr\u00e4nkungen im Nahverkehr sowie im Stra\u00dfenverkehr, hie\u00df es von den betroffenen Landkreisen. Auch die aktuellen <a href=\"https:\/\/www.ndr.de\/nachrichten\/niedersachsen\/warnstreik-im-oeffentlichen-dienst-landesweiter-ausstand-geplant,warnstreik-288.html\" title=\"Warnstreik im \u00f6ffentlichen Dienst: Landesweiter Ausstand geplant\" rel=\"nofollow noopener\" target=\"_blank\">Warnstreiks<\/a> bei den Landesbediensteten wurden als Hintergrund genannt. Stand Donnerstagmorgen, 6 Uhr, waren laut \u00dcbersichtskarte der <a href=\"https:\/\/www.vmz-niedersachsen.de\/schulausfall\/\" title=\"Schulausf\u00e4lle in Niedersachsen\" class=\"js-link-dialog\" data-type=\"external\" rel=\"nofollow noopener\" target=\"_blank\">Verkehrsmanagementzentrale<\/a> (VMZ) Niedersachsen und der Warn-App <a href=\"https:\/\/www.ndr.de\/nachrichten\/niedersachsen\/katwarn-100~splash.html\" title=\"Link zur KATWARN-Seite\" data-url=\"https:\/\/warnungen.katwarn.de\/\" class=\"js-link-dialog\" data-type=\"external\" rel=\"nofollow noopener\" target=\"_blank\">KATWARN<\/a> folgende kreisfreie St\u00e4dte und Landkreise betroffen:<\/p>\n<ul>\n<li><strong>Landkreis Ammerland: <\/strong>Der Pr\u00e4senzunterricht f\u00e4llt aus. Der Unterricht der BBS erfolgt im Homeschooling.<\/li>\n<li><strong>Landkreis Aurich: <\/strong>An den allgemeinbildenden Schulen f\u00e4llt der Pr\u00e4senzunterricht aus. An allen berufsbildenden Schulen findet Distanzunterricht statt.<\/li>\n<li><strong>Landkreis Cloppenburg: <\/strong>Der Pr\u00e4senzunterricht entf\u00e4llt. An den berufsbildenden Schulen findet Distanzunterricht statt.<\/li>\n<li><strong>Landkreis Cuxhaven: <\/strong>Aufgrund eines angek\u00fcndigten Streiks der Stra\u00dfenmeistereien f\u00e4llt der Unterricht an allen allgemeinbildenden Schulen im Landkreis und der Stadt Cuxhaven, einschlie\u00dflich des Kreisgymnasiums Weserm\u00fcnde, aus. Die BBS Cuxhaven und Schiffdorf bieten Distanzunterricht an.<\/li>\n<li><strong>Landkreis Diepholz: <\/strong>Witterungsbedingt entf\u00e4llt der Unterricht. An den berufsbildenden Schulen Syke und dem BBZ Dr. J\u00fcrgen Ulderup in Diepholz und Sulingen findet Distanzunterricht statt.<\/li>\n<li><strong>Stadt Delmenhorst: <\/strong>An allen allgemein- und berufsbildenden Schulen f\u00e4llt der Pr\u00e4senzunterricht aus. Die berufsbildenden Schulen wechseln in Absprache mit den Schulleitungen in den Distanzunterricht.<\/li>\n<li><strong>Stadt Emden: <\/strong>An den allgemeinbildenden Schulen erfolgt kein Pr\u00e4senzunterricht. Die berufsbildenden Schulen gehen in den Distanzunterricht.<\/li>\n<li><strong>Landkreis Emsland:<\/strong> Der Unterricht f\u00e4llt an allen allgemeinbildenden Schulen aus, an den berufsbildenden Schulen findet Distanzunterricht statt (ausgenommen hiervon ist die Akademie St. Franziskus Lingen).<\/li>\n<li><strong>Landkreis Friesland: <\/strong>Der Pr\u00e4senzunterricht f\u00e4llt f\u00fcr alle Sch\u00fclerinnen und Sch\u00fcler der allgemein- und berufsbildenden Schulen auf dem Festland aus. Ob stattdessen Distanzunterricht angeboten wird, entscheidet jede Schule eigenst\u00e4ndig. Die Insel Wangerooge ist vom Ausfall nicht betroffen.<\/li>\n<li><strong>Landkreis Hildesheim:<\/strong> Unterrichtsausfall an allen allgemeinbildenden Schulen. An den berufsbildenden Schulen erfolgt Distanzunterricht.<\/li>\n<li><strong>Landkreis Leer: <\/strong>Witterungsbedingt entf\u00e4llt der Pr\u00e4senzunterricht. Ob Distanzunterricht stattfindet, entscheiden die Schulen eigenst\u00e4ndig.<\/li>\n<li><strong>Landkreis Oldenburg: <\/strong>Der Pr\u00e4senzunterricht entf\u00e4llt. Die BBS Wildeshausen geht in den Distanzunterricht. Eine Sch\u00fclerbef\u00f6rderung gibt es nicht.<\/li>\n<li><strong>Stadt Oldenburg: <\/strong>An der Graf-Anton-G\u00fcnther-Schule f\u00e4llt der Unterricht aus.<\/li>\n<li><strong>Landkreis Vechta: <\/strong>Der Pr\u00e4senzunterricht f\u00e4llt aus.<strong> <\/strong><\/li>\n<li><strong>Landkreis Wesermarsch: <\/strong>Der Pr\u00e4senzunterricht f\u00e4llt aus. Berufsbildende Schulen gehen in den Distanzunterricht.<\/li>\n<li><strong>Landkreis Wittmund: <\/strong>Der Pr\u00e4senzunterricht f\u00e4llt auf dem Festland aus. Berufsbildende Schulen gehen in den Distanzunterricht.<\/li>\n<\/ul>\n<p>    Eltern k\u00f6nnen bei Extremwetter selbst entscheiden<\/p>\n<p class=\"\">Auch am Mittwoch war vielerorts bereits Unterricht ausgefallen. Auch ohne einen vom Landkreis angek\u00fcndigten Ausfall des Pr\u00e4senzunterrichts k\u00f6nnen Erziehungsberechtigte von Sch\u00fclerinnen und Sch\u00fclern der 1. bis 10. Klasse ihre Kinder zu Hause behalten, wenn sie auf dem Schulweg eine unzumutbare Gef\u00e4hrdung aufgrund extremer Witterungsverh\u00e4ltnisse f\u00fcrchten. Darauf wies das nieders\u00e4chsische Kultusministerium hin.<\/p>\n<p>        <img decoding=\"async\" src=\"https:\/\/www.europesays.com\/de\/wp-content\/uploads\/2026\/02\/elli-258.webp.webp\" alt=\"Am Hauptbahnhof in Hannover steht ein ICE an einem verschneiten Bahnsteig.\" title=\"Am Hauptbahnhof in Hannover steht ein ICE an einem verschneiten Bahnsteig. | picture alliance \/ dpa, Moritz Frankenberg\" class=\"responsive\" loading=\"lazy\"\/><\/p>\n<p>Auf der Fernverkehrsstrecke Hannover-Berlin bereitet das Wetter der Deutschen Bahn Probleme. Teilweise stehen F\u00e4hren still.<\/p>\n<p>        <img decoding=\"async\" src=\"https:\/\/www.europesays.com\/de\/wp-content\/uploads\/2026\/02\/glatteis-188.webp.webp\" alt=\"Glatte Stra\u00dfe in Niedersachsen: DWD warnt vor Gl\u00e4tte und gefrierendem Regen.\" title=\"Glatte Stra\u00dfe in Niedersachsen: DWD warnt vor Gl\u00e4tte und gefrierendem Regen. | NDR, Paul Hintzke\" class=\"responsive\" loading=\"lazy\"\/><\/p>\n<p>Der Ausstand im \u00f6ffentlichen Dienst in Niedersachsen kann Folgen f\u00fcr den Winterdienst haben. NDR User haben dazu eine klare Meinung.<\/p>\n<p>Dieses Thema im Programm:<\/p>\n<p>                NDR 1 Niedersachsen | Aktuell | 05.02.2026 | 06:00 Uhr<\/p>\n","protected":false},"excerpt":{"rendered":"Stand: 05.02.2026 17:21 Uhr Nachdem bereits heute an mehreren Schulen in Niedersachsen die Schule ausgefallen ist, hat jetzt&hellip;\n","protected":false},"author":2,"featured_media":774413,"comment_status":"","ping_status":"","sticky":false,"template":"","format":"standard","meta":{"footnotes":"","_share_on_mastodon":"0"},"categories":[5],"tags":[15209,42751,46,13,8285,25802,14,15,1411,3560,741,12,73359,966,10,8,9,11,1973,7638],"class_list":["post-774412","post","type-post","status-publish","format-standard","has-post-thumbnail","category-nachrichten","tag-delmenhorst","tag-glaette","tag-hannover","tag-headlines","tag-hildesheim","tag-kaelte","tag-nachrichten","tag-news","tag-niedersachsen","tag-oldenburg","tag-osnabrueck","tag-schlagzeilen","tag-schulausfall","tag-schule","tag-top-news","tag-top-meldungen","tag-topmeldungen","tag-topnews","tag-wetter","tag-wilhelmshaven"],"share_on_mastodon":{"url":"https:\/\/pubeurope.com\/@de\/116019313190428158","error":""},"_links":{"self":[{"href":"https:\/\/www.europesays.com\/de\/wp-json\/wp\/v2\/posts\/774412","targetHints":{"allow":["GET"]}}],"collection":[{"href":"https:\/\/www.europesays.com\/de\/wp-json\/wp\/v2\/posts"}],"about":[{"href":"https:\/\/www.europesays.com\/de\/wp-json\/wp\/v2\/types\/post"}],"author":[{"embeddable":true,"href":"https:\/\/www.europesays.com\/de\/wp-json\/wp\/v2\/users\/2"}],"replies":[{"embeddable":true,"href":"https:\/\/www.europesays.com\/de\/wp-json\/wp\/v2\/comments?post=774412"}],"version-history":[{"count":0,"href":"https:\/\/www.europesays.com\/de\/wp-json\/wp\/v2\/posts\/774412\/revisions"}],"wp:featuredmedia":[{"embeddable":true,"href":"https:\/\/www.europesays.com\/de\/wp-json\/wp\/v2\/media\/774413"}],"wp:attachment":[{"href":"https:\/\/www.europesays.com\/de\/wp-json\/wp\/v2\/media?parent=774412"}],"wp:term":[{"taxonomy":"category","embeddable":true,"href":"https:\/\/www.europesays.com\/de\/wp-json\/wp\/v2\/categories?post=774412"},{"taxonomy":"post_tag","embeddable":true,"href":"https:\/\/www.europesays.com\/de\/wp-json\/wp\/v2\/tags?post=774412"}],"curies":[{"name":"wp","href":"https:\/\/api.w.org\/{rel}","templated":true}]}}