{"id":774429,"date":"2026-02-05T18:04:15","date_gmt":"2026-02-05T18:04:15","guid":{"rendered":"https:\/\/www.europesays.com\/de\/774429\/"},"modified":"2026-02-05T18:04:15","modified_gmt":"2026-02-05T18:04:15","slug":"das-ist-der-ob-kandidat-der-v-partei%c2%b3-roland-wegner","status":"publish","type":"post","link":"https:\/\/www.europesays.com\/de\/774429\/","title":{"rendered":"Das ist der OB-Kandidat der V-Partei\u00b3 Roland Wegner"},"content":{"rendered":"<p class=\"mb-6 text-xs md:text-m lg:text-l font-serif group-[.font-sans]:font-sans \">\n    <a href=\"https:\/\/www.augsburger-allgemeine.de\/augsburg\/wahlprogramm-der-v-partei-zur-kommunalwahl-in-augsburg-naturpark-an-der-uniklinik-muss-erhalten-werden-113242680\" target=\"_self\" class=\"underline \" rel=\"nofollow noopener\">Roland Wegner ist ein Einzelk\u00e4mpfer.<\/a> Vor sechs Jahren schaffte der Vertreter der V-Partei3 den Sprung in den Stadtrat. In dem 60-k\u00f6pfigen Gremium geht der 50-J\u00e4hrige aber nicht unter. Mit seinen Ansichten und Ideen h\u00e4lt er nicht hinter dem Berg und erh\u00e4lt Aufmerksamkeit\u00a0\u2013 ob mit dem n\u00e4chtlichen Schutz f\u00fcr Igel, dem Einsatz f\u00fcr den Park am Uniklinikum oder dem Vorsto\u00df, die Pferde beim Pl\u00e4rrerumzug zu verbieten. Alleine will der Stadtrat nicht in die n\u00e4chste Legislaturperiode ziehen: Bei der Kommunalwahl verfolgt er deshalb ein Ziel.\n  <\/p>\n<ul data-module-id=\"DragDropModule\" class=\"flex flex-wrap justify-start group-[.no-bookmarks]:hidden\">\n<li class=\"mb-3 mr-3\">\n    Miriam Zissler<\/p>\n<p>      Icon Haken im Kreis gesetzt<\/p>\n<p>      Icon Plus im Kreis<\/p>\n<\/li>\n<li class=\"mb-3 mr-3\">\n    Roland Wegner<\/p>\n<p>      Icon Haken im Kreis gesetzt<\/p>\n<p>      Icon Plus im Kreis<\/p>\n<\/li>\n<li class=\"mb-3 mr-3\">\n    Artenschutz<\/p>\n<p>      Icon Haken im Kreis gesetzt<\/p>\n<p>      Icon Plus im Kreis<\/p>\n<\/li>\n<\/ul>\n","protected":false},"excerpt":{"rendered":"Roland Wegner ist ein Einzelk\u00e4mpfer. Vor sechs Jahren schaffte der Vertreter der V-Partei3 den Sprung in den Stadtrat.&hellip;\n","protected":false},"author":2,"featured_media":774430,"comment_status":"","ping_status":"","sticky":false,"template":"","format":"standard","meta":{"footnotes":"","_share_on_mastodon":"0"},"categories":[1846],"tags":[186,5252,680,772,3364,29,175531,548,663,3934,98650,85313,30,95038,13,10917,137026,14,15,152108,12,157769],"class_list":["post-774429","post","type-post","status-publish","format-standard","has-post-thumbnail","category-augsburg","tag-afd","tag-artenschutz","tag-augsburg","tag-bayern","tag-de","tag-deutschland","tag-erich-schreiber","tag-eu","tag-europa","tag-europe","tag-eva-weber","tag-gablingen","tag-germany","tag-hans-boeckler-strasse","tag-headlines","tag-kommunalwahl","tag-landkreis-augsburg","tag-nachrichten","tag-news","tag-roland-wegner","tag-schlagzeilen","tag-staatstheatersanierung"],"share_on_mastodon":{"url":"https:\/\/pubeurope.com\/@de\/116019348578741036","error":""},"_links":{"self":[{"href":"https:\/\/www.europesays.com\/de\/wp-json\/wp\/v2\/posts\/774429","targetHints":{"allow":["GET"]}}],"collection":[{"href":"https:\/\/www.europesays.com\/de\/wp-json\/wp\/v2\/posts"}],"about":[{"href":"https:\/\/www.europesays.com\/de\/wp-json\/wp\/v2\/types\/post"}],"author":[{"embeddable":true,"href":"https:\/\/www.europesays.com\/de\/wp-json\/wp\/v2\/users\/2"}],"replies":[{"embeddable":true,"href":"https:\/\/www.europesays.com\/de\/wp-json\/wp\/v2\/comments?post=774429"}],"version-history":[{"count":0,"href":"https:\/\/www.europesays.com\/de\/wp-json\/wp\/v2\/posts\/774429\/revisions"}],"wp:featuredmedia":[{"embeddable":true,"href":"https:\/\/www.europesays.com\/de\/wp-json\/wp\/v2\/media\/774430"}],"wp:attachment":[{"href":"https:\/\/www.europesays.com\/de\/wp-json\/wp\/v2\/media?parent=774429"}],"wp:term":[{"taxonomy":"category","embeddable":true,"href":"https:\/\/www.europesays.com\/de\/wp-json\/wp\/v2\/categories?post=774429"},{"taxonomy":"post_tag","embeddable":true,"href":"https:\/\/www.europesays.com\/de\/wp-json\/wp\/v2\/tags?post=774429"}],"curies":[{"name":"wp","href":"https:\/\/api.w.org\/{rel}","templated":true}]}}