{"id":775738,"date":"2026-02-06T06:14:11","date_gmt":"2026-02-06T06:14:11","guid":{"rendered":"https:\/\/www.europesays.com\/de\/775738\/"},"modified":"2026-02-06T06:14:11","modified_gmt":"2026-02-06T06:14:11","slug":"warum-die-kita-situation-in-moenchengladbach-besonders-ist","status":"publish","type":"post","link":"https:\/\/www.europesays.com\/de\/775738\/","title":{"rendered":"Warum die Kita-Situation in M\u00f6nchengladbach besonders ist"},"content":{"rendered":"<p class=\"text_ohne_einzug richtext text-em-55 !leading-serif mx-6 desktop:mx-0\">Mehr Kitas braucht die Stadt. Darin sind sich alle Beteiligten einig, von Eltern und Erziehern bis hin zu Politik und Verwaltung. Denn jedes Kind hat ab dem ersten Geburtstag einen Rechtsanspruch auf einen Kita-Platz. Damit die Stadt dieses Angebot auch erf\u00fcllen kann, m\u00fcssen mehr Kitas gebaut werden. Das liegt auch an der Entwicklung der Bev\u00f6lkerungszahl, die sich in <a href=\"https:\/\/rp-online.de\/thema\/moenchengladbach\/\" rel=\"nofollow noopener\" target=\"_blank\">M\u00f6nchengladbach<\/a> von vielen anderen NRW-Kommunen unterscheidet.<\/p>\n","protected":false},"excerpt":{"rendered":"Mehr Kitas braucht die Stadt. Darin sind sich alle Beteiligten einig, von Eltern und Erziehern bis hin zu&hellip;\n","protected":false},"author":2,"featured_media":775739,"comment_status":"","ping_status":"","sticky":false,"template":"","format":"standard","meta":{"footnotes":"","_share_on_mastodon":"0"},"categories":[1849],"tags":[3364,29,548,663,3934,30,13,4455,14,15,1209,12,39725],"class_list":["post-775738","post","type-post","status-publish","format-standard","has-post-thumbnail","category-moenchengladbach","tag-de","tag-deutschland","tag-eu","tag-europa","tag-europe","tag-germany","tag-headlines","tag-moenchengladbach","tag-nachrichten","tag-news","tag-nordrhein-westfalen","tag-schlagzeilen","tag-timo"],"share_on_mastodon":{"url":"https:\/\/pubeurope.com\/@de\/116022218848412600","error":""},"_links":{"self":[{"href":"https:\/\/www.europesays.com\/de\/wp-json\/wp\/v2\/posts\/775738","targetHints":{"allow":["GET"]}}],"collection":[{"href":"https:\/\/www.europesays.com\/de\/wp-json\/wp\/v2\/posts"}],"about":[{"href":"https:\/\/www.europesays.com\/de\/wp-json\/wp\/v2\/types\/post"}],"author":[{"embeddable":true,"href":"https:\/\/www.europesays.com\/de\/wp-json\/wp\/v2\/users\/2"}],"replies":[{"embeddable":true,"href":"https:\/\/www.europesays.com\/de\/wp-json\/wp\/v2\/comments?post=775738"}],"version-history":[{"count":0,"href":"https:\/\/www.europesays.com\/de\/wp-json\/wp\/v2\/posts\/775738\/revisions"}],"wp:featuredmedia":[{"embeddable":true,"href":"https:\/\/www.europesays.com\/de\/wp-json\/wp\/v2\/media\/775739"}],"wp:attachment":[{"href":"https:\/\/www.europesays.com\/de\/wp-json\/wp\/v2\/media?parent=775738"}],"wp:term":[{"taxonomy":"category","embeddable":true,"href":"https:\/\/www.europesays.com\/de\/wp-json\/wp\/v2\/categories?post=775738"},{"taxonomy":"post_tag","embeddable":true,"href":"https:\/\/www.europesays.com\/de\/wp-json\/wp\/v2\/tags?post=775738"}],"curies":[{"name":"wp","href":"https:\/\/api.w.org\/{rel}","templated":true}]}}