{"id":775849,"date":"2026-02-06T07:18:11","date_gmt":"2026-02-06T07:18:11","guid":{"rendered":"https:\/\/www.europesays.com\/de\/775849\/"},"modified":"2026-02-06T07:18:11","modified_gmt":"2026-02-06T07:18:11","slug":"gaeste-beim-thema-mehr-schuften-wohlstand-retten","status":"publish","type":"post","link":"https:\/\/www.europesays.com\/de\/775849\/","title":{"rendered":"G\u00e4ste beim Thema &#8222;Mehr schuften \u2013 Wohlstand retten?&#8220;"},"content":{"rendered":"<p class=\"mb-6 text-xs md:text-m lg:text-l font-serif group-[.font-sans]:font-sans \">\n    \u201eMaybrit Illner\u201c ist eine politische Talksendung im ZDF, die einmal pro Woche ausgestrahlt wird. Moderatorin Maybrit Illner diskutiert darin mit G\u00e4sten aus Politik, Wissenschaft, Journalismus und Gesellschaft \u00fcber aktuelle Themen der Woche. Die Sendung wird live aus Berlin \u00fcbertragen und besch\u00e4ftigt sich regelm\u00e4\u00dfig mit innen- und au\u00dfenpolitischen Debatten, internationalen Krisen sowie gesellschaftlichen Herausforderungen. Ziel ist es, unterschiedliche Perspektiven auf politische Entscheidungen und Entwicklungen zusammenzuf\u00fchren.\n  <\/p>\n<p class=\"mb-6 text-xs md:text-m lg:text-l font-serif group-[.font-sans]:font-sans \">\n    Wie lautete das Thema gestern bei \u201eMaybrit Illner\u201c? Wer war im Studio zu Gast? Und wann l\u00e4uft eine Wiederholung im TV und Stream? Antworten auf diese Fragen und weitere Infos rund um die Ausgabe der Polit-Talksendung vom 5.2.26 gibt es hier.\n  <\/p>\n<p>            Thema bei \u201eMaybrit Illner\u201c am 5. Februar 2026: \u201eMehr schuften \u2013 Wohlstand retten?\u201c<\/p>\n<p class=\"mb-6 text-xs md:text-m lg:text-l font-serif group-[.font-sans]:font-sans \">\n    In der Union werden weiterhin verschiedene Vorschl\u00e4ge diskutiert, um die Wirtschaft anzukurbeln. Dazu z\u00e4hlen unter anderem die Abschaffung eines Feiertags, \u00c4nderungen bei der telefonischen Krankschreibung, eine l\u00e4ngere Wochenarbeitszeit oder eine Reform des Achtstundentags. Dabei stellt sich die Frage, ob solche Ma\u00dfnahmen als notwendige Schritte oder eher als Provokation wahrgenommen werden.\n  <\/p>\n<p class=\"mb-6 text-xs md:text-m lg:text-l font-serif group-[.font-sans]:font-sans \">\n    Unter dem Titel \u201eMehr schuften \u2013 Wohlstand retten?\u201c besch\u00e4ftigte sich Moderatorin Maybrit Illner mit der Debatte, wie Deutschland auf Demografie, Fachkr\u00e4ftemangel und eine schw\u00e4chere Produktivit\u00e4t reagieren kann. Diskutiert wurde unter anderem, ob mehr Arbeitszeit und Flexibilit\u00e4t ausreichen, ob auch Politik und Wirtschaft st\u00e4rker Verantwortung \u00fcbernehmen m\u00fcssen, um das Land aus der Krise zu f\u00fchren.\n  <\/p>\n<p>            G\u00e4ste bei \u201eMaybrit Illner\u201c gestern am 5.2.2026<\/p>\n<p class=\"mb-6 text-xs md:text-m lg:text-l font-serif group-[.font-sans]:font-sans \">\n    In der aktuellen Ausgabe von \u201eMaybrit Illner\u201c diskutierte die Moderatorin erneut mit G\u00e4sten aus Politik, Wirtschaft und Gesellschaft \u00fcber das aktuelle Thema der Woche. Welche Personen in der Sendung zu Wort kamen, zeigt die folgende \u00dcbersicht:\n  <\/p>\n<ul rel=\"\" class=\"[&amp;&gt;li]:relative list-none  [&amp;&gt;li]:pl-[1.2em] [&amp;&gt;li]:marker:text-[0] [&amp;&gt;li]:relative [&amp;&gt;li]:before:absolute [&amp;&gt;li]:before:w-3 [&amp;&gt;li]:before:h-3 [&amp;&gt;li]:before:bg-brand [&amp;&gt;li]:before:left-0 [&amp;&gt;li]:before:top-[8px] [&amp;&gt;li]:before:rounded-full  my-5\">\n<li class=\" mb-3 text-xs md:text-m lg:text-l\">Thorsten Frei, CDU: Kanzleramtsminister<\/li>\n<li class=\" mb-3 text-xs md:text-m lg:text-l\">Katharina Dr\u00f6ge, B\u201890\/Die Gr\u00fcnen: Vorsitzende der Bundestagsfraktion<\/li>\n<li class=\" mb-3 text-xs md:text-m lg:text-l\">Yasmin Fahimi: DGB-Vorsitzende<\/li>\n<li class=\" mb-3 text-xs md:text-m lg:text-l\">Michael H\u00fcther: \u00d6konom, IW-Direktor<\/li>\n<li class=\" mb-3 text-xs md:text-m lg:text-l\">Matthias Grenzer: Selbstst\u00e4ndiger B\u00e4ckermeister<\/li>\n<li class=\" mb-3 text-xs md:text-m lg:text-l\">Robin Alexander: Journalist, Podcast \u201eMachtwechsel\u201c<\/li>\n<\/ul>\n<p>            \u00dcbertragung von \u201eMaybrit Illner\u201c im Free-TV und Live-Stream<\/p>\n<p class=\"mb-6 text-xs md:text-m lg:text-l font-serif group-[.font-sans]:font-sans \">\n    \u201eMaybrit Illner\u201c l\u00e4uft im ZDF im Free-TV und wird parallel als Live-Stream angeboten. Die n\u00e4chste Ausgabe war gestern am Donnerstag, dem 5. Februar 2026, um 22.15 Uhr zu sehen. Die Sendung dauerte rund eine Stunde.\n  <\/p>\n<p>            Wiederholung der Folge \u201eMaybrit Illner\u201c vom 5. Februar 2026<\/p>\n<p class=\"mb-6 text-xs md:text-m lg:text-l font-serif group-[.font-sans]:font-sans \">\n    Wer die Ausgabe verpasst hat, kann sie zu einem sp\u00e4teren Zeitpunkt noch einmal im Fernsehen ansehen. Eine Wiederholung wird bei Phoenix am Freitag, dem 6. Februar 2026, um 16 Uhr ausgestrahlt.\n  <\/p>\n<p class=\"mb-6 text-xs md:text-m lg:text-l font-serif group-[.font-sans]:font-sans \">\n    Zus\u00e4tzlich steht die Sendung nach der Ausstrahlung in der <a href=\"https:\/\/www.zdf.de\/?at_medium=PaidMedia&amp;at_specific=sea&amp;at_specific=SEA&amp;at_campaign=BrandHomepage&amp;at_campaign=zdf&amp;at_content=google&amp;gad_source=1&amp;gad_campaignid=21729472013&amp;gbraid=0AAAAApVX7dMVkgbXzFXXCzPhEQgPJtW6G&amp;gclid=Cj0KCQiAnJHMBhDAARIsABr7b85HaVt7917HBY-n7_WMwWP5zdl9BTMhJ2FGb-v0m9nuBKjQ5rD5cYgaApHwEALw_wcB\" rel=\"nofollow noopener\" target=\"_blank\" class=\"underline \">ZDF-Mediathek<\/a> zum Abruf bereit. Dort k\u00f6nnen auch \u00e4ltere Folgen jederzeit gestreamt werden.\n  <\/p>\n<p>            \u201eMaybrit Illner\u201c 2026: Sendetermine der n\u00e4chsten Folgen<\/p>\n<p class=\"mb-6 text-xs md:text-m lg:text-l font-serif group-[.font-sans]:font-sans \">\n    Die Talkshow wird in der Regel einmal pro Woche am Donnerstagabend im ZDF ausgestrahlt. Die Themen und die G\u00e4ste der jeweiligen Ausgaben werden meist erst kurz vor der Sendung bekannt gegeben. Eine \u00dcbersicht \u00fcber die kommenden Sendetermine finden Sie in der folgenden \u00dcbersicht:\n  <\/p>\n<ul rel=\"\" class=\"[&amp;&gt;li]:relative list-none  [&amp;&gt;li]:pl-[1.2em] [&amp;&gt;li]:marker:text-[0] [&amp;&gt;li]:relative [&amp;&gt;li]:before:absolute [&amp;&gt;li]:before:w-3 [&amp;&gt;li]:before:h-3 [&amp;&gt;li]:before:bg-brand [&amp;&gt;li]:before:left-0 [&amp;&gt;li]:before:top-[8px] [&amp;&gt;li]:before:rounded-full  my-5\">\n<li class=\" mb-3 text-xs md:text-m lg:text-l\">\u201eMaybrit Illner\u201c Folge 5: Donnerstag, 19. Februar 2026, 22.15 Uhr, ZDF<\/li>\n<li class=\" mb-3 text-xs md:text-m lg:text-l\">\u201eMaybrit Illner\u201c Folge 6: Donnerstag, 26. Februar 2026, 22.15 Uhr, ZDF<\/li>\n<li class=\" mb-3 text-xs md:text-m lg:text-l\">\u201eMaybrit Illner\u201c Folge 7: Donnerstag, 5. M\u00e4rz 2026, 22.15 Uhr, ZDF<\/li>\n<\/ul>\n<ul data-module-id=\"DragDropModule\" class=\"flex flex-wrap justify-start group-[.no-bookmarks]:hidden\">\n<li class=\"mb-3 mr-3\">\n    Sarina Franke<\/p>\n<p>      Icon Haken im Kreis gesetzt<\/p>\n<p>      Icon Plus im Kreis<\/p>\n<\/li>\n<\/ul>\n","protected":false},"excerpt":{"rendered":"\u201eMaybrit Illner\u201c ist eine politische Talksendung im ZDF, die einmal pro Woche ausgestrahlt wird. Moderatorin Maybrit Illner diskutiert&hellip;\n","protected":false},"author":2,"featured_media":431956,"comment_status":"","ping_status":"","sticky":false,"template":"","format":"standard","meta":{"footnotes":"","_share_on_mastodon":"0"},"categories":[1773],"tags":[29,214,30,471,1780,215],"class_list":["post-775849","post","type-post","status-publish","format-standard","has-post-thumbnail","category-serien","tag-deutschland","tag-entertainment","tag-germany","tag-serien","tag-series","tag-unterhaltung"],"share_on_mastodon":{"url":"https:\/\/pubeurope.com\/@de\/116022470645120574","error":""},"_links":{"self":[{"href":"https:\/\/www.europesays.com\/de\/wp-json\/wp\/v2\/posts\/775849","targetHints":{"allow":["GET"]}}],"collection":[{"href":"https:\/\/www.europesays.com\/de\/wp-json\/wp\/v2\/posts"}],"about":[{"href":"https:\/\/www.europesays.com\/de\/wp-json\/wp\/v2\/types\/post"}],"author":[{"embeddable":true,"href":"https:\/\/www.europesays.com\/de\/wp-json\/wp\/v2\/users\/2"}],"replies":[{"embeddable":true,"href":"https:\/\/www.europesays.com\/de\/wp-json\/wp\/v2\/comments?post=775849"}],"version-history":[{"count":0,"href":"https:\/\/www.europesays.com\/de\/wp-json\/wp\/v2\/posts\/775849\/revisions"}],"wp:featuredmedia":[{"embeddable":true,"href":"https:\/\/www.europesays.com\/de\/wp-json\/wp\/v2\/media\/431956"}],"wp:attachment":[{"href":"https:\/\/www.europesays.com\/de\/wp-json\/wp\/v2\/media?parent=775849"}],"wp:term":[{"taxonomy":"category","embeddable":true,"href":"https:\/\/www.europesays.com\/de\/wp-json\/wp\/v2\/categories?post=775849"},{"taxonomy":"post_tag","embeddable":true,"href":"https:\/\/www.europesays.com\/de\/wp-json\/wp\/v2\/tags?post=775849"}],"curies":[{"name":"wp","href":"https:\/\/api.w.org\/{rel}","templated":true}]}}