{"id":776042,"date":"2026-02-06T09:05:13","date_gmt":"2026-02-06T09:05:13","guid":{"rendered":"https:\/\/www.europesays.com\/de\/776042\/"},"modified":"2026-02-06T09:05:13","modified_gmt":"2026-02-06T09:05:13","slug":"mann-schiesst-in-bielefeld-mit-schreckschusspistole","status":"publish","type":"post","link":"https:\/\/www.europesays.com\/de\/776042\/","title":{"rendered":"Mann schie\u00dft in Bielefeld mit Schreckschusspistole"},"content":{"rendered":"<p>In Bielefeld streiten sich zwei Nachbarn. Der Streit eskaliert. Einer der beiden zieht eine Schreckschusspistole.\u00a0<\/p>\n<p>Bielefeld (dpa) &#8211; In einem Streit unter Nachbarn hat ein Mann mehrere Sch\u00fcsse mit einer Schreckschusspistole abgegeben &#8211; und zwar sehr nah am Kopf des Nachbarn.\u00a0<\/p>\n<p class=\"contextmenu caption\">Mit weiterer Gewalt gedroht<\/p>\n<p>Wie die Polizei mitteilte, wurden die Beamten am Donnerstagabend wegen Schussabgaben in einem Mehrfamilienhaus alarmiert. Bei einer k\u00f6rperlichen Auseinandersetzung soll ein 40-J\u00e4hriger eine Schreckschusspistole gez\u00fcckt und damit im Flur des Hauses mehrfach auf seinen 38 Jahre alten Nachbarn geschossen haben. Der Sch\u00fctze hielt die Pistole dabei in unmittelbarer N\u00e4he vom Kopf des Nachbarn, wie es hie\u00df. Der 38-J\u00e4hrige erlitt oberfl\u00e4chliche Verletzungen am Kopf. <\/p>\n<p>Danach ging der 40-J\u00e4hrige in seine Wohnung und drohte laut Polizei mit weiterer Gewalt. Die Beamten eilten herbei und versuchten, ihn zum Aufgeben zu bewegen.\u00a0<\/p>\n<p class=\"contextmenu caption\">SEK im Einsatz<\/p>\n<p>Die bedrohliche Lage dauerte fast die ganze Nacht. Etwa neun Stunden nach den Sch\u00fcssen nahmen ihn Spezialkr\u00e4fte in seiner Wohnung fest.\u00a0<\/p>\n<p>Zu den Hintergr\u00fcnden der Auseinandersetzung \u00e4u\u00dferte sich die Polizei zun\u00e4chst nicht. Eine Mordkommission hat die Ermittlungen \u00fcbernommen &#8211; m\u00f6glicherweise wird der Tatvorwurf aber nicht als versuchtes T\u00f6tungsdelikt, sondern als gef\u00e4hrliche K\u00f6rperverletzung eingestuft. <\/p>\n<p>Texte und Fotos von die-glocke.de sind urheberrechtlich gesch\u00fctzt.<br \/>\n            Weiterverwendung nur mit Genehmigung der Chefredaktion.<\/p>\n","protected":false},"excerpt":{"rendered":"In Bielefeld streiten sich zwei Nachbarn. Der Streit eskaliert. Einer der beiden zieht eine Schreckschusspistole.\u00a0 Bielefeld (dpa) &#8211;&hellip;\n","protected":false},"author":2,"featured_media":776043,"comment_status":"","ping_status":"","sticky":false,"template":"","format":"standard","meta":{"footnotes":"","_share_on_mastodon":"0"},"categories":[1841],"tags":[1605,3364,29,30,28078,1209,68485,2127],"class_list":["post-776042","post","type-post","status-publish","format-standard","has-post-thumbnail","category-bielefeld","tag-bielefeld","tag-de","tag-deutschland","tag-germany","tag-nachbar","tag-nordrhein-westfalen","tag-schreckschusspistole","tag-streit"],"share_on_mastodon":{"url":"https:\/\/pubeurope.com\/@de\/116022891329528386","error":""},"_links":{"self":[{"href":"https:\/\/www.europesays.com\/de\/wp-json\/wp\/v2\/posts\/776042","targetHints":{"allow":["GET"]}}],"collection":[{"href":"https:\/\/www.europesays.com\/de\/wp-json\/wp\/v2\/posts"}],"about":[{"href":"https:\/\/www.europesays.com\/de\/wp-json\/wp\/v2\/types\/post"}],"author":[{"embeddable":true,"href":"https:\/\/www.europesays.com\/de\/wp-json\/wp\/v2\/users\/2"}],"replies":[{"embeddable":true,"href":"https:\/\/www.europesays.com\/de\/wp-json\/wp\/v2\/comments?post=776042"}],"version-history":[{"count":0,"href":"https:\/\/www.europesays.com\/de\/wp-json\/wp\/v2\/posts\/776042\/revisions"}],"wp:featuredmedia":[{"embeddable":true,"href":"https:\/\/www.europesays.com\/de\/wp-json\/wp\/v2\/media\/776043"}],"wp:attachment":[{"href":"https:\/\/www.europesays.com\/de\/wp-json\/wp\/v2\/media?parent=776042"}],"wp:term":[{"taxonomy":"category","embeddable":true,"href":"https:\/\/www.europesays.com\/de\/wp-json\/wp\/v2\/categories?post=776042"},{"taxonomy":"post_tag","embeddable":true,"href":"https:\/\/www.europesays.com\/de\/wp-json\/wp\/v2\/tags?post=776042"}],"curies":[{"name":"wp","href":"https:\/\/api.w.org\/{rel}","templated":true}]}}