{"id":776310,"date":"2026-02-06T11:34:12","date_gmt":"2026-02-06T11:34:12","guid":{"rendered":"https:\/\/www.europesays.com\/de\/776310\/"},"modified":"2026-02-06T11:34:12","modified_gmt":"2026-02-06T11:34:12","slug":"wohnungsgipfel-in-aachen-wohnungsbau-soll-beschleunigt-werden","status":"publish","type":"post","link":"https:\/\/www.europesays.com\/de\/776310\/","title":{"rendered":"Wohnungsgipfel in Aachen: Wohnungsbau soll beschleunigt werden"},"content":{"rendered":"<p>Treffen im Rathaus <\/p>\n<p>Wohnungsgipfel: Ziemons will den &#8222;Bauturbo&#8220; anschmei\u00dfen<\/p>\n<p>06.02.2026 &#8211; 12:19 UhrLesedauer: 2 Min.<\/p>\n<p><a href=\"#focus-0\" class=\"transition-colors duration-200 block text-current relative\" data-sctrack=\"FocusGalleryImage.Reference\"><img fetchpriority=\"high\" data-testid=\"Opener.Image\" style=\"--lqipURL:url('https:\/\/images.t-online.de\/2026\/02\/oMuGwSkJLLM3\/0x198:1919x1079\/fit-in\/150x0\/filters:blur(25)\/treffen-im-aachener-rathaus-ob-ziemons.jpg')\"   loading=\"eager\" src=\"https:\/\/www.europesays.com\/de\/wp-content\/uploads\/2026\/02\/treffen-im-aachener-rathaus-ob-ziemons.jpg\" alt=\"Treffen im Aachener Rathaus: OB Ziemons (vorne) traf sich zum ersten Wohnungsgipfel mit Vertretern aus Verwaltung und Wohnungswirtschaft.\" title=\"Treffen im Aachener Rathaus: OB Ziemons (vorne) traf sich zum ersten Wohnungsgipfel mit Vertretern aus Verwaltung und Wohnungswirtschaft.\" width=\"1919\" height=\"1079\" class=\"bg-[url:var(--lqipURL)] bg-cover bg-center flex h-full w-full max-w-full\" decoding=\"async\"\/><img style=\"--width:32;--height:32\" loading=\"lazy\" src=\"https:\/\/aachen.t-online.de\/s\/paper\/_next\/static\/media\/zoom-in.f7dae02f.svg\" alt=\"Vergr\u00f6\u00dfern des Bildes\" title=\"Vergr\u00f6\u00dfern des Bildes\" class=\"block h-[calc(var(--height)_\/_16_*_1rem)] w-[calc(var(--width)_\/_16_*_1rem)] max-w-none absolute bottom-8 right-8 rounded-4 bg-snow p-8\" decoding=\"async\"\/><\/a><\/p>\n<p>Treffen im Aachener Rathaus: OB Ziemons (vorne) traf sich zum ersten Wohnungsgipfel mit Vertretern aus Verwaltung und Wohnungswirtschaft. (Quelle: Stadt Aachen)<\/p>\n<p class=\"font-bold text-18 leading-17\">Vertreter von Verwaltung und Wohnungswirtschaft treffen sich, um den Wohnungsbau in Aachen zu beschleunigen. Tausende Wohneinheiten sollen in den n\u00e4chsten Jahren entstehen.<\/p>\n<p class=\"text-18 leading-17\">Oberb\u00fcrgermeister Michael Ziemons hat am Mittwoch (4. Februar) gemeinsam mit dem Beigeordneten Thomas Hissel den ersten Aachener Wohnungsgipfel im Rathaus einberufen. Ziel war es, den Wohnungsbau in der Stadt zu beschleunigen und bezahlbaren Wohnraum zu schaffen. An der Veranstaltung nahmen Vertreter der Wohnungswirtschaft sowie Fachleute aus der Stadtverwaltung teil.<\/p>\n<p class=\"text-18 leading-17\">Im Ratssaal erl\u00e4uterten Verwaltungsvertreter in Kurzvortr\u00e4gen Potenziale st\u00e4dtischer Fl\u00e4chen, bestehende Abl\u00e4ufe und Optimierungsm\u00f6glichkeiten. Dabei wurde auch der st\u00e4dtische &#8222;Bauturbo&#8220; vorgestellt, der schnellere Genehmigungen und eine engere Zusammenarbeit zwischen Stadt und Bauwirtschaft erm\u00f6glichen soll.<\/p>\n<p class=\"text-18 leading-17\">Ziemons betonte: &#8222;Wir brauchen etwa 7000 Wohneinheiten in den n\u00e4chsten 15 Jahren. Durch den Dialog bauen wir eine starke Zusammenarbeit zwischen allen Beteiligten auf. So schaffen wir verl\u00e4ssliche Rahmenbedingungen, damit bezahlbarer Wohnraum f\u00fcr Aachen rasch w\u00e4chst.&#8220;<\/p>\n<p class=\"text-18 leading-17\">Beigeordneter Thomas Hissel hob die Notwendigkeit gemeinsamer Verantwortung hervor: Verwaltung und Wohnungswirtschaft sollen Hemmnisse abbauen und Prozesse beschleunigen. &#8222;Mit unseren st\u00e4dtischen Potenzialfl\u00e4chen und den Instrumenten des Wohnungsbauturbos schaffen wir die Voraussetzungen, damit aus guten Ideen schneller konkreter Wohnraum wird&#8220;, sagte Hissel.<\/p>\n<p class=\"text-18 leading-17\">Frauke Burgdorff, Beigeordnete f\u00fcr Stadtentwicklung, Bau und Mobilit\u00e4t, erg\u00e4nzte, dass Verwaltung und Bauaufsicht gemeinsam schnelle bauordnungsrechtliche Genehmigungen erm\u00f6glichen sollen. In einem praktischen Austausch stellten Vertreter der Bauwirtschaft eigene Projekte und Erfahrungen vor. Dabei wurden mehr als 3.000 Wohneinheiten diskutiert, die in den kommenden Jahren entstehen k\u00f6nnten.<\/p>\n<p class=\"text-18 leading-17\">Die Wohnungswirtschaft lobte den offenen Dialog. Thomas H\u00fcbner, Vorstand der Gewoge AG, erkl\u00e4rte: &#8222;Die Akteure des Wohnungsmarktes setzen darauf, dass bestehende Hemmnisse gemeinsam mit der Stadtverwaltung identifiziert und konsequent abgebaut werden.&#8220; Weitere Treffen sind geplant, um die nun besprochenen Schritte zu analysieren und umzusetzen.<\/p>\n<p class=\"text-18 leading-17\">Land und Bund unterst\u00fctzen den Ausbau: NRW stellt 1,5 Milliarden Euro f\u00fcr die Wohnraumf\u00f6rderung bereit. Auf Bundesebene ist der Wohnungsbauturbo rechtskr\u00e4ftig, um Genehmigungen und Bauprozesse zu beschleunigen. Die Stadt Aachen will das nutzen, um den Wohnungsbau kurzfristig zu st\u00e4rken und langfristig zu sichern.<\/p>\n","protected":false},"excerpt":{"rendered":"Treffen im Rathaus Wohnungsgipfel: Ziemons will den &#8222;Bauturbo&#8220; anschmei\u00dfen 06.02.2026 &#8211; 12:19 UhrLesedauer: 2 Min. Treffen im Aachener&hellip;\n","protected":false},"author":2,"featured_media":776311,"comment_status":"","ping_status":"","sticky":false,"template":"","format":"standard","meta":{"footnotes":"","_share_on_mastodon":"0"},"categories":[1853],"tags":[722,1424,146104,3364,29,548,663,3934,30,13,44477,14,15,1209,12,126310,41782,2192,175882,18250],"class_list":["post-776310","post","type-post","status-publish","format-standard","has-post-thumbnail","category-aachen","tag-722","tag-aachen","tag-bauturbo","tag-de","tag-deutschland","tag-eu","tag-europa","tag-europe","tag-germany","tag-headlines","tag-michael-ziemon","tag-nachrichten","tag-news","tag-nordrhein-westfalen","tag-schlagzeilen","tag-thomas-hissel","tag-wohneinheit","tag-wohnungsbau","tag-wohnungsgipfel","tag-wohnungswirtschaft"],"share_on_mastodon":{"url":"https:\/\/pubeurope.com\/@de\/116023477280303720","error":""},"_links":{"self":[{"href":"https:\/\/www.europesays.com\/de\/wp-json\/wp\/v2\/posts\/776310","targetHints":{"allow":["GET"]}}],"collection":[{"href":"https:\/\/www.europesays.com\/de\/wp-json\/wp\/v2\/posts"}],"about":[{"href":"https:\/\/www.europesays.com\/de\/wp-json\/wp\/v2\/types\/post"}],"author":[{"embeddable":true,"href":"https:\/\/www.europesays.com\/de\/wp-json\/wp\/v2\/users\/2"}],"replies":[{"embeddable":true,"href":"https:\/\/www.europesays.com\/de\/wp-json\/wp\/v2\/comments?post=776310"}],"version-history":[{"count":0,"href":"https:\/\/www.europesays.com\/de\/wp-json\/wp\/v2\/posts\/776310\/revisions"}],"wp:featuredmedia":[{"embeddable":true,"href":"https:\/\/www.europesays.com\/de\/wp-json\/wp\/v2\/media\/776311"}],"wp:attachment":[{"href":"https:\/\/www.europesays.com\/de\/wp-json\/wp\/v2\/media?parent=776310"}],"wp:term":[{"taxonomy":"category","embeddable":true,"href":"https:\/\/www.europesays.com\/de\/wp-json\/wp\/v2\/categories?post=776310"},{"taxonomy":"post_tag","embeddable":true,"href":"https:\/\/www.europesays.com\/de\/wp-json\/wp\/v2\/tags?post=776310"}],"curies":[{"name":"wp","href":"https:\/\/api.w.org\/{rel}","templated":true}]}}