{"id":776401,"date":"2026-02-06T12:21:13","date_gmt":"2026-02-06T12:21:13","guid":{"rendered":"https:\/\/www.europesays.com\/de\/776401\/"},"modified":"2026-02-06T12:21:13","modified_gmt":"2026-02-06T12:21:13","slug":"ekelige-ueberraschung-zoll-stoppt-stinkenden-koffer-am-flughafen-regional","status":"publish","type":"post","link":"https:\/\/www.europesays.com\/de\/776401\/","title":{"rendered":"Ekelige \u00dcberraschung: Zoll stoppt stinkenden Koffer am Flughafen | Regional"},"content":{"rendered":"<p><a class=\"skip-content skip-content--link\" href=\"#in-content-skip-link-target-v-0-0\">TTS-Player \u00fcberspringen\u21b5<\/a><a id=\"in-content-skip-link-target-v-0-0\" class=\"skip-content--target-link-hidden skip-content skip-content--target-link\" href=\"#in-content-skip-link-target-v-0-0\">Artikel weiterlesen<\/a><\/p>\n<p>D\u00fcsseldorf (Nordrhein-Westfalen) \u2013 <b>Souvenirs aus dem Urlaub? F\u00fcr die meisten Reisenden sind das \u2013 neben Sonnenbrand \u2013 Kleidungsst\u00fccke, Deko-Artikel oder Magnete f\u00fcr den K\u00fchlschrank. Doch was ein Mann jetzt aus seinem Urlaub mitbrachte, lie\u00df selbst die erfahrenen Z\u00f6llner am D\u00fcsseldorfer Flughafen die Nase r\u00fcmpfen. Im wortw\u00f6rtlichen Sinne.<\/b><\/p>\n<p>Der Urlauber, der in Belgien lebt, war aus Kayseri in der T\u00fcrkei nach D\u00fcsseldorf geflogen und wollte von dort aus weiter nach Hause. Doch als der geb\u00fcrtige T\u00fcrke den <a href=\"https:\/\/www.bild.de\/themen\/specials\/zoll-zoelle\/news-nachrichten-news-fotos-videos-0q6mct0rTC534bbU529b\" class=\"text-link\" rel=\"nofollow noopener\" target=\"_blank\">Zollbereich<\/a> \u00fcber den gr\u00fcnen Ausgang f\u00fcr anmeldefreie Mitbringsel verlassen wollte, wurden die Beamten stutzig: Aus seinem Koffer str\u00f6mte ein penetranter, unangenehmer Geruch. Es folgte eine Gep\u00e4ckkontrolle!<\/p>\n<p><img decoding=\"async\" width=\"992\" height=\"865\" alt=\"Einen kompletten Wildschweinsch\u00e4del samt Unterkiefer fischte der Zoll am D\u00fcsseldorfer Flughafen aus dem Verkehr\" src=\"https:\/\/www.europesays.com\/de\/wp-content\/uploads\/2026\/02\/7eacecfe20d078f5913e27febc2fc856,1f54bcab.jpeg\"   class=\"dynamic\" loading=\"lazy\"\/><\/p>\n<p class=\"fig__caption__text\">Einen kompletten Wildschweinsch\u00e4del samt Unterkiefer fischte der Zoll am D\u00fcsseldorfer Flughafen aus dem Verkehr<\/p>\n<p>Foto: Hauptzollamt D\u00fcsseldorf<\/p>\n<p>Fabian Pflanz, Pressesprecher des Hauptzollamtes D\u00fcsseldorf, gegen\u00fcber BILD:  \u201eAuf den R\u00f6ntgenbildern <a href=\"https:\/\/www.bild.de\/regional\/nordrhein-westfalen\/aufruhr-am-flughafen-duesseldorf-wegen-einer-kalaschnikow-68402492ba5985021b016c1c\" class=\"text-link\" rel=\"nofollow noopener\" target=\"_blank\">fiel den Z\u00f6llnern sofort ein Objekt auf<\/a>, welches wie ein Tiersch\u00e4del aussah.\u201c Beim \u00d6ffnen des Koffers dann der Ekelfaktor, der ans RTL-Dschungelcamp erinnerte: Ein massiver Verwesungsgeruch schlug den Z\u00f6llnern entgegen. <\/p>\n<p>So erkl\u00e4rte der Urlauber sein tierisches Mitbringsel<\/p>\n<p>Die Ursache war schnell klar: In Plastikt\u00fcten verpackt lag im Koffer ein kompletter Wildschweinsch\u00e4del mit Unterkiefer \u2013 samt Haaren und faulenden Fleischresten. Die Erkl\u00e4rung des Reisenden: Er sei J\u00e4ger und habe den Sch\u00e4del als Jagdtroph\u00e4e aus dem <a href=\"https:\/\/www.bild.de\/reise\/startseite\/aktivurlaub\/reise-15478744.bild.html\" class=\"text-link\" rel=\"nofollow noopener\" target=\"_blank\">Urlaub<\/a> mitgebracht. <\/p>\n<p>Pflanz erkl\u00e4rt dazu: \u201eDas ist grunds\u00e4tzlich nicht verboten, zumal Wildschweine nicht unter Artenschutz stehen. Jedoch stellen faulende Fleisch- und Hautreste ein erhebliches Risiko dar.\u201c Stichwort Tierseuchen. Die Folge: Der Sch\u00e4del wurde von den Beamten einkassiert und noch vor Ort entsorgt. Eine Strafe gab es daf\u00fcr nicht.<\/p>\n<p><img decoding=\"async\" width=\"992\" height=\"1178\" alt=\"Den stinkenden Schweinekopf entsorgte der Zoll noch vor Ort. F\u00fcr die nicht verzollten Zigaretten musste eine Strafe gezahlt werden\" src=\"https:\/\/www.europesays.com\/de\/wp-content\/uploads\/2026\/02\/069a7fd654873cb08817da7ef8ebcf90,488805a0.jpeg\"   class=\"portrait\" loading=\"lazy\"\/><\/p>\n<p class=\"fig__caption__text\">Den stinkenden Schweinekopf entsorgte der Zoll noch vor Ort. F\u00fcr die nicht verzollten Zigaretten musste eine Strafe gezahlt werden<\/p>\n<p>Foto: Hauptzollamt D\u00fcsseldorf<\/p>\n<p>Geldstrafe wegen Zigaretten-Schmuggel<\/p>\n<p>Ganz ohne Konsequenzen blieb die Zollkontrolle aber dennoch nicht. Denn neben dem Wildschweinsch\u00e4del fanden die Beamten auch deutlich zu viele Zigaretten im Koffer: Statt der erlaubten 200 St\u00fcck hatte der Reisende gleich 800 dabei. Erst nach dem Bezahlen von knapp 230 Euro durfte der Mann seine Reise fortsetzen \u2013 ohne tierische Troph\u00e4e, aber mit einer teuren Erinnerung an den D\u00fcsseldorfer Zoll.<\/p>\n","protected":false},"excerpt":{"rendered":"TTS-Player \u00fcberspringen\u21b5Artikel weiterlesen D\u00fcsseldorf (Nordrhein-Westfalen) \u2013 Souvenirs aus dem Urlaub? F\u00fcr die meisten Reisenden sind das \u2013 neben&hellip;\n","protected":false},"author":2,"featured_media":776402,"comment_status":"","ping_status":"","sticky":false,"template":"","format":"standard","meta":{"footnotes":"","_share_on_mastodon":"0"},"categories":[1831],"tags":[3364,29,3405,3444,30,31405,47192,1209,47881,16652,45,1886,143,631,10395,25600,5735],"class_list":["post-776401","post","type-post","status-publish","format-standard","has-post-thumbnail","category-duesseldorf","tag-de","tag-deutschland","tag-duesseldorf","tag-flughafen-duesseldorf","tag-germany","tag-jaeger","tag-koffer","tag-nordrhein-westfalen","tag-reiseformen","tag-stanger-ralph","tag-texttospeech","tag-tiere","tag-tuerkei","tag-urlaub","tag-wildschwein","tag-zigarette","tag-zollamt"],"share_on_mastodon":{"url":"https:\/\/pubeurope.com\/@de\/116023662121843836","error":""},"_links":{"self":[{"href":"https:\/\/www.europesays.com\/de\/wp-json\/wp\/v2\/posts\/776401","targetHints":{"allow":["GET"]}}],"collection":[{"href":"https:\/\/www.europesays.com\/de\/wp-json\/wp\/v2\/posts"}],"about":[{"href":"https:\/\/www.europesays.com\/de\/wp-json\/wp\/v2\/types\/post"}],"author":[{"embeddable":true,"href":"https:\/\/www.europesays.com\/de\/wp-json\/wp\/v2\/users\/2"}],"replies":[{"embeddable":true,"href":"https:\/\/www.europesays.com\/de\/wp-json\/wp\/v2\/comments?post=776401"}],"version-history":[{"count":0,"href":"https:\/\/www.europesays.com\/de\/wp-json\/wp\/v2\/posts\/776401\/revisions"}],"wp:featuredmedia":[{"embeddable":true,"href":"https:\/\/www.europesays.com\/de\/wp-json\/wp\/v2\/media\/776402"}],"wp:attachment":[{"href":"https:\/\/www.europesays.com\/de\/wp-json\/wp\/v2\/media?parent=776401"}],"wp:term":[{"taxonomy":"category","embeddable":true,"href":"https:\/\/www.europesays.com\/de\/wp-json\/wp\/v2\/categories?post=776401"},{"taxonomy":"post_tag","embeddable":true,"href":"https:\/\/www.europesays.com\/de\/wp-json\/wp\/v2\/tags?post=776401"}],"curies":[{"name":"wp","href":"https:\/\/api.w.org\/{rel}","templated":true}]}}