{"id":776459,"date":"2026-02-06T12:52:13","date_gmt":"2026-02-06T12:52:13","guid":{"rendered":"https:\/\/www.europesays.com\/de\/776459\/"},"modified":"2026-02-06T12:52:13","modified_gmt":"2026-02-06T12:52:13","slug":"bedrohungslage-polizei-riegelt-innenstadt-von-sonthofen-ab-news","status":"publish","type":"post","link":"https:\/\/www.europesays.com\/de\/776459\/","title":{"rendered":"Bedrohungslage: Polizei riegelt Innenstadt von Sonthofen ab | News"},"content":{"rendered":"<p><a class=\"skip-content skip-content--link\" href=\"#in-content-skip-link-target-v-0-0\">TTS-Player \u00fcberspringen\u21b5<\/a><a id=\"in-content-skip-link-target-v-0-0\" class=\"skip-content--target-link-hidden skip-content skip-content--target-link\" href=\"#in-content-skip-link-target-v-0-0\">Artikel weiterlesen<\/a><\/p>\n<p>Sonthofen (Bayern) \u2013 <b>Gro\u00dfer Polizeieinsatz in der Innenstadt. Wegen einer unklaren Bedrohungslage hat die Polizei am Mittag Teile des Zentrums von Sonthofen (Landkreis Oberallg\u00e4u) abgesperrt. Ausl\u00f6ser des Einsatzes ist nach ersten Polizeiangaben eine \u201eBedrohungssituation\u201c. <\/b><\/p>\n<p>Anwohner und Passanten wurden aufgefordert, die Innenstadt zu meiden. Gleichzeitig gab die Polizei gegen\u00fcber BILD an, dass f\u00fcr die Bev\u00f6lkerung derzeit keine Gefahr bestehe. Um welche Art Bedrohungslage es sich genau handelt, sagte die zust\u00e4ndige Polizei in Kempten (<a href=\"https:\/\/www.bild.de\/regional\/bayern\/home-F0nY8r5b4CmXLAXAmTuS\" class=\"text-link\" rel=\"nofollow noopener\" target=\"_blank\">Bayern<\/a>) nicht. <\/p>\n<p><img decoding=\"async\" width=\"992\" height=\"558\" alt=\"Mit Schutzausr\u00fcstung und Maschinenpistolen bewaffnet: Polizeibeamte in der Innenstadt von Sonthofen\" src=\"https:\/\/www.europesays.com\/de\/wp-content\/uploads\/2026\/02\/fbbdc505534bc0cb79536f2261e44538,effd95d9.jpeg\"   class=\"landscape\" loading=\"lazy\"\/><\/p>\n<p class=\"fig__caption__text\">Mit Schutzausr\u00fcstung und Maschinenpistolen bewaffnet: Polizeibeamte in der Innenstadt von Sonthofen<\/p>\n<p>Foto: Benjamin Liss<\/p>\n<p>Polizei mit Gro\u00dfaufgebot vor Ort<\/p>\n<p>Unterdessen wurde der Innenstadtbereich zwischen der Hirschstra\u00dfe und dem Spitalplatz weitr\u00e4umig abgesperrt. \u201eWir sind mit einem Gro\u00dfaufgebot an Polizeikr\u00e4ften vor Ort\u201c, so die <a href=\"https:\/\/www.bild.de\/regional\/aktuelles\/polizei\/polizeieinsatz-alle-infos-76681760.bild.html\" class=\"text-link\" rel=\"nofollow noopener\" target=\"_blank\">Polizei<\/a> weiter. Die Beamten sind mit Maschinenpistolen bewaffnet und tragen zus\u00e4tzliche Schutzausr\u00fcstung. Weitere Informationen machte die Polizei zun\u00e4chst nicht.<\/p>\n<p>Auf einem Video, das in den sozialen Medien ver\u00f6ffentlicht wurde, sind auch Kr\u00e4fte eines Spezialeinsatzkommandos (SEK) zu sehen. Die Beamten sind mit Schildern und Helmen ausger\u00fcstet. Den Einsatz von SEK-Kr\u00e4ften konnte eine Polizei-Sprecherin am Mittag zun\u00e4chst nicht best\u00e4tigen. Der Einsatz sei um kurz vor 10 Uhr losgegangen. Wie lange er andauern wird, ist derzeit noch offen.<\/p>\n","protected":false},"excerpt":{"rendered":"TTS-Player \u00fcberspringen\u21b5Artikel weiterlesen Sonthofen (Bayern) \u2013 Gro\u00dfer Polizeieinsatz in der Innenstadt. Wegen einer unklaren Bedrohungslage hat die Polizei&hellip;\n","protected":false},"author":2,"featured_media":776460,"comment_status":"","ping_status":"","sticky":false,"template":"","format":"standard","meta":{"footnotes":"","_share_on_mastodon":"0"},"categories":[5],"tags":[772,41,1737,1738,588,1736,13,14,15,121,12,74768,138370,45,10,8,9,11],"class_list":["post-776459","post","type-post","status-publish","format-standard","has-post-thumbnail","category-nachrichten","tag-bayern","tag-bedrohung","tag-breaking-news","tag-desk-delta","tag-einsatz","tag-fb-instantarticles","tag-headlines","tag-nachrichten","tag-news","tag-polizei","tag-schlagzeilen","tag-sonthofen","tag-team-first","tag-texttospeech","tag-top-news","tag-top-meldungen","tag-topmeldungen","tag-topnews"],"share_on_mastodon":{"url":"https:\/\/pubeurope.com\/@de\/116023783980502629","error":""},"_links":{"self":[{"href":"https:\/\/www.europesays.com\/de\/wp-json\/wp\/v2\/posts\/776459","targetHints":{"allow":["GET"]}}],"collection":[{"href":"https:\/\/www.europesays.com\/de\/wp-json\/wp\/v2\/posts"}],"about":[{"href":"https:\/\/www.europesays.com\/de\/wp-json\/wp\/v2\/types\/post"}],"author":[{"embeddable":true,"href":"https:\/\/www.europesays.com\/de\/wp-json\/wp\/v2\/users\/2"}],"replies":[{"embeddable":true,"href":"https:\/\/www.europesays.com\/de\/wp-json\/wp\/v2\/comments?post=776459"}],"version-history":[{"count":0,"href":"https:\/\/www.europesays.com\/de\/wp-json\/wp\/v2\/posts\/776459\/revisions"}],"wp:featuredmedia":[{"embeddable":true,"href":"https:\/\/www.europesays.com\/de\/wp-json\/wp\/v2\/media\/776460"}],"wp:attachment":[{"href":"https:\/\/www.europesays.com\/de\/wp-json\/wp\/v2\/media?parent=776459"}],"wp:term":[{"taxonomy":"category","embeddable":true,"href":"https:\/\/www.europesays.com\/de\/wp-json\/wp\/v2\/categories?post=776459"},{"taxonomy":"post_tag","embeddable":true,"href":"https:\/\/www.europesays.com\/de\/wp-json\/wp\/v2\/tags?post=776459"}],"curies":[{"name":"wp","href":"https:\/\/api.w.org\/{rel}","templated":true}]}}