{"id":776552,"date":"2026-02-06T13:40:13","date_gmt":"2026-02-06T13:40:13","guid":{"rendered":"https:\/\/www.europesays.com\/de\/776552\/"},"modified":"2026-02-06T13:40:13","modified_gmt":"2026-02-06T13:40:13","slug":"leipzig-zoo-trauert-um-koala-weibchen-mandie","status":"publish","type":"post","link":"https:\/\/www.europesays.com\/de\/776552\/","title":{"rendered":"Leipzig: Zoo trauert um Koala-Weibchen Mandie"},"content":{"rendered":"<p>\t\t\t\t\t\t\t\t\t\t\t\t\t\t\t\t\t\t\t\t\t\t\t\t\t\t\t\t      \t\t            \t\t             \t\t\t\t   \t\t\t\t\t   <img decoding=\"async\" id=\"article-image\" fetchpriority=\"high\" alt=\"Leipzig: Zoo trauert um Koala-Weibchen Mandie\" title=\"Leipzig: Zoo trauert um Koala-Weibchen Mandie\" src=\"https:\/\/www.europesays.com\/de\/wp-content\/uploads\/2026\/02\/media.media.aeeb8de4-57a6-4f42-907d-2afedefeeca7.16x9_700.jpg\" data-linkto=\"https:\/\/www.stuttgarter-nachrichten.de\/javascript:void(0);\"\/>\t\t\t\t\t\t\t\t\t\t\t\t\t\t\t\t\t\t\t\t\t\t\t\tTrauer um Mandie\u00a0Foto: Patricia Bartos\/dpa\/Patricia Bartos\t\t\t<\/p>\n<p>Seit 2019 lebte das Koala-Weibchen Mandie im Leipziger Zoo und zog erfolgreich ein Jungtier auf. Nun ist das Tier eingeschl\u00e4fert worden.<\/p>\n<p>Traurige Nachrichten aus dem <a href=\"https:\/\/www.stuttgarter-nachrichten.de\/thema\/Zoo\" title=\"Zoo\" class=\"art_thema\" rel=\"nofollow noopener\" target=\"_blank\">Zoo<\/a> <a href=\"https:\/\/www.stuttgarter-nachrichten.de\/thema\/Leipzig\" title=\"Leipzig\" class=\"art_thema\" rel=\"nofollow noopener\" target=\"_blank\">Leipzig<\/a>: Das neun Jahre alte <a href=\"https:\/\/www.stuttgarter-nachrichten.de\/thema\/Koala\" title=\"Koala\" class=\"art_thema\" rel=\"nofollow noopener\" target=\"_blank\">Koala<\/a>-Weibchen Mandie ist tot. Das Tier musste am sp\u00e4ten Donnerstagnachmittag eingeschl\u00e4fert werden, um ihr weitere Schmerzen und Leiden zu ersparen, wie der Zoo mitteilte.\u00a0<\/p>\n<p>\u201eSeit Mittwochabend verschlechterte sich ihr Zustand rapide, sie nahm keine Nahrung mehr auf und lag im Verlauf des Donnerstags nur noch teilnahmslos am Boden\u201c, wurde Zoodirektor J\u00f6rg Junhold in der Mitteilung zitiert. Blutproben h\u00e4tten auf eine massive Stoffwechselst\u00f6rung hingewiesen.\u00a0<\/p>\n<p>Mandie kam 2019 nach Leipzig <\/p>\n<p>\u201eLeider zeigten die medizinischen Intensivma\u00dfnahmen keinerlei Wirkung mehr, so dass uns nur noch die schwere Entscheidung blieb, sie von ihrem Leiden zu erl\u00f6sen\u201c, erkl\u00e4rte Junhold weiter. Der Zoo hoffe, dass eine weitere Untersuchung Aufschluss \u00fcber die Ursache der Krankheit gebe.\u00a0<\/p>\n<p>Mandie kam den Angaben zufolge 2019 nach Leipzig und sorgte mit ihrem Sohn Bouddi f\u00fcr den ersten Zuchterfolg seit Beginn der Koala-Haltung im Jahr 2016. Bouddi sei 2023 auf Empfehlung des Europ\u00e4ischen Erhaltungszuchtprogramms an den\u00a0belgischen Zoo Planckendael abgegeben worden, hie\u00df es weiter.<\/p>\n","protected":false},"excerpt":{"rendered":"Trauer um Mandie\u00a0Foto: Patricia Bartos\/dpa\/Patricia Bartos Seit 2019 lebte das Koala-Weibchen Mandie im Leipziger Zoo und zog erfolgreich&hellip;\n","protected":false},"author":2,"featured_media":776553,"comment_status":"","ping_status":"","sticky":false,"template":"","format":"standard","meta":{"footnotes":"","_share_on_mastodon":"0"},"categories":[1832],"tags":[3364,29,30,12265,71,175923,1974,859,6500],"class_list":["post-776552","post","type-post","status-publish","format-standard","has-post-thumbnail","category-leipzig","tag-de","tag-deutschland","tag-germany","tag-koala","tag-leipzig","tag-mandie","tag-panorama","tag-sachsen","tag-zoo"],"share_on_mastodon":{"url":"https:\/\/pubeurope.com\/@de\/116023972574680281","error":""},"_links":{"self":[{"href":"https:\/\/www.europesays.com\/de\/wp-json\/wp\/v2\/posts\/776552","targetHints":{"allow":["GET"]}}],"collection":[{"href":"https:\/\/www.europesays.com\/de\/wp-json\/wp\/v2\/posts"}],"about":[{"href":"https:\/\/www.europesays.com\/de\/wp-json\/wp\/v2\/types\/post"}],"author":[{"embeddable":true,"href":"https:\/\/www.europesays.com\/de\/wp-json\/wp\/v2\/users\/2"}],"replies":[{"embeddable":true,"href":"https:\/\/www.europesays.com\/de\/wp-json\/wp\/v2\/comments?post=776552"}],"version-history":[{"count":0,"href":"https:\/\/www.europesays.com\/de\/wp-json\/wp\/v2\/posts\/776552\/revisions"}],"wp:featuredmedia":[{"embeddable":true,"href":"https:\/\/www.europesays.com\/de\/wp-json\/wp\/v2\/media\/776553"}],"wp:attachment":[{"href":"https:\/\/www.europesays.com\/de\/wp-json\/wp\/v2\/media?parent=776552"}],"wp:term":[{"taxonomy":"category","embeddable":true,"href":"https:\/\/www.europesays.com\/de\/wp-json\/wp\/v2\/categories?post=776552"},{"taxonomy":"post_tag","embeddable":true,"href":"https:\/\/www.europesays.com\/de\/wp-json\/wp\/v2\/tags?post=776552"}],"curies":[{"name":"wp","href":"https:\/\/api.w.org\/{rel}","templated":true}]}}