{"id":776600,"date":"2026-02-06T14:06:18","date_gmt":"2026-02-06T14:06:18","guid":{"rendered":"https:\/\/www.europesays.com\/de\/776600\/"},"modified":"2026-02-06T14:06:18","modified_gmt":"2026-02-06T14:06:18","slug":"xaver-schlager-verlaesst-rb-leipzig-auch-wegen-assan-ouedraogo-sport","status":"publish","type":"post","link":"https:\/\/www.europesays.com\/de\/776600\/","title":{"rendered":"Xaver Schlager verl\u00e4sst RB Leipzig auch wegen Assan Ou\u00e9draogo | Sport"},"content":{"rendered":"<p><a class=\"skip-content skip-content--link\" href=\"#in-content-skip-link-target-v-0-0\">TTS-Player \u00fcberspringen\u21b5<\/a><a id=\"in-content-skip-link-target-v-0-0\" class=\"skip-content--target-link-hidden skip-content skip-content--target-link\" href=\"#in-content-skip-link-target-v-0-0\">Artikel weiterlesen<\/a><\/p>\n<p><a href=\"https:\/\/www.bild.de\/sport\/fussball\/rb-leipzig\/startseite-leipzig-31148870.bild.html\" class=\"text-link\" rel=\"nofollow noopener\" target=\"_blank\"><b>RB Leipzig<\/b><\/a><b> verliert im Sommer einen Stammspieler ohne Abl\u00f6se-Einnahmen! Mittelfeldspieler Xaver Schlager (28) teilte den Sachsen am Freitag mit, dass er seinen auslaufenden Vertrag nicht verl\u00e4ngern werde. BILD kennt den Hauptgrund f\u00fcr die Flucht des \u00d6sterreichers.<\/b><\/p>\n<p>Seit Monaten hatte RB versucht, Schlager l\u00e4nger an sich zu binden. Dem Mittelfeldspieler lag ein Vertragsangebot vor. Doch nach langem Z\u00f6gern hat er das nun endg\u00fcltig abgelehnt. \u201eWir haben uns wirklich intensiv \u00fcber einen langen Zeitraum und in mehreren Runden darum bem\u00fcht, Xaver weiter an uns zu binden. Dennoch akzeptieren und respektieren wir nat\u00fcrlich seine Entscheidung, sich noch einmal neu zu orientieren\u201c, sagt RB-Manager Marcel Sch\u00e4fer (41).<\/p>\n<p>Mehr zum Thema<\/p>\n<p>Schlager kam 2022 f\u00fcr zw\u00f6lf Millionen Euro aus Wolfsburg nach Leipzig und hatte keine problemlose Zeit bei RB. Immer wieder fiel er mit Verletzungen aus. Wenn er gesund war, wurde er oft als F\u00fchrungsspieler gebracht. \u201eIch wei\u00df es wirklich zu sch\u00e4tzen, wie sich der Klub und im Speziellen die sportliche F\u00fchrung um mich bem\u00fcht haben\u201c, sagt Schlager. \u201eSchlussendlich ist bei mir der Wunsch dennoch st\u00e4rker gewesen, noch einmal etwas anderes zu erleben und zu probieren. Es ist keine Entscheidung gegen RBL, sondern f\u00fcr etwas Neues.\u201c<\/p>\n<p>Ou\u00e9draogo lief Schlager den Rang ab<\/p>\n<p>Doch das ist nicht die ganze Wahrheit. Nach Info von BILD wurde Schlager bei den Gespr\u00e4chen auch klar aufgezeigt, dass er sich in Zukunft der sportlichen Konkurrenz mit Top-Talenten stellen muss. Intern wird DFB-Juwel Assan Ou\u00e9draogo (19) vor ihm auf der Achter-Position gesehen. Mit Brajan Gruda (21) kam im Winter ein weiterer Spieler, der Schlager den Stammplatz wegnehmen kann.<\/p>\n<p>\u201eGef\u00fchl wie mit neuer Freundin\u201c: Erste Pressekonferenz mit Eintracht-Trainer Riera<a class=\"anchor video-teaser__anchor\" href=\"https:\/\/www.bild.de\/sport\/fussball\/gefuehl-wie-mit-neuer-freundin-erste-pressekonferenz-von-eintracht-trainer-riera-69826121a7e11bf92f54dfeb\" rel=\"nofollow noopener\" target=\"_blank\"><img decoding=\"async\" width=\"992\" height=\"558\" alt=\"\" src=\"https:\/\/www.europesays.com\/de\/wp-content\/uploads\/2026\/02\/7c99201f136e34364ad1b38517aec202,58f8bc70.jpeg\"   class=\"landscape teaser__image\" loading=\"lazy\"\/><\/a><\/p>\n<p>Quelle: Eintracht Frankfurt \/ BILD03.02.2026<\/p>\n<p>Interesse von Juventus, Roma und Celtic<\/p>\n<p>Bei Schlager geht die Tendenz klar Richtung Ausland. Der Fan des FC Arsenal tr\u00e4umt von einem Wechsel nach England. Zuletzt gab es aber eher konkretes Interesse aus Italien. Juventus Turin hatte sich mit einem Winter-Wechsel besch\u00e4ftigt. Auch der AS Rom hat den \u00d6sterreicher auf dem Zettel.<\/p>\n<p>Aber vielleicht wird es doch etwas mit der Insel. Kult-Klub Celtic Glasgow m\u00f6chte den rauen Mittelfeldspieler holen, der zuvor noch mit RB in die Champions League m\u00f6chte. \u201eWer mich kennt, wei\u00df, dass ich bis zum Abpfiff meines letzten Spiels alles f\u00fcr diesen Klub, seine Fans und unsere Ziele geben werde. \u00dcber allem steht, das Kapitel RB Leipzig positiv zu beenden\u201c, sagt Schlager.<\/p>\n","protected":false},"excerpt":{"rendered":"TTS-Player \u00fcberspringen\u21b5Artikel weiterlesen RB Leipzig verliert im Sommer einen Stammspieler ohne Abl\u00f6se-Einnahmen! Mittelfeldspieler Xaver Schlager (28) teilte den&hellip;\n","protected":false},"author":2,"featured_media":776601,"comment_status":"","ping_status":"","sticky":false,"template":"","format":"standard","meta":{"footnotes":"","_share_on_mastodon":"0"},"categories":[136],"tags":[29,538,30,61496,1655,10779,37627,803,265,3460,4581,45],"class_list":["post-776600","post","type-post","status-publish","format-standard","has-post-thumbnail","category-sport","tag-deutschland","tag-erste-bundesliga","tag-germany","tag-gruda-brajan","tag-rb-leipzig","tag-schaefer-marcel","tag-schlager-xaver","tag-spielertransfer","tag-sport","tag-sport-leuchtturm-leipzig","tag-sport-tag-im-ticker","tag-texttospeech"],"share_on_mastodon":{"url":"https:\/\/pubeurope.com\/@de\/116024074851285475","error":""},"_links":{"self":[{"href":"https:\/\/www.europesays.com\/de\/wp-json\/wp\/v2\/posts\/776600","targetHints":{"allow":["GET"]}}],"collection":[{"href":"https:\/\/www.europesays.com\/de\/wp-json\/wp\/v2\/posts"}],"about":[{"href":"https:\/\/www.europesays.com\/de\/wp-json\/wp\/v2\/types\/post"}],"author":[{"embeddable":true,"href":"https:\/\/www.europesays.com\/de\/wp-json\/wp\/v2\/users\/2"}],"replies":[{"embeddable":true,"href":"https:\/\/www.europesays.com\/de\/wp-json\/wp\/v2\/comments?post=776600"}],"version-history":[{"count":0,"href":"https:\/\/www.europesays.com\/de\/wp-json\/wp\/v2\/posts\/776600\/revisions"}],"wp:featuredmedia":[{"embeddable":true,"href":"https:\/\/www.europesays.com\/de\/wp-json\/wp\/v2\/media\/776601"}],"wp:attachment":[{"href":"https:\/\/www.europesays.com\/de\/wp-json\/wp\/v2\/media?parent=776600"}],"wp:term":[{"taxonomy":"category","embeddable":true,"href":"https:\/\/www.europesays.com\/de\/wp-json\/wp\/v2\/categories?post=776600"},{"taxonomy":"post_tag","embeddable":true,"href":"https:\/\/www.europesays.com\/de\/wp-json\/wp\/v2\/tags?post=776600"}],"curies":[{"name":"wp","href":"https:\/\/api.w.org\/{rel}","templated":true}]}}