{"id":776616,"date":"2026-02-06T14:14:18","date_gmt":"2026-02-06T14:14:18","guid":{"rendered":"https:\/\/www.europesays.com\/de\/776616\/"},"modified":"2026-02-06T14:14:18","modified_gmt":"2026-02-06T14:14:18","slug":"diebe-stehlen-25-kilometer-kupferkabel-von-solaranlage","status":"publish","type":"post","link":"https:\/\/www.europesays.com\/de\/776616\/","title":{"rendered":"Diebe stehlen 25 Kilometer Kupferkabel von Solaranlage"},"content":{"rendered":"<p>Sechsstelliger Schaden <\/p>\n<p>Diebe stehlen 25 Kilometer Kupferkabel von Solaranlage<\/p>\n<p>06.02.2026 &#8211; 14:05 UhrLesedauer: 1 Min.<\/p>\n<p><a href=\"#focus-0\" class=\"transition-colors duration-200 block text-current relative\" data-sctrack=\"FocusGalleryImage.Reference\"><img fetchpriority=\"high\" data-testid=\"Opener.Image\" style=\"--lqipURL:url('https:\/\/images.t-online.de\/2026\/02\/HBDNiTQZJPiP\/0x214:4000x2250\/fit-in\/150x0\/filters:blur(25)\/solaranlage-symbolbild.jpg')\"   loading=\"eager\" src=\"https:\/\/www.europesays.com\/de\/wp-content\/uploads\/2026\/02\/solaranlage-symbolbild.jpg\" alt=\"imago images 163015442\" title=\"imago images 163015442\" width=\"4000\" height=\"2250\" class=\"bg-[url:var(--lqipURL)] bg-cover bg-center flex h-full w-full max-w-full\" decoding=\"async\"\/><img style=\"--width:32;--height:32\" loading=\"lazy\" src=\"https:\/\/aachen.t-online.de\/s\/paper\/_next\/static\/media\/zoom-in.f7dae02f.svg\" alt=\"Vergr\u00f6\u00dfern des Bildes\" title=\"Vergr\u00f6\u00dfern des Bildes\" class=\"block h-[calc(var(--height)_\/_16_*_1rem)] w-[calc(var(--width)_\/_16_*_1rem)] max-w-none absolute bottom-8 right-8 rounded-4 bg-snow p-8\" decoding=\"async\"\/><\/a><\/p>\n<p>Solaranlage (Symbolbild): Die Polizei fahndet nach unbekannten T\u00e4tern. (Quelle: IMAGO\/Arnulf Hettrich)<\/p>\n<p class=\"font-bold text-18 leading-17\">Kupferdiebe schlagen im Herzogenrather Ortsteil Merkstein zu. Der Schaden an der Anlage ist enorm.<\/p>\n<p class=\"text-18 leading-17\">In Herzogenrath-Merkstein haben Unbekannte eine Solaranlage bestohlen. Die Kriminalpolizei ermittelt wegen besonders schweren Diebstahls.<\/p>\n<p class=\"text-18 leading-17\">Die Tat ereignete sich nach Angaben der Polizei in der Nacht von Montag auf Dienstag an der \u00dcbacher Stra\u00dfe. Die T\u00e4ter sollen etwa 25 Kilometer Kupferkabel durchtrennt und entwendet haben. Au\u00dferdem sei eine Hauptleitung besch\u00e4digt worden.<\/p>\n<p class=\"text-18 leading-17\">Ein Mitarbeiter des Energieversorgers bemerkte den Diebstahl am Dienstag gegen 14 Uhr. Das Solarfeld ist neu und erst seit zwei Wochen in Betrieb. Der Schaden liegt nach Angaben der Polizei im sechsstelligen Bereich.<\/p>\n<p class=\"text-18 leading-17\">Die T\u00e4ter fl\u00fcchteten unerkannt. Die Kabel seien vermutlich mit einem Fahrzeug abtransportiert worden, wie die Polizei mitteilte. Als m\u00f6glicher Fluchtweg komme der Zuweg zur &#8222;Scheune Rimburg&#8220; infrage.<\/p>\n<p class=\"text-18 leading-17\">Die Polizei bittet Zeugen um Hinweise. Die Kriminalpolizei ist tags\u00fcber unter 0241 9577 31401 erreichbar, au\u00dferhalb der B\u00fcrozeiten unter 0241 9577 34210.<\/p>\n","protected":false},"excerpt":{"rendered":"Sechsstelliger Schaden Diebe stehlen 25 Kilometer Kupferkabel von Solaranlage 06.02.2026 &#8211; 14:05 UhrLesedauer: 1 Min. Solaranlage (Symbolbild): Die&hellip;\n","protected":false},"author":2,"featured_media":776617,"comment_status":"","ping_status":"","sticky":false,"template":"","format":"standard","meta":{"footnotes":"","_share_on_mastodon":"0"},"categories":[1853],"tags":[722,17161,1424,3364,29,548,663,3934,30,13,18024,983,108190,63727,14,15,1209,121,12,6770],"class_list":["post-776616","post","type-post","status-publish","format-standard","has-post-thumbnail","category-aachen","tag-722","tag-17161","tag-aachen","tag-de","tag-deutschland","tag-eu","tag-europa","tag-europe","tag-germany","tag-headlines","tag-herzogenrath","tag-kripo","tag-kupferkabel","tag-merkstein","tag-nachrichten","tag-news","tag-nordrhein-westfalen","tag-polizei","tag-schlagzeilen","tag-solaranlage"],"share_on_mastodon":{"url":"https:\/\/pubeurope.com\/@de\/116024106482874703","error":""},"_links":{"self":[{"href":"https:\/\/www.europesays.com\/de\/wp-json\/wp\/v2\/posts\/776616","targetHints":{"allow":["GET"]}}],"collection":[{"href":"https:\/\/www.europesays.com\/de\/wp-json\/wp\/v2\/posts"}],"about":[{"href":"https:\/\/www.europesays.com\/de\/wp-json\/wp\/v2\/types\/post"}],"author":[{"embeddable":true,"href":"https:\/\/www.europesays.com\/de\/wp-json\/wp\/v2\/users\/2"}],"replies":[{"embeddable":true,"href":"https:\/\/www.europesays.com\/de\/wp-json\/wp\/v2\/comments?post=776616"}],"version-history":[{"count":0,"href":"https:\/\/www.europesays.com\/de\/wp-json\/wp\/v2\/posts\/776616\/revisions"}],"wp:featuredmedia":[{"embeddable":true,"href":"https:\/\/www.europesays.com\/de\/wp-json\/wp\/v2\/media\/776617"}],"wp:attachment":[{"href":"https:\/\/www.europesays.com\/de\/wp-json\/wp\/v2\/media?parent=776616"}],"wp:term":[{"taxonomy":"category","embeddable":true,"href":"https:\/\/www.europesays.com\/de\/wp-json\/wp\/v2\/categories?post=776616"},{"taxonomy":"post_tag","embeddable":true,"href":"https:\/\/www.europesays.com\/de\/wp-json\/wp\/v2\/tags?post=776616"}],"curies":[{"name":"wp","href":"https:\/\/api.w.org\/{rel}","templated":true}]}}