{"id":776716,"date":"2026-02-06T15:08:13","date_gmt":"2026-02-06T15:08:13","guid":{"rendered":"https:\/\/www.europesays.com\/de\/776716\/"},"modified":"2026-02-06T15:08:13","modified_gmt":"2026-02-06T15:08:13","slug":"rb-leipzig-in-koeln-ole-werner-macht-brajan-gruda-startelf-hoffnung-sport","status":"publish","type":"post","link":"https:\/\/www.europesays.com\/de\/776716\/","title":{"rendered":"RB Leipzig in K\u00f6ln: Ole Werner macht Brajan Gruda Startelf-Hoffnung | Sport"},"content":{"rendered":"<p><a class=\"skip-content skip-content--link\" href=\"#in-content-skip-link-target-v-0-0\">TTS-Player \u00fcberspringen\u21b5<\/a><a id=\"in-content-skip-link-target-v-0-0\" class=\"skip-content--target-link-hidden skip-content skip-content--target-link\" href=\"#in-content-skip-link-target-v-0-0\">Artikel weiterlesen<\/a><\/p>\n<p><b>Nur mit einem Dreier bleibt es ruhig bei <\/b><a href=\"https:\/\/www.bild.de\/sport\/fussball\/rb-leipzig\/startseite-leipzig-31148870.bild.html\" class=\"text-link\" rel=\"nofollow noopener\" target=\"_blank\"><b>RB Leipzig<\/b><\/a><b>! Nach nur sieben Punkten aus den vergangenen sieben Spielen herrscht am Sonntag (15.30 Uhr) Sieg-Pflicht in K\u00f6ln. Ein Faktor dabei soll Winter-Zugang Brajan Gruda (21) sein, der unbelastet vom Abw\u00e4rtstrend aufdribbeln kann. Und Trainer Ole Werner (37) macht dem Mittelfeld-Juwel Startelf-Hoffnung!<\/b><\/p>\n<p>Seit Sonntagnacht ist er in Leipzig. Seit Mittwoch trainiert er mit der Mannschaft. Darf Gruda direkt von Beginn an ran? Der Ex-Mainzer ist hei\u00df, sagt: \u201eIch bin topfit und bereit.\u201c Trainer Werner: \u201eBrajan steht komplett im Saft. Er ist f\u00fcr alle Planungen eine Option.\u201c Hei\u00dft: Werner denkt auch schon an einen Startelf-Einsatz.<\/p>\n<p>Mehr zum ThemaMuss Schlager f\u00fcr Gruda auf die Bank?<\/p>\n<p>Grund f\u00fcr einen Blitz-Start kann die Unbek\u00fcmmertheit von Gruda sein. \u201eEr ist das, was wir gesucht haben: Er hat einen Spielwitz, eine gute Aggressivit\u00e4t und Schlitzohrigkeit\u201c, sagt Werner. \u201eIch bin froh, dass wir ihn dazugeholt haben.\u201c<\/p>\n<p>Doch wer m\u00fcsste f\u00fcr Gruda aus der Startelf weichen? Werner: \u201eDie Achter- und Zehnerpositionen sind seine Paraderollen.  Er k\u00f6nnte auch mal auf dem Fl\u00fcgel spielen. Aber ich sehe ihn eher im Zentrum.\u201c Also m\u00fcssen Christoph Baumgartner (26\/kommt nach Gelb-Sperre zur\u00fcck) und Xaver Schlager (28) zittern.<\/p>\n<p>Ideal w\u00e4re Gruda als Schlager-Ersatz. Doch nimmt Werner den \u00d6sterreicher einen Tag nach der Absage an einer Vertragsverl\u00e4ngerung aus dem Team? \u201eXaver ist ein wichtiger Teil der Mannschaft. Wir erreichen unsere Ziele besser mit ihm als ohne ihn\u201c, sagt der Coach.<\/p>\n<p>Fu\u00dfball-Fans weinen: Die tragische Geschichte hinter der Olympia-Er\u00f6ffnungsfeier<a class=\"anchor video-teaser__anchor\" href=\"https:\/\/www.bild.de\/sport\/olympia\/fussball-fans-weinen-die-tragische-geschichte-hinter-der-olympia-eroeffnungsfeier-6985c66e1ec9885e0fe65d34\" rel=\"nofollow noopener\" target=\"_blank\"><img decoding=\"async\" width=\"992\" height=\"558\" alt=\"\" src=\"https:\/\/www.europesays.com\/de\/wp-content\/uploads\/2026\/02\/3f44165314712fa8319a08fd11b75537,76f987c8.jpeg\"   class=\"landscape teaser__image\" loading=\"lazy\"\/><\/a><\/p>\n<p>Quelle: Youtube @maluphotography16, AC Mailand06.02.2026<\/p>\n<p>K\u00f6ln wird f\u00fcr Werner \u201eein wichtiges Spiel\u201c<\/p>\n<p>Und diese Ziele sind akut gef\u00e4hrdet. F\u00fcr die Champions League muss RB in K\u00f6ln gewinnen \u2013 und wieder besser spielen. \u201eEs ist ein wichtiges Spiel\u201c, sagt Werner. \u201eWir m\u00fcssen einiges als Mannschaft besser l\u00f6sen, eine andere Klarheit zeigen, eine geringere Fehlerquote mit dem Ball haben und d\u00fcrfen nicht mehr so viele leichte Ballverluste haben.\u201c<\/p>\n<p>Werner mit klaren Forderungen ans Team. \u201eWir sind zuletzt unter unseren M\u00f6glichkeiten geblieben. Das m\u00fcssen wir besser hinbekommen\u201c, sagt er. Daf\u00fcr geht Werner auch etwas anders mit der Mannschaft um. \u201eDie Ansprachen ver\u00e4ndern sich\u201c, verr\u00e4t der Trainer: \u201eAuf gewisse Dinge weist man intensiver hin.\u201c<\/p>\n<p>Und dann gibt es ja noch den neuen Gruda-Faktor \u2026<\/p>\n","protected":false},"excerpt":{"rendered":"TTS-Player \u00fcberspringen\u21b5Artikel weiterlesen Nur mit einem Dreier bleibt es ruhig bei RB Leipzig! Nach nur sieben Punkten aus&hellip;\n","protected":false},"author":2,"featured_media":776717,"comment_status":"","ping_status":"","sticky":false,"template":"","format":"standard","meta":{"footnotes":"","_share_on_mastodon":"0"},"categories":[1828],"tags":[623,29,538,30,61496,1420,1209,1655,803,3460,4581,45,539],"class_list":["post-776716","post","type-post","status-publish","format-standard","has-post-thumbnail","category-koeln","tag-1-fc-koeln","tag-deutschland","tag-erste-bundesliga","tag-germany","tag-gruda-brajan","tag-koeln","tag-nordrhein-westfalen","tag-rb-leipzig","tag-spielertransfer","tag-sport-leuchtturm-leipzig","tag-sport-tag-im-ticker","tag-texttospeech","tag-werner-ole"],"share_on_mastodon":{"url":"https:\/\/pubeurope.com\/@de\/116024318675707301","error":""},"_links":{"self":[{"href":"https:\/\/www.europesays.com\/de\/wp-json\/wp\/v2\/posts\/776716","targetHints":{"allow":["GET"]}}],"collection":[{"href":"https:\/\/www.europesays.com\/de\/wp-json\/wp\/v2\/posts"}],"about":[{"href":"https:\/\/www.europesays.com\/de\/wp-json\/wp\/v2\/types\/post"}],"author":[{"embeddable":true,"href":"https:\/\/www.europesays.com\/de\/wp-json\/wp\/v2\/users\/2"}],"replies":[{"embeddable":true,"href":"https:\/\/www.europesays.com\/de\/wp-json\/wp\/v2\/comments?post=776716"}],"version-history":[{"count":0,"href":"https:\/\/www.europesays.com\/de\/wp-json\/wp\/v2\/posts\/776716\/revisions"}],"wp:featuredmedia":[{"embeddable":true,"href":"https:\/\/www.europesays.com\/de\/wp-json\/wp\/v2\/media\/776717"}],"wp:attachment":[{"href":"https:\/\/www.europesays.com\/de\/wp-json\/wp\/v2\/media?parent=776716"}],"wp:term":[{"taxonomy":"category","embeddable":true,"href":"https:\/\/www.europesays.com\/de\/wp-json\/wp\/v2\/categories?post=776716"},{"taxonomy":"post_tag","embeddable":true,"href":"https:\/\/www.europesays.com\/de\/wp-json\/wp\/v2\/tags?post=776716"}],"curies":[{"name":"wp","href":"https:\/\/api.w.org\/{rel}","templated":true}]}}