{"id":776725,"date":"2026-02-06T15:13:10","date_gmt":"2026-02-06T15:13:10","guid":{"rendered":"https:\/\/www.europesays.com\/de\/776725\/"},"modified":"2026-02-06T15:13:10","modified_gmt":"2026-02-06T15:13:10","slug":"notzeit-soll-hirsche-und-wildschweine-vor-dem-hungern-bewahren","status":"publish","type":"post","link":"https:\/\/www.europesays.com\/de\/776725\/","title":{"rendered":"&#8222;Notzeit&#8220; soll Hirsche und Wildschweine vor dem Hungern bewahren"},"content":{"rendered":"<p>Hamann ist t\u00e4glich unterwegs in der Schorfheide im Landkreis Barnim, um die Lage zu beobachten. Bereits seit Mitte vergangener Woche ist sogar der Wald komplett vereist. Die Lage versch\u00e4rfe sich von Tag zu Tag aufgrund der dicken Eisschicht. &#8222;Wir haben Bereiche hier bei uns, da haben wir so durchschnittlich drei Zentimeter Eisschicht.&#8220; In manchen Bereichen seien bis zu f\u00fcnf Zentimeter m\u00f6glich, sagt er.<\/p>\n<p>Rehe, Wildschweine und andere Tiere f\u00e4nden so nichts zu fressen und ihre Reserven seien aufgebraucht, sagt Kai Hamann. Die Eisschichten bereiteten den Tieren zudem weitere Probleme: &#8222;Hier sieht man um jeden einzelnen Ast dieser Eisschicht ringsherum&#8220;, sagt er, w\u00e4hrend er ein entsprechendes Bild auf seinem Handy zeigt. Die Wildtiere k\u00f6nnten sich die F\u00fc\u00dfe aufschneiden, wenn sie in die Eisschicht einbrechen. &#8222;Ich habe es an meinen eigenen Hunden gesehen, dass die keine Freude hatten, auf den Freifl\u00e4chen zu laufen&#8220;, sagt Hamann. &#8222;Das tut offensichtlich sehr weh und das ist auch die Gefahr f\u00fcr unsere Wildtiere, insbesondere wenn sie fl\u00fcchten m\u00fcssen.\u201c<\/p>\n","protected":false},"excerpt":{"rendered":"Hamann ist t\u00e4glich unterwegs in der Schorfheide im Landkreis Barnim, um die Lage zu beobachten. Bereits seit Mitte&hellip;\n","protected":false},"author":2,"featured_media":776726,"comment_status":"","ping_status":"","sticky":false,"template":"","format":"standard","meta":{"footnotes":"","_share_on_mastodon":"0"},"categories":[1816],"tags":[1960,1958,1959,1957,138267,1956,1890,29,30,122047,134296,136450,167825],"class_list":["post-776725","post","type-post","status-publish","format-standard","has-post-thumbnail","category-brandenburg","tag-aktuelle-nachrichten-aus-berlin-und-brandenburg","tag-aktuelle-nachrichten-aus-brandenburg","tag-aktuelle-news-aus-berlin-und-brandenburg","tag-aktuelle-news-aus-brandenburg","tag-barnim","tag-berlin-und-brandenburg","tag-brandenburg","tag-deutschland","tag-germany","tag-oder-spree","tag-rbb24tagesschau","tag-rbb24tiere","tag-rbb24wetter"],"share_on_mastodon":{"url":"https:\/\/pubeurope.com\/@de\/116024338340889354","error":""},"_links":{"self":[{"href":"https:\/\/www.europesays.com\/de\/wp-json\/wp\/v2\/posts\/776725","targetHints":{"allow":["GET"]}}],"collection":[{"href":"https:\/\/www.europesays.com\/de\/wp-json\/wp\/v2\/posts"}],"about":[{"href":"https:\/\/www.europesays.com\/de\/wp-json\/wp\/v2\/types\/post"}],"author":[{"embeddable":true,"href":"https:\/\/www.europesays.com\/de\/wp-json\/wp\/v2\/users\/2"}],"replies":[{"embeddable":true,"href":"https:\/\/www.europesays.com\/de\/wp-json\/wp\/v2\/comments?post=776725"}],"version-history":[{"count":0,"href":"https:\/\/www.europesays.com\/de\/wp-json\/wp\/v2\/posts\/776725\/revisions"}],"wp:featuredmedia":[{"embeddable":true,"href":"https:\/\/www.europesays.com\/de\/wp-json\/wp\/v2\/media\/776726"}],"wp:attachment":[{"href":"https:\/\/www.europesays.com\/de\/wp-json\/wp\/v2\/media?parent=776725"}],"wp:term":[{"taxonomy":"category","embeddable":true,"href":"https:\/\/www.europesays.com\/de\/wp-json\/wp\/v2\/categories?post=776725"},{"taxonomy":"post_tag","embeddable":true,"href":"https:\/\/www.europesays.com\/de\/wp-json\/wp\/v2\/tags?post=776725"}],"curies":[{"name":"wp","href":"https:\/\/api.w.org\/{rel}","templated":true}]}}